{"id":4843,"date":"2023-01-05T15:16:45","date_gmt":"2023-01-05T12:16:45","guid":{"rendered":"http:\/\/site.zile.bel.tr\/?p=4843"},"modified":"2023-01-05T15:16:45","modified_gmt":"2023-01-05T12:16:45","slug":"milli-savunma-universitesi-rektoru-afyoncu-baskan-sargini-ziyaret-etti","status":"publish","type":"post","link":"http:\/\/site.zile.bel.tr\/index.php\/2023\/01\/05\/milli-savunma-universitesi-rektoru-afyoncu-baskan-sargini-ziyaret-etti\/","title":{"rendered":"Milli Savunma \u00dcniversitesi Rekt\u00f6r\u00fc Afyoncu, Ba\u015fkan Sarg\u0131n\u2019\u0131 ziyaret etti"},"content":{"rendered":"<p>Milli Savunma \u00dcniversitesi Rekt\u00f6r\u00fc Afyoncu, Ba\u015fkan Sarg\u0131n\u2019\u0131 ziyaret etti<\/p>\n<p>Milli Savunma \u00dcniversitesi Rekt\u00f6r\u00fc Prof. Dr. Erhan Afyoncu, Zile Belediye Ba\u015fkan\u0131 \u015e\u00fckr\u00fc Sarg\u0131n\u2019\u0131 makam\u0131nda ziyaret etti.<\/p>\n<p><img loading=\"lazy\" decoding=\"async\" class=\"alignnone wp-image-4844\" src=\"http:\/\/site.zile.bel.tr\/wp-content\/uploads\/2023\/01\/1a-300x225.jpg\" alt=\"\" width=\"800\" height=\"600\" srcset=\"http:\/\/site.zile.bel.tr\/wp-content\/uploads\/2023\/01\/1a-300x225.jpg 300w, http:\/\/site.zile.bel.tr\/wp-content\/uploads\/2023\/01\/1a-1024x768.jpg 1024w, http:\/\/site.zile.bel.tr\/wp-content\/uploads\/2023\/01\/1a-768x576.jpg 768w, http:\/\/site.zile.bel.tr\/wp-content\/uploads\/2023\/01\/1a-1536x1152.jpg 1536w, http:\/\/site.zile.bel.tr\/wp-content\/uploads\/2023\/01\/1a.jpg 1600w\" sizes=\"auto, (max-width: 800px) 100vw, 800px\" \/><\/p>\n<p>Tokat\u2019ta gelen Milli Savunma \u00dcniversitesi Rekt\u00f6r\u00fc Erhan Afyoncu, Ba\u015fkan Sarg\u0131n\u2019a kitap hediyesini taktim ederek, \u00fcniversitede yap\u0131lan projeler hakk\u0131nda bilgilendirmede bulundu.<\/p>\n<p><img loading=\"lazy\" decoding=\"async\" class=\"alignnone wp-image-4845\" src=\"http:\/\/site.zile.bel.tr\/wp-content\/uploads\/2023\/01\/2a-300x225.jpg\" alt=\"\" width=\"800\" height=\"600\" srcset=\"http:\/\/site.zile.bel.tr\/wp-content\/uploads\/2023\/01\/2a-300x225.jpg 300w, http:\/\/site.zile.bel.tr\/wp-content\/uploads\/2023\/01\/2a-1024x768.jpg 1024w, http:\/\/site.zile.bel.tr\/wp-content\/uploads\/2023\/01\/2a-768x576.jpg 768w, http:\/\/site.zile.bel.tr\/wp-content\/uploads\/2023\/01\/2a-1536x1152.jpg 1536w, http:\/\/site.zile.bel.tr\/wp-content\/uploads\/2023\/01\/2a.jpg 1600w\" sizes=\"auto, (max-width: 800px) 100vw, 800px\" \/><\/p>\n<p>Milli Savunma \u00dcniversitesi Rekt\u00f6r\u00fc Prof. Dr. Erhan Afyoncu\u2019yu makam\u0131nda a\u011f\u0131rlayan ve ziyaretten duydu\u011fu memnuniyeti dile getiren Zile Belediye Ba\u015fkan\u0131 \u015e\u00fckr\u00fc Sarg\u0131n, Rekt\u00f6r Afyoncu\u2019ya Zile\u2019ye \u00f6zel haz\u0131rlanan saat takdim ederek, nazik ziyaretlerinden dolay\u0131 te\u015fekk\u00fcr etti ve \u00e7al\u0131\u015fmalar\u0131nda ba\u015far\u0131lar diledi.<\/p>\n<p>&nbsp;<\/p>\n","protected":false},"excerpt":{"rendered":"<p>Milli Savunma \u00dcniversitesi Rekt\u00f6r\u00fc Afyoncu, Ba\u015fkan Sarg\u0131n\u2019\u0131 ziyaret etti Milli Savunma \u00dcniversitesi Rekt\u00f6r\u00fc Prof. Dr. Erhan Afyoncu, Zile Belediye Ba\u015fkan\u0131 \u015e\u00fckr\u00fc Sarg\u0131n\u2019\u0131 makam\u0131nda ziyaret etti. Tokat\u2019ta gelen Milli Savunma \u00dcniversitesi Rekt\u00f6r\u00fc Erhan Afyoncu, Ba\u015fkan Sarg\u0131n\u2019a kitap hediyesini taktim ederek, \u00fcniversitede yap\u0131lan projeler hakk\u0131nda bilgilendirmede bulundu. Milli Savunma \u00dcniversitesi Rekt\u00f6r\u00fc Prof. Dr. Erhan Afyoncu\u2019yu makam\u0131nda a\u011f\u0131rlayan [&hellip;]<\/p>\n","protected":false},"author":1,"featured_media":4844,"comment_status":"open","ping_status":"open","sticky":false,"template":"","format":"standard","meta":{"footnotes":""},"categories":[11],"tags":[],"class_list":["post-4843","post","type-post","status-publish","format-standard","has-post-thumbnail","hentry","category-haberler"],"_links":{"self":[{"href":"http:\/\/site.zile.bel.tr\/index.php\/wp-json\/wp\/v2\/posts\/4843","targetHints":{"allow":["GET"]}}],"collection":[{"href":"http:\/\/site.zile.bel.tr\/index.php\/wp-json\/wp\/v2\/posts"}],"about":[{"href":"http:\/\/site.zile.bel.tr\/index.php\/wp-json\/wp\/v2\/types\/post"}],"author":[{"embeddable":true,"href":"http:\/\/site.zile.bel.tr\/index.php\/wp-json\/wp\/v2\/users\/1"}],"replies":[{"embeddable":true,"href":"http:\/\/site.zile.bel.tr\/index.php\/wp-json\/wp\/v2\/comments?post=4843"}],"version-history":[{"count":1,"href":"http:\/\/site.zile.bel.tr\/index.php\/wp-json\/wp\/v2\/posts\/4843\/revisions"}],"predecessor-version":[{"id":4846,"href":"http:\/\/site.zile.bel.tr\/index.php\/wp-json\/wp\/v2\/posts\/4843\/revisions\/4846"}],"wp:featuredmedia":[{"embeddable":true,"href":"http:\/\/site.zile.bel.tr\/index.php\/wp-json\/wp\/v2\/media\/4844"}],"wp:attachment":[{"href":"http:\/\/site.zile.bel.tr\/index.php\/wp-json\/wp\/v2\/media?parent=4843"}],"wp:term":[{"taxonomy":"category","embeddable":true,"href":"http:\/\/site.zile.bel.tr\/index.php\/wp-json\/wp\/v2\/categories?post=4843"},{"taxonomy":"post_tag","embeddable":true,"href":"http:\/\/site.zile.bel.tr\/index.php\/wp-json\/wp\/v2\/tags?post=4843"}],"curies":[{"name":"wp","href":"https:\/\/api.w.org\/{rel}","templated":true}]}}