{"id":4947,"date":"2023-01-23T17:42:55","date_gmt":"2023-01-23T14:42:55","guid":{"rendered":"http:\/\/site.zile.bel.tr\/?p=4947"},"modified":"2023-01-24T08:47:14","modified_gmt":"2023-01-24T05:47:14","slug":"tbmm-anayasa-komisyonu-baskani-tokat-milletvekili-yusuf-beyazit-zile-belediye-baskani-sukru-sargini-makaminda-ziyaret-etti","status":"publish","type":"post","link":"http:\/\/site.zile.bel.tr\/index.php\/2023\/01\/23\/tbmm-anayasa-komisyonu-baskani-tokat-milletvekili-yusuf-beyazit-zile-belediye-baskani-sukru-sargini-makaminda-ziyaret-etti\/","title":{"rendered":"TBMM Anayasa Komisyonu Ba\u015fkan\u0131 Tokat Milletvekili Yusuf Beyaz\u0131t, Zile Belediye Ba\u015fkan\u0131 \u015e\u00fckr\u00fc Sarg\u0131n\u2019\u0131 Makam\u0131nda Ziyaret Etti"},"content":{"rendered":"<div class=\"x11i5rnm xat24cr x1mh8g0r x1vvkbs xdj266r x126k92a\">\n<div dir=\"auto\">TBMM Anayasa Komisyonu Ba\u015fkan\u0131 Tokat Milletvekili Yusuf Beyaz\u0131t, Zile Belediye Ba\u015fkan\u0131 \u015e\u00fckr\u00fc Sarg\u0131n\u2019\u0131 makam\u0131nda ziyaret etti.<\/div>\n<div dir=\"auto\"><\/div>\n<\/div>\n<div class=\"x11i5rnm xat24cr x1mh8g0r x1vvkbs xtlvy1s x126k92a\">\n<div dir=\"auto\">Misafirlerini makam\u0131nda a\u011f\u0131rlayan Ba\u015fkan Sarg\u0131n, ziyaretten duydu\u011fu memnuniyeti ifade ederek TBMM Anayasa Komisyonu Ba\u015fkan\u0131 Tokat Milletvekili Yusuf Beyaz\u0131t ve ekibine ziyaretleri sebebiyle te\u015fekk\u00fcr etti.<\/div>\n<div dir=\"auto\"><\/div>\n<div dir=\"auto\"><img loading=\"lazy\" decoding=\"async\" class=\"alignnone wp-image-4948\" src=\"http:\/\/site.zile.bel.tr\/wp-content\/uploads\/2023\/01\/323786756_3378666759040993_3303958856701346536_n-300x219.jpg\" alt=\"\" width=\"800\" height=\"583\" srcset=\"http:\/\/site.zile.bel.tr\/wp-content\/uploads\/2023\/01\/323786756_3378666759040993_3303958856701346536_n-300x219.jpg 300w, http:\/\/site.zile.bel.tr\/wp-content\/uploads\/2023\/01\/323786756_3378666759040993_3303958856701346536_n-768x560.jpg 768w, http:\/\/site.zile.bel.tr\/wp-content\/uploads\/2023\/01\/323786756_3378666759040993_3303958856701346536_n.jpg 960w\" sizes=\"auto, (max-width: 800px) 100vw, 800px\" \/><\/div>\n<div dir=\"auto\">\n\n\t\t<style type=\"text\/css\">\n\t\t\t#gallery-1 {\n\t\t\t\tmargin: auto;\n\t\t\t}\n\t\t\t#gallery-1 .gallery-item {\n\t\t\t\tfloat: left;\n\t\t\t\tmargin-top: 10px;\n\t\t\t\ttext-align: center;\n\t\t\t\twidth: 33%;\n\t\t\t}\n\t\t\t#gallery-1 img {\n\t\t\t\tborder: 2px solid #cfcfcf;\n\t\t\t}\n\t\t\t#gallery-1 .gallery-caption {\n\t\t\t\tmargin-left: 0;\n\t\t\t}\n\t\t\t\/* see gallery_shortcode() in wp-includes\/media.php *\/\n\t\t<\/style>\n\t\t<div id='gallery-1' class='gallery galleryid-4947 gallery-columns-3 gallery-size-thumbnail'><dl class='gallery-item'>\n\t\t\t<dt class='gallery-icon landscape'>\n\t\t\t\t<a href='http:\/\/site.zile.bel.tr\/wp-content\/uploads\/2023\/01\/323786756_3378666759040993_3303958856701346536_n-1.jpg'><img loading=\"lazy\" decoding=\"async\" width=\"150\" height=\"150\" src=\"http:\/\/site.zile.bel.tr\/wp-content\/uploads\/2023\/01\/323786756_3378666759040993_3303958856701346536_n-1-150x150.jpg\" class=\"attachment-thumbnail size-thumbnail\" alt=\"\" \/><\/a>\n\t\t\t<\/dt><\/dl><dl class='gallery-item'>\n\t\t\t<dt class='gallery-icon landscape'>\n\t\t\t\t<a href='http:\/\/site.zile.bel.tr\/wp-content\/uploads\/2023\/01\/326487995_1305846733649496_5227502076253402147_n.jpg'><img loading=\"lazy\" decoding=\"async\" width=\"150\" height=\"150\" src=\"http:\/\/site.zile.bel.tr\/wp-content\/uploads\/2023\/01\/326487995_1305846733649496_5227502076253402147_n-150x150.jpg\" class=\"attachment-thumbnail size-thumbnail\" alt=\"\" \/><\/a>\n\t\t\t<\/dt><\/dl>\n\t\t\t<br style='clear: both' \/>\n\t\t<\/div>\n\n<\/div>\n<div dir=\"auto\"><\/div>\n<\/div>\n","protected":false},"excerpt":{"rendered":"<p>TBMM Anayasa Komisyonu Ba\u015fkan\u0131 Tokat Milletvekili Yusuf Beyaz\u0131t, Zile Belediye Ba\u015fkan\u0131 \u015e\u00fckr\u00fc Sarg\u0131n\u2019\u0131 makam\u0131nda ziyaret etti. Misafirlerini makam\u0131nda a\u011f\u0131rlayan Ba\u015fkan Sarg\u0131n, ziyaretten duydu\u011fu memnuniyeti ifade ederek TBMM Anayasa Komisyonu Ba\u015fkan\u0131 Tokat Milletvekili Yusuf Beyaz\u0131t ve ekibine ziyaretleri sebebiyle te\u015fekk\u00fcr etti.<\/p>\n","protected":false},"author":1,"featured_media":4948,"comment_status":"open","ping_status":"open","sticky":false,"template":"","format":"standard","meta":{"footnotes":""},"categories":[11],"tags":[],"class_list":["post-4947","post","type-post","status-publish","format-standard","has-post-thumbnail","hentry","category-haberler"],"_links":{"self":[{"href":"http:\/\/site.zile.bel.tr\/index.php\/wp-json\/wp\/v2\/posts\/4947","targetHints":{"allow":["GET"]}}],"collection":[{"href":"http:\/\/site.zile.bel.tr\/index.php\/wp-json\/wp\/v2\/posts"}],"about":[{"href":"http:\/\/site.zile.bel.tr\/index.php\/wp-json\/wp\/v2\/types\/post"}],"author":[{"embeddable":true,"href":"http:\/\/site.zile.bel.tr\/index.php\/wp-json\/wp\/v2\/users\/1"}],"replies":[{"embeddable":true,"href":"http:\/\/site.zile.bel.tr\/index.php\/wp-json\/wp\/v2\/comments?post=4947"}],"version-history":[{"count":1,"href":"http:\/\/site.zile.bel.tr\/index.php\/wp-json\/wp\/v2\/posts\/4947\/revisions"}],"predecessor-version":[{"id":4951,"href":"http:\/\/site.zile.bel.tr\/index.php\/wp-json\/wp\/v2\/posts\/4947\/revisions\/4951"}],"wp:featuredmedia":[{"embeddable":true,"href":"http:\/\/site.zile.bel.tr\/index.php\/wp-json\/wp\/v2\/media\/4948"}],"wp:attachment":[{"href":"http:\/\/site.zile.bel.tr\/index.php\/wp-json\/wp\/v2\/media?parent=4947"}],"wp:term":[{"taxonomy":"category","embeddable":true,"href":"http:\/\/site.zile.bel.tr\/index.php\/wp-json\/wp\/v2\/categories?post=4947"},{"taxonomy":"post_tag","embeddable":true,"href":"http:\/\/site.zile.bel.tr\/index.php\/wp-json\/wp\/v2\/tags?post=4947"}],"curies":[{"name":"wp","href":"https:\/\/api.w.org\/{rel}","templated":true}]}}