{"id":5047,"date":"2023-02-20T16:49:31","date_gmt":"2023-02-20T13:49:31","guid":{"rendered":"http:\/\/site.zile.bel.tr\/?p=5047"},"modified":"2023-02-20T16:49:32","modified_gmt":"2023-02-20T13:49:32","slug":"zile-belediye-baskani-sukru-sargin-ile-is-adami-cemalettin-dincer-tokat-gaziosmanpasa-universitesi-rektoru-prof-dr-fatih-yilmaza-hayirli-olsun-ziyaretinde-bulundu","status":"publish","type":"post","link":"http:\/\/site.zile.bel.tr\/index.php\/2023\/02\/20\/zile-belediye-baskani-sukru-sargin-ile-is-adami-cemalettin-dincer-tokat-gaziosmanpasa-universitesi-rektoru-prof-dr-fatih-yilmaza-hayirli-olsun-ziyaretinde-bulundu\/","title":{"rendered":"Zile Belediye Ba\u015fkan\u0131 \u015e\u00fckr\u00fc Sarg\u0131n ile \u0130\u015f Adam\u0131 Cemalettin Din\u00e7er, Tokat Gaziosmanpa\u015fa \u00dcniversitesi Rekt\u00f6r\u00fc Prof. Dr. Fatih Y\u0131lmaz\u2019a Hay\u0131rl\u0131 Olsun Ziyaretinde Bulundu"},"content":{"rendered":"<p>Zile Belediye Ba\u015fkan\u0131 \u015e\u00fckr\u00fc SARGIN ile \u0130\u015f Adam\u0131 Cemalettin D\u0130N\u00c7ER, Tokat Gaziosmanpa\u015fa \u00dcniversitesi Rekt\u00f6r\u00fc Prof. Dr. Fatih YILMAZ\u2019a hay\u0131rl\u0131 olsun ziyaretinde bulundu.<\/p>\n<p>Rekt\u00f6rl\u00fck makam\u0131nda ger\u00e7ekle\u015fen ziyarette kar\u015f\u0131l\u0131kl\u0131 fikir al\u0131\u015fveri\u015finde bulunuldu. Zile Belediye Ba\u015fkan\u0131 \u015e\u00fckr\u00fc SARGIN ve i\u015f adam\u0131 Cemalettin D\u0130N\u00c7ER, Rekt\u00f6r Y\u0131lmaz\u2019\u0131 tebrik ederek yeni g\u00f6revlerinde ba\u015far\u0131lar diledi. Rekt\u00f6r Fatih Y\u0131lmaz ise Ba\u015fkan SARGIN ve D\u0130N\u00c7ER\u2019e nazik ziyaretlerinden ve iyi dileklerinden dolay\u0131 te\u015fekk\u00fcrlerini iletti.<\/p>\n<p><img loading=\"lazy\" decoding=\"async\" class=\"alignnone wp-image-5048\" src=\"http:\/\/site.zile.bel.tr\/wp-content\/uploads\/2023\/02\/331672741_671464324668598_2728663454639309765_n-300x200.jpg\" alt=\"\" width=\"800\" height=\"533\" srcset=\"http:\/\/site.zile.bel.tr\/wp-content\/uploads\/2023\/02\/331672741_671464324668598_2728663454639309765_n-300x200.jpg 300w, http:\/\/site.zile.bel.tr\/wp-content\/uploads\/2023\/02\/331672741_671464324668598_2728663454639309765_n-768x512.jpg 768w, http:\/\/site.zile.bel.tr\/wp-content\/uploads\/2023\/02\/331672741_671464324668598_2728663454639309765_n.jpg 960w\" sizes=\"auto, (max-width: 800px) 100vw, 800px\" \/><\/p>\n","protected":false},"excerpt":{"rendered":"<p>Zile Belediye Ba\u015fkan\u0131 \u015e\u00fckr\u00fc SARGIN ile \u0130\u015f Adam\u0131 Cemalettin D\u0130N\u00c7ER, Tokat Gaziosmanpa\u015fa \u00dcniversitesi Rekt\u00f6r\u00fc Prof. Dr. Fatih YILMAZ\u2019a hay\u0131rl\u0131 olsun ziyaretinde bulundu. Rekt\u00f6rl\u00fck makam\u0131nda ger\u00e7ekle\u015fen ziyarette kar\u015f\u0131l\u0131kl\u0131 fikir al\u0131\u015fveri\u015finde bulunuldu. Zile Belediye Ba\u015fkan\u0131 \u015e\u00fckr\u00fc SARGIN ve i\u015f adam\u0131 Cemalettin D\u0130N\u00c7ER, Rekt\u00f6r Y\u0131lmaz\u2019\u0131 tebrik ederek yeni g\u00f6revlerinde ba\u015far\u0131lar diledi. Rekt\u00f6r Fatih Y\u0131lmaz ise Ba\u015fkan SARGIN ve [&hellip;]<\/p>\n","protected":false},"author":1,"featured_media":5048,"comment_status":"open","ping_status":"open","sticky":false,"template":"","format":"standard","meta":{"footnotes":""},"categories":[11],"tags":[],"class_list":["post-5047","post","type-post","status-publish","format-standard","has-post-thumbnail","hentry","category-haberler"],"_links":{"self":[{"href":"http:\/\/site.zile.bel.tr\/index.php\/wp-json\/wp\/v2\/posts\/5047","targetHints":{"allow":["GET"]}}],"collection":[{"href":"http:\/\/site.zile.bel.tr\/index.php\/wp-json\/wp\/v2\/posts"}],"about":[{"href":"http:\/\/site.zile.bel.tr\/index.php\/wp-json\/wp\/v2\/types\/post"}],"author":[{"embeddable":true,"href":"http:\/\/site.zile.bel.tr\/index.php\/wp-json\/wp\/v2\/users\/1"}],"replies":[{"embeddable":true,"href":"http:\/\/site.zile.bel.tr\/index.php\/wp-json\/wp\/v2\/comments?post=5047"}],"version-history":[{"count":1,"href":"http:\/\/site.zile.bel.tr\/index.php\/wp-json\/wp\/v2\/posts\/5047\/revisions"}],"predecessor-version":[{"id":5049,"href":"http:\/\/site.zile.bel.tr\/index.php\/wp-json\/wp\/v2\/posts\/5047\/revisions\/5049"}],"wp:featuredmedia":[{"embeddable":true,"href":"http:\/\/site.zile.bel.tr\/index.php\/wp-json\/wp\/v2\/media\/5048"}],"wp:attachment":[{"href":"http:\/\/site.zile.bel.tr\/index.php\/wp-json\/wp\/v2\/media?parent=5047"}],"wp:term":[{"taxonomy":"category","embeddable":true,"href":"http:\/\/site.zile.bel.tr\/index.php\/wp-json\/wp\/v2\/categories?post=5047"},{"taxonomy":"post_tag","embeddable":true,"href":"http:\/\/site.zile.bel.tr\/index.php\/wp-json\/wp\/v2\/tags?post=5047"}],"curies":[{"name":"wp","href":"https:\/\/api.w.org\/{rel}","templated":true}]}}