{"id":5050,"date":"2023-03-02T20:10:56","date_gmt":"2023-03-02T17:10:56","guid":{"rendered":"http:\/\/site.zile.bel.tr\/?p=5050"},"modified":"2023-03-03T08:15:25","modified_gmt":"2023-03-03T05:15:25","slug":"zile-belediyesi-agaclandirma-calismalarina-onem-veriyor","status":"publish","type":"post","link":"http:\/\/site.zile.bel.tr\/index.php\/2023\/03\/02\/zile-belediyesi-agaclandirma-calismalarina-onem-veriyor\/","title":{"rendered":"Zile Belediyesi A\u011fa\u00e7land\u0131rma \u00c7al\u0131\u015fmalar\u0131na \u00d6nem Veriyor"},"content":{"rendered":"<div class=\"x11i5rnm xat24cr x1mh8g0r x1vvkbs xdj266r x126k92a\">\n<div dir=\"auto\">Zile Belediyesi A\u011fa\u00e7land\u0131rma \u00c7al\u0131\u015fmalar\u0131na \u00d6nem Veriyor<\/div>\n<div dir=\"auto\"><\/div>\n<\/div>\n<div class=\"x11i5rnm xat24cr x1mh8g0r x1vvkbs xtlvy1s x126k92a\">\n<div dir=\"auto\">Zile Belediyesi, \u2018Daha ya\u015fan\u0131labilir \u00e7evre, daha ya\u015fan\u0131labilir Zile\u2019 hedefinden yola \u00e7\u0131karak, Zile\u2019yi g\u00f6r\u00fcn\u00fcm\u00fcyle ve havas\u0131yla ya\u015fan\u0131labilir bir il\u00e7e konumuna getirmek i\u00e7in a\u011fa\u00e7land\u0131rma \u00e7al\u0131\u015fmalar\u0131na devam ediyor.<\/div>\n<div dir=\"auto\">A\u011fa\u00e7land\u0131rma \u00e7al\u0131\u015fmalar\u0131 kapsam\u0131nda park alanlar\u0131na yakla\u015f\u0131k 100 a\u011fa\u00e7 dikimi ger\u00e7ekle\u015ftiren Zile Belediyesi, \u0130l\u00e7enin ihtiya\u00e7 duydu\u011fu park ve bah\u00e7e gibi pek \u00e7ok alanda a\u011fa\u00e7 dikim \u00e7al\u0131\u015fmalar\u0131n\u0131 s\u00fcrd\u00fcr\u00fcyor.<\/div>\n<div dir=\"auto\"><img loading=\"lazy\" decoding=\"async\" class=\"alignnone wp-image-5054\" src=\"http:\/\/site.zile.bel.tr\/wp-content\/uploads\/2023\/03\/331675910_224294809991893_1908770004501909942_n-300x200.jpg\" alt=\"\" width=\"800\" height=\"533\" srcset=\"http:\/\/site.zile.bel.tr\/wp-content\/uploads\/2023\/03\/331675910_224294809991893_1908770004501909942_n-300x200.jpg 300w, http:\/\/site.zile.bel.tr\/wp-content\/uploads\/2023\/03\/331675910_224294809991893_1908770004501909942_n-768x511.jpg 768w, http:\/\/site.zile.bel.tr\/wp-content\/uploads\/2023\/03\/331675910_224294809991893_1908770004501909942_n.jpg 960w\" sizes=\"auto, (max-width: 800px) 100vw, 800px\" \/><\/div>\n<div dir=\"auto\">\n\n\t\t<style type=\"text\/css\">\n\t\t\t#gallery-1 {\n\t\t\t\tmargin: auto;\n\t\t\t}\n\t\t\t#gallery-1 .gallery-item {\n\t\t\t\tfloat: left;\n\t\t\t\tmargin-top: 10px;\n\t\t\t\ttext-align: center;\n\t\t\t\twidth: 33%;\n\t\t\t}\n\t\t\t#gallery-1 img {\n\t\t\t\tborder: 2px solid #cfcfcf;\n\t\t\t}\n\t\t\t#gallery-1 .gallery-caption {\n\t\t\t\tmargin-left: 0;\n\t\t\t}\n\t\t\t\/* see gallery_shortcode() in wp-includes\/media.php *\/\n\t\t<\/style>\n\t\t<div id='gallery-1' class='gallery galleryid-5050 gallery-columns-3 gallery-size-thumbnail'><dl class='gallery-item'>\n\t\t\t<dt class='gallery-icon landscape'>\n\t\t\t\t<a href='http:\/\/site.zile.bel.tr\/wp-content\/uploads\/2023\/03\/331675910_224294809991893_1908770004501909942_n.jpg'><img loading=\"lazy\" decoding=\"async\" width=\"150\" height=\"150\" src=\"http:\/\/site.zile.bel.tr\/wp-content\/uploads\/2023\/03\/331675910_224294809991893_1908770004501909942_n-150x150.jpg\" class=\"attachment-thumbnail size-thumbnail\" alt=\"\" \/><\/a>\n\t\t\t<\/dt><\/dl><dl class='gallery-item'>\n\t\t\t<dt class='gallery-icon landscape'>\n\t\t\t\t<a href='http:\/\/site.zile.bel.tr\/wp-content\/uploads\/2023\/03\/328501479_764181388194164_4625902237952464529_n.jpg'><img loading=\"lazy\" decoding=\"async\" width=\"150\" height=\"150\" src=\"http:\/\/site.zile.bel.tr\/wp-content\/uploads\/2023\/03\/328501479_764181388194164_4625902237952464529_n-150x150.jpg\" class=\"attachment-thumbnail size-thumbnail\" alt=\"\" \/><\/a>\n\t\t\t<\/dt><\/dl><dl class='gallery-item'>\n\t\t\t<dt class='gallery-icon landscape'>\n\t\t\t\t<a href='http:\/\/site.zile.bel.tr\/wp-content\/uploads\/2023\/03\/334746199_922009592552987_7188103253861492196_n.jpg'><img loading=\"lazy\" decoding=\"async\" width=\"150\" height=\"150\" src=\"http:\/\/site.zile.bel.tr\/wp-content\/uploads\/2023\/03\/334746199_922009592552987_7188103253861492196_n-150x150.jpg\" class=\"attachment-thumbnail size-thumbnail\" alt=\"\" \/><\/a>\n\t\t\t<\/dt><\/dl><br style=\"clear: both\" \/><dl class='gallery-item'>\n\t\t\t<dt class='gallery-icon landscape'>\n\t\t\t\t<a href='http:\/\/site.zile.bel.tr\/wp-content\/uploads\/2023\/03\/331515028_871099060813845_422833600533387683_n.jpg'><img loading=\"lazy\" decoding=\"async\" width=\"150\" height=\"150\" src=\"http:\/\/site.zile.bel.tr\/wp-content\/uploads\/2023\/03\/331515028_871099060813845_422833600533387683_n-150x150.jpg\" class=\"attachment-thumbnail size-thumbnail\" alt=\"\" \/><\/a>\n\t\t\t<\/dt><\/dl><dl class='gallery-item'>\n\t\t\t<dt class='gallery-icon landscape'>\n\t\t\t\t<a href='http:\/\/site.zile.bel.tr\/wp-content\/uploads\/2023\/03\/334736485_3438028636476135_3898872133076781886_n.jpg'><img loading=\"lazy\" decoding=\"async\" width=\"150\" height=\"150\" src=\"http:\/\/site.zile.bel.tr\/wp-content\/uploads\/2023\/03\/334736485_3438028636476135_3898872133076781886_n-150x150.jpg\" class=\"attachment-thumbnail size-thumbnail\" alt=\"\" \/><\/a>\n\t\t\t<\/dt><\/dl><dl class='gallery-item'>\n\t\t\t<dt class='gallery-icon landscape'>\n\t\t\t\t<a href='http:\/\/site.zile.bel.tr\/wp-content\/uploads\/2023\/03\/323697655_108529285449077_5078176389011620165_n.jpg'><img loading=\"lazy\" decoding=\"async\" width=\"150\" height=\"150\" src=\"http:\/\/site.zile.bel.tr\/wp-content\/uploads\/2023\/03\/323697655_108529285449077_5078176389011620165_n-150x150.jpg\" class=\"attachment-thumbnail size-thumbnail\" alt=\"\" \/><\/a>\n\t\t\t<\/dt><\/dl><br style=\"clear: both\" \/>\n\t\t<\/div>\n\n<\/div>\n<div dir=\"auto\"><\/div>\n<\/div>\n","protected":false},"excerpt":{"rendered":"<p>Zile Belediyesi A\u011fa\u00e7land\u0131rma \u00c7al\u0131\u015fmalar\u0131na \u00d6nem Veriyor Zile Belediyesi, \u2018Daha ya\u015fan\u0131labilir \u00e7evre, daha ya\u015fan\u0131labilir Zile\u2019 hedefinden yola \u00e7\u0131karak, Zile\u2019yi g\u00f6r\u00fcn\u00fcm\u00fcyle ve havas\u0131yla ya\u015fan\u0131labilir bir il\u00e7e konumuna getirmek i\u00e7in a\u011fa\u00e7land\u0131rma \u00e7al\u0131\u015fmalar\u0131na devam ediyor. A\u011fa\u00e7land\u0131rma \u00e7al\u0131\u015fmalar\u0131 kapsam\u0131nda park alanlar\u0131na yakla\u015f\u0131k 100 a\u011fa\u00e7 dikimi ger\u00e7ekle\u015ftiren Zile Belediyesi, \u0130l\u00e7enin ihtiya\u00e7 duydu\u011fu park ve bah\u00e7e gibi pek \u00e7ok alanda a\u011fa\u00e7 dikim [&hellip;]<\/p>\n","protected":false},"author":1,"featured_media":5054,"comment_status":"open","ping_status":"open","sticky":false,"template":"","format":"standard","meta":{"footnotes":""},"categories":[11],"tags":[],"class_list":["post-5050","post","type-post","status-publish","format-standard","has-post-thumbnail","hentry","category-haberler"],"_links":{"self":[{"href":"http:\/\/site.zile.bel.tr\/index.php\/wp-json\/wp\/v2\/posts\/5050","targetHints":{"allow":["GET"]}}],"collection":[{"href":"http:\/\/site.zile.bel.tr\/index.php\/wp-json\/wp\/v2\/posts"}],"about":[{"href":"http:\/\/site.zile.bel.tr\/index.php\/wp-json\/wp\/v2\/types\/post"}],"author":[{"embeddable":true,"href":"http:\/\/site.zile.bel.tr\/index.php\/wp-json\/wp\/v2\/users\/1"}],"replies":[{"embeddable":true,"href":"http:\/\/site.zile.bel.tr\/index.php\/wp-json\/wp\/v2\/comments?post=5050"}],"version-history":[{"count":1,"href":"http:\/\/site.zile.bel.tr\/index.php\/wp-json\/wp\/v2\/posts\/5050\/revisions"}],"predecessor-version":[{"id":5057,"href":"http:\/\/site.zile.bel.tr\/index.php\/wp-json\/wp\/v2\/posts\/5050\/revisions\/5057"}],"wp:featuredmedia":[{"embeddable":true,"href":"http:\/\/site.zile.bel.tr\/index.php\/wp-json\/wp\/v2\/media\/5054"}],"wp:attachment":[{"href":"http:\/\/site.zile.bel.tr\/index.php\/wp-json\/wp\/v2\/media?parent=5050"}],"wp:term":[{"taxonomy":"category","embeddable":true,"href":"http:\/\/site.zile.bel.tr\/index.php\/wp-json\/wp\/v2\/categories?post=5050"},{"taxonomy":"post_tag","embeddable":true,"href":"http:\/\/site.zile.bel.tr\/index.php\/wp-json\/wp\/v2\/tags?post=5050"}],"curies":[{"name":"wp","href":"https:\/\/api.w.org\/{rel}","templated":true}]}}