{"id":5080,"date":"2023-03-10T10:31:04","date_gmt":"2023-03-10T07:31:04","guid":{"rendered":"http:\/\/site.zile.bel.tr\/?p=5080"},"modified":"2023-03-10T10:31:04","modified_gmt":"2023-03-10T07:31:04","slug":"belediye-tarihinin-en-buyuk-projesinde-sona-gelindi","status":"publish","type":"post","link":"http:\/\/site.zile.bel.tr\/index.php\/2023\/03\/10\/belediye-tarihinin-en-buyuk-projesinde-sona-gelindi\/","title":{"rendered":"BELED\u0130YE TAR\u0130H\u0130N\u0130N \u201cEN B\u00dcY\u00dcK\u201d PROJES\u0130NDE SONA GEL\u0130ND\u0130"},"content":{"rendered":"<div class=\"x11i5rnm xat24cr x1mh8g0r x1vvkbs xdj266r x126k92a\">\n<div dir=\"auto\">BELED\u0130YE TAR\u0130H\u0130N\u0130N \u201cEN B\u00dcY\u00dcK\u201d PROJES\u0130NDE SONA GEL\u0130ND\u0130<\/div>\n<\/div>\n<div class=\"x11i5rnm xat24cr x1mh8g0r x1vvkbs xtlvy1s x126k92a\">\n<div dir=\"auto\">Zile Belediyesi\u2019nin yo\u011fun \u00e7al\u0131\u015fmalarla kurulumu \u00e7al\u0131\u015fmalar\u0131n\u0131 ba\u015flatt\u0131\u011f\u0131 G\u00fcne\u015f Enerjisi Santrali (GES) Projesi\u2019nde sona gelindi.<\/div>\n<div dir=\"auto\">Zile Belediyesi\u2019ni y\u00fcksek elektrik giderlerinden kurtaracak, belediyeye ek gelir sa\u011flayacak ve belediyeye ait G\u00fcvercinlik mevkiinde bulunan 60 d\u00f6n\u00fcm alanda kurulum \u00e7al\u0131\u015fmalar\u0131 ba\u015flat\u0131lan 2,65 MW g\u00fcce sahip G\u00fcne\u015f Elektrik Santrali (GES) Projesi tamamlanmak \u00fczere.<\/div>\n<\/div>\n<div class=\"x11i5rnm xat24cr x1mh8g0r x1vvkbs xtlvy1s x126k92a\">\n<div dir=\"auto\">\u00c7al\u0131\u015fmalar\u0131 yerinde inceleyen Belediye Ba\u015fkan\u0131 \u015e\u00fckr\u00fc Sarg\u0131n, belediyenin kurulumunu ba\u015flatt\u0131\u011f\u0131 G\u00fcne\u015f Enerjisi Santrali (GES) Projesi\u2019nin tamamlanmak \u00fczere oldu\u011funu belirterek, Zile Belediyesi\u2019nin hem tasarruf hem de gelir sa\u011flayaca\u011f\u0131 bu projenin belediye tarihinin en b\u00fcy\u00fck projesi oldu\u011funu ve gerek belediyeye ve gerekse Zile\u2019ye \u00e7ok \u00f6nemli katk\u0131lar\u0131 olaca\u011f\u0131n\u0131 ifade etti.<\/div>\n<div dir=\"auto\">Belediyenin en y\u00fcksek gider kaleminden birisi olan ve giderek artan elektrik maliyetlerinden belediyeyi kurtaracak bu projenin belediyeye \u00f6nemli tasarruf olana\u011f\u0131 sa\u011flayaca\u011f\u0131n\u0131 ifade eden Belediye Ba\u015fkan\u0131 \u015e\u00fckr\u00fc Sarg\u0131n \u00e7ok yak\u0131nda tamamlanacak proje hakk\u0131nda \u015funlar\u0131 s\u00f6yledi.<\/div>\n<\/div>\n<div class=\"x11i5rnm xat24cr x1mh8g0r x1vvkbs xtlvy1s x126k92a\">\n<div dir=\"auto\">Vizyonumuz Zile\u2019nin gelece\u011fini in\u015fa etmektir<\/div>\n<\/div>\n<div class=\"x11i5rnm xat24cr x1mh8g0r x1vvkbs xtlvy1s x126k92a\">\n<div dir=\"auto\">\u201c Bu proje ile hem y\u00fcksek elektrik giderinde kurtulaca\u011f\u0131z, hem de t\u00fcketim fazlas\u0131 elektri\u011fi satarak belediyeye gelir sa\u011flayaca\u011f\u0131z. B\u00f6ylelikle elde sa\u011flayaca\u011f\u0131m\u0131z geliri belediyemizin ba\u015fka projelerinde kullanma imk\u00e2n\u0131na kavu\u015faca\u011f\u0131z. Kendi enerjisini kendi \u00fcreten belediyecilik anlay\u0131\u015f\u0131yla b\u00f6lgenin en b\u00fcy\u00fck G\u00fcne\u015f Enerjisi Santrali (GES) Projesini hayata ge\u00e7irmek i\u00e7in ba\u015flatt\u0131\u011f\u0131m\u0131z \u00e7al\u0131\u015fmalarda sona gelmi\u015f bulunmaktay\u0131z. Daha \u00f6nce bu projemizin Nisan ay\u0131 itibariyle sisteme girmesini planlad\u0131\u011f\u0131m\u0131z\u0131 belirtmi\u015ftim. Bizim d\u0131\u015f\u0131m\u0131zda ve bug\u00fcnden \u00f6n g\u00f6remeyece\u011fimiz bir sorun \u00e7\u0131kmamas\u0131 halinde bu takvime uygun tamamlayaca\u011f\u0131z. B\u00f6ylelikle 60 milyon 275 bin 500 lira de\u011ferindeki proje ile b\u00f6lgenin en b\u00fcy\u00fck g\u00fcne\u015f enerjisi santralini il\u00e7emize kazand\u0131rm\u0131\u015f olaca\u011f\u0131z. \u00c7al\u0131\u015fmalar tamamland\u0131\u011f\u0131nda G\u00fcvercinlik mevkiinde bulunan 60 d\u00f6n\u00fcml\u00fck belediye arazimize yap\u0131lan 2,65 MV\u2019 l\u0131k G\u00fcne\u015f Enerjisi Santrali (GES) Projemiz hayata ge\u00e7mi\u015f olacak. Yap\u0131lan proje belediyenin t\u00fcm elektrik giderlerini kar\u015f\u0131lanman\u0131n yan\u0131nda d\u0131\u015far\u0131 sat\u0131\u015f\u0131 yap\u0131larak belediyenin gelir etmesini sa\u011flanacakt\u0131r. 4 veya 5 y\u0131l gibi bir s\u00fcrede yap\u0131m maliyetini kar\u015f\u0131layacak, kendini amorti edecek projemiz belediyemize ciddi bir kar sa\u011flayacakt\u0131r. Bizim misyonumuz Zile Belediyesi\u2019nin kullanm\u0131\u015f oldu\u011fu elektrik ihtiyac\u0131n\u0131 kendi tesisi ile birlikte kar\u015f\u0131lam\u0131\u015f olmak, vizyonumuz ise gelece\u011fin Zile\u2019sini in\u015fa etmektir.\u201d \u015feklinde konu\u015ftu.<\/div>\n<div dir=\"auto\"><img loading=\"lazy\" decoding=\"async\" class=\"alignnone wp-image-5081\" src=\"http:\/\/site.zile.bel.tr\/wp-content\/uploads\/2023\/03\/331492391_193492956711772_5824213776723904779_n-300x200.jpg\" alt=\"\" width=\"800\" height=\"533\" srcset=\"http:\/\/site.zile.bel.tr\/wp-content\/uploads\/2023\/03\/331492391_193492956711772_5824213776723904779_n-300x200.jpg 300w, http:\/\/site.zile.bel.tr\/wp-content\/uploads\/2023\/03\/331492391_193492956711772_5824213776723904779_n-768x512.jpg 768w, http:\/\/site.zile.bel.tr\/wp-content\/uploads\/2023\/03\/331492391_193492956711772_5824213776723904779_n.jpg 960w\" sizes=\"auto, (max-width: 800px) 100vw, 800px\" \/><\/div>\n<div dir=\"auto\">\n\n\t\t<style type=\"text\/css\">\n\t\t\t#gallery-1 {\n\t\t\t\tmargin: auto;\n\t\t\t}\n\t\t\t#gallery-1 .gallery-item {\n\t\t\t\tfloat: left;\n\t\t\t\tmargin-top: 10px;\n\t\t\t\ttext-align: center;\n\t\t\t\twidth: 33%;\n\t\t\t}\n\t\t\t#gallery-1 img {\n\t\t\t\tborder: 2px solid #cfcfcf;\n\t\t\t}\n\t\t\t#gallery-1 .gallery-caption {\n\t\t\t\tmargin-left: 0;\n\t\t\t}\n\t\t\t\/* see gallery_shortcode() in wp-includes\/media.php *\/\n\t\t<\/style>\n\t\t<div id='gallery-1' class='gallery galleryid-5080 gallery-columns-3 gallery-size-thumbnail'><dl class='gallery-item'>\n\t\t\t<dt class='gallery-icon landscape'>\n\t\t\t\t<a href='http:\/\/site.zile.bel.tr\/wp-content\/uploads\/2023\/03\/331492391_193492956711772_5824213776723904779_n-1.jpg'><img loading=\"lazy\" decoding=\"async\" width=\"150\" height=\"150\" src=\"http:\/\/site.zile.bel.tr\/wp-content\/uploads\/2023\/03\/331492391_193492956711772_5824213776723904779_n-1-150x150.jpg\" class=\"attachment-thumbnail size-thumbnail\" alt=\"\" \/><\/a>\n\t\t\t<\/dt><\/dl><dl class='gallery-item'>\n\t\t\t<dt class='gallery-icon landscape'>\n\t\t\t\t<a href='http:\/\/site.zile.bel.tr\/wp-content\/uploads\/2023\/03\/334955376_1288515665341590_2121464234544501595_n.jpg'><img loading=\"lazy\" decoding=\"async\" width=\"150\" height=\"150\" src=\"http:\/\/site.zile.bel.tr\/wp-content\/uploads\/2023\/03\/334955376_1288515665341590_2121464234544501595_n-150x150.jpg\" class=\"attachment-thumbnail size-thumbnail\" alt=\"\" \/><\/a>\n\t\t\t<\/dt><\/dl><dl class='gallery-item'>\n\t\t\t<dt class='gallery-icon landscape'>\n\t\t\t\t<a href='http:\/\/site.zile.bel.tr\/wp-content\/uploads\/2023\/03\/334950267_140430405346028_3031547125834918645_n.jpg'><img loading=\"lazy\" decoding=\"async\" width=\"150\" height=\"150\" src=\"http:\/\/site.zile.bel.tr\/wp-content\/uploads\/2023\/03\/334950267_140430405346028_3031547125834918645_n-150x150.jpg\" class=\"attachment-thumbnail size-thumbnail\" alt=\"\" \/><\/a>\n\t\t\t<\/dt><\/dl><br style=\"clear: both\" \/><dl class='gallery-item'>\n\t\t\t<dt class='gallery-icon landscape'>\n\t\t\t\t<a href='http:\/\/site.zile.bel.tr\/wp-content\/uploads\/2023\/03\/334954424_147322044911797_713129550205335192_n.jpg'><img loading=\"lazy\" decoding=\"async\" width=\"150\" height=\"150\" src=\"http:\/\/site.zile.bel.tr\/wp-content\/uploads\/2023\/03\/334954424_147322044911797_713129550205335192_n-150x150.jpg\" class=\"attachment-thumbnail size-thumbnail\" alt=\"\" \/><\/a>\n\t\t\t<\/dt><\/dl><dl class='gallery-item'>\n\t\t\t<dt class='gallery-icon landscape'>\n\t\t\t\t<a href='http:\/\/site.zile.bel.tr\/wp-content\/uploads\/2023\/03\/334949988_1259341464673690_3600367977269508661_n.jpg'><img loading=\"lazy\" decoding=\"async\" width=\"150\" height=\"150\" src=\"http:\/\/site.zile.bel.tr\/wp-content\/uploads\/2023\/03\/334949988_1259341464673690_3600367977269508661_n-150x150.jpg\" class=\"attachment-thumbnail size-thumbnail\" alt=\"\" \/><\/a>\n\t\t\t<\/dt><\/dl><dl class='gallery-item'>\n\t\t\t<dt class='gallery-icon landscape'>\n\t\t\t\t<a href='http:\/\/site.zile.bel.tr\/wp-content\/uploads\/2023\/03\/334973922_6251601494904715_5135957288002993066_n.jpg'><img loading=\"lazy\" decoding=\"async\" width=\"150\" height=\"150\" src=\"http:\/\/site.zile.bel.tr\/wp-content\/uploads\/2023\/03\/334973922_6251601494904715_5135957288002993066_n-150x150.jpg\" class=\"attachment-thumbnail size-thumbnail\" alt=\"\" \/><\/a>\n\t\t\t<\/dt><\/dl><br style=\"clear: both\" \/><dl class='gallery-item'>\n\t\t\t<dt class='gallery-icon landscape'>\n\t\t\t\t<a href='http:\/\/site.zile.bel.tr\/wp-content\/uploads\/2023\/03\/334947773_116785794587749_2516899084992873680_n.jpg'><img loading=\"lazy\" decoding=\"async\" width=\"150\" height=\"150\" src=\"http:\/\/site.zile.bel.tr\/wp-content\/uploads\/2023\/03\/334947773_116785794587749_2516899084992873680_n-150x150.jpg\" class=\"attachment-thumbnail size-thumbnail\" alt=\"\" \/><\/a>\n\t\t\t<\/dt><\/dl><dl class='gallery-item'>\n\t\t\t<dt class='gallery-icon landscape'>\n\t\t\t\t<a href='http:\/\/site.zile.bel.tr\/wp-content\/uploads\/2023\/03\/334952879_1576154416140159_3821766458954729385_n.jpg'><img loading=\"lazy\" decoding=\"async\" width=\"150\" height=\"150\" src=\"http:\/\/site.zile.bel.tr\/wp-content\/uploads\/2023\/03\/334952879_1576154416140159_3821766458954729385_n-150x150.jpg\" class=\"attachment-thumbnail size-thumbnail\" alt=\"\" \/><\/a>\n\t\t\t<\/dt><\/dl>\n\t\t\t<br style='clear: both' \/>\n\t\t<\/div>\n\n<\/div>\n<\/div>\n","protected":false},"excerpt":{"rendered":"<p>BELED\u0130YE TAR\u0130H\u0130N\u0130N \u201cEN B\u00dcY\u00dcK\u201d PROJES\u0130NDE SONA GEL\u0130ND\u0130 Zile Belediyesi\u2019nin yo\u011fun \u00e7al\u0131\u015fmalarla kurulumu \u00e7al\u0131\u015fmalar\u0131n\u0131 ba\u015flatt\u0131\u011f\u0131 G\u00fcne\u015f Enerjisi Santrali (GES) Projesi\u2019nde sona gelindi. Zile Belediyesi\u2019ni y\u00fcksek elektrik giderlerinden kurtaracak, belediyeye ek gelir sa\u011flayacak ve belediyeye ait G\u00fcvercinlik mevkiinde bulunan 60 d\u00f6n\u00fcm alanda kurulum \u00e7al\u0131\u015fmalar\u0131 ba\u015flat\u0131lan 2,65 MW g\u00fcce sahip G\u00fcne\u015f Elektrik Santrali (GES) Projesi tamamlanmak \u00fczere. \u00c7al\u0131\u015fmalar\u0131 [&hellip;]<\/p>\n","protected":false},"author":1,"featured_media":5081,"comment_status":"open","ping_status":"open","sticky":false,"template":"","format":"standard","meta":{"footnotes":""},"categories":[11],"tags":[],"class_list":["post-5080","post","type-post","status-publish","format-standard","has-post-thumbnail","hentry","category-haberler"],"_links":{"self":[{"href":"http:\/\/site.zile.bel.tr\/index.php\/wp-json\/wp\/v2\/posts\/5080","targetHints":{"allow":["GET"]}}],"collection":[{"href":"http:\/\/site.zile.bel.tr\/index.php\/wp-json\/wp\/v2\/posts"}],"about":[{"href":"http:\/\/site.zile.bel.tr\/index.php\/wp-json\/wp\/v2\/types\/post"}],"author":[{"embeddable":true,"href":"http:\/\/site.zile.bel.tr\/index.php\/wp-json\/wp\/v2\/users\/1"}],"replies":[{"embeddable":true,"href":"http:\/\/site.zile.bel.tr\/index.php\/wp-json\/wp\/v2\/comments?post=5080"}],"version-history":[{"count":1,"href":"http:\/\/site.zile.bel.tr\/index.php\/wp-json\/wp\/v2\/posts\/5080\/revisions"}],"predecessor-version":[{"id":5090,"href":"http:\/\/site.zile.bel.tr\/index.php\/wp-json\/wp\/v2\/posts\/5080\/revisions\/5090"}],"wp:featuredmedia":[{"embeddable":true,"href":"http:\/\/site.zile.bel.tr\/index.php\/wp-json\/wp\/v2\/media\/5081"}],"wp:attachment":[{"href":"http:\/\/site.zile.bel.tr\/index.php\/wp-json\/wp\/v2\/media?parent=5080"}],"wp:term":[{"taxonomy":"category","embeddable":true,"href":"http:\/\/site.zile.bel.tr\/index.php\/wp-json\/wp\/v2\/categories?post=5080"},{"taxonomy":"post_tag","embeddable":true,"href":"http:\/\/site.zile.bel.tr\/index.php\/wp-json\/wp\/v2\/tags?post=5080"}],"curies":[{"name":"wp","href":"https:\/\/api.w.org\/{rel}","templated":true}]}}