{"id":5420,"date":"2023-04-28T17:31:40","date_gmt":"2023-04-28T14:31:40","guid":{"rendered":"http:\/\/site.zile.bel.tr\/?p=5420"},"modified":"2023-05-02T10:33:25","modified_gmt":"2023-05-02T07:33:25","slug":"sehidimize-allahtan-rahmet-ailesine-sevenlerine-ve-milletimize-bassagligi-dilerim-sukru-sargin-zile-belediye-baskani","status":"publish","type":"post","link":"http:\/\/site.zile.bel.tr\/index.php\/2023\/04\/28\/sehidimize-allahtan-rahmet-ailesine-sevenlerine-ve-milletimize-bassagligi-dilerim-sukru-sargin-zile-belediye-baskani\/","title":{"rendered":"\u015eehidimize Allah&#8217;tan Rahmet Ailesine, Sevenlerine ve Milletimize Ba\u015fsa\u011fl\u0131\u011f\u0131 Dilerim"},"content":{"rendered":"<div class=\"xyamay9 x1pi30zi xsag5q8 x1swvt13\">\n<div>\n<div class=\"xyinxu5 x4uap5 x1g2khh7 xkhd6sd\"><span class=\"x193iq5w xeuugli x13faqbe x1vvkbs x1xmvt09 x1lliihq x1s928wv xhkezso x1gmr53x x1cpjm7i x1fgarty x1943h6x xudqn12 x3x7a5m x6prxxf xvq8zen xo1l8bm xzsf02u\" dir=\"auto\"><span class=\"x193iq5w xeuugli x13faqbe x1vvkbs x1xmvt09 x1lliihq x1s928wv xhkezso x1gmr53x x1cpjm7i x1fgarty x1943h6x xudqn12 x3x7a5m x6prxxf xvq8zen xo1l8bm xzsf02u\" dir=\"auto\">Mardin&#8217;in K\u0131z\u0131ltepe il\u00e7esinde Eren ilkbahar Huzur -1 operasyonunda b\u00f6l\u00fcc\u00fc ter\u00f6r \u00f6rg\u00fct\u00fc mensuplar\u0131 ile \u00e7\u0131kan \u00e7at\u0131\u015fmada Tokat Niksar n\u00fcfusuna kay\u0131tl\u0131 Jandarma Astsubay \u00dcst\u00e7avu\u015f Mehmet G\u00fcnd\u00fcz (36) a\u011f\u0131r yaraland\u0131. G\u00fcnd\u00fcz, kald\u0131r\u0131ld\u0131\u011f\u0131 Mardin E\u011fitim ve Ara\u015ft\u0131rma Hastanesine yap\u0131lan t\u00fcm m\u00fcdehalelere ra\u011fmen kurtar\u0131lamayarak \u015fehit oldu.<br \/>\n\u015eehidimize Allah&#8217;tan rahmet ailesine, sevenlerine ve milletimize ba\u015fsa\u011fl\u0131\u011f\u0131 dilerim.\u00a0 <\/span><\/span><\/div>\n<div class=\"xyinxu5 x4uap5 x1g2khh7 xkhd6sd\">\u015e\u00fckr\u00fc SARGIN<br \/>\nZile Belediye Ba\u015fkan\u0131<\/div>\n<div><img loading=\"lazy\" decoding=\"async\" class=\"alignnone wp-image-5421\" src=\"http:\/\/site.zile.bel.tr\/wp-content\/uploads\/2023\/05\/343963126_258459496599998_1916297977269970815_n-242x300.jpg\" alt=\"\" width=\"800\" height=\"990\" srcset=\"http:\/\/site.zile.bel.tr\/wp-content\/uploads\/2023\/05\/343963126_258459496599998_1916297977269970815_n-242x300.jpg 242w, http:\/\/site.zile.bel.tr\/wp-content\/uploads\/2023\/05\/343963126_258459496599998_1916297977269970815_n.jpg 720w\" sizes=\"auto, (max-width: 800px) 100vw, 800px\" \/><\/div>\n<div><\/div>\n<\/div>\n<\/div>\n","protected":false},"excerpt":{"rendered":"<p>Mardin&#8217;in K\u0131z\u0131ltepe il\u00e7esinde Eren ilkbahar Huzur -1 operasyonunda b\u00f6l\u00fcc\u00fc ter\u00f6r \u00f6rg\u00fct\u00fc mensuplar\u0131 ile \u00e7\u0131kan \u00e7at\u0131\u015fmada Tokat Niksar n\u00fcfusuna kay\u0131tl\u0131 Jandarma Astsubay \u00dcst\u00e7avu\u015f Mehmet G\u00fcnd\u00fcz (36) a\u011f\u0131r yaraland\u0131. G\u00fcnd\u00fcz, kald\u0131r\u0131ld\u0131\u011f\u0131 Mardin E\u011fitim ve Ara\u015ft\u0131rma Hastanesine yap\u0131lan t\u00fcm m\u00fcdehalelere ra\u011fmen kurtar\u0131lamayarak \u015fehit oldu. \u015eehidimize Allah&#8217;tan rahmet ailesine, sevenlerine ve milletimize ba\u015fsa\u011fl\u0131\u011f\u0131 dilerim.\u00a0 \u015e\u00fckr\u00fc SARGIN Zile Belediye Ba\u015fkan\u0131<\/p>\n","protected":false},"author":1,"featured_media":5421,"comment_status":"open","ping_status":"open","sticky":false,"template":"","format":"standard","meta":{"footnotes":""},"categories":[11],"tags":[],"class_list":["post-5420","post","type-post","status-publish","format-standard","has-post-thumbnail","hentry","category-haberler"],"_links":{"self":[{"href":"http:\/\/site.zile.bel.tr\/index.php\/wp-json\/wp\/v2\/posts\/5420","targetHints":{"allow":["GET"]}}],"collection":[{"href":"http:\/\/site.zile.bel.tr\/index.php\/wp-json\/wp\/v2\/posts"}],"about":[{"href":"http:\/\/site.zile.bel.tr\/index.php\/wp-json\/wp\/v2\/types\/post"}],"author":[{"embeddable":true,"href":"http:\/\/site.zile.bel.tr\/index.php\/wp-json\/wp\/v2\/users\/1"}],"replies":[{"embeddable":true,"href":"http:\/\/site.zile.bel.tr\/index.php\/wp-json\/wp\/v2\/comments?post=5420"}],"version-history":[{"count":4,"href":"http:\/\/site.zile.bel.tr\/index.php\/wp-json\/wp\/v2\/posts\/5420\/revisions"}],"predecessor-version":[{"id":5425,"href":"http:\/\/site.zile.bel.tr\/index.php\/wp-json\/wp\/v2\/posts\/5420\/revisions\/5425"}],"wp:featuredmedia":[{"embeddable":true,"href":"http:\/\/site.zile.bel.tr\/index.php\/wp-json\/wp\/v2\/media\/5421"}],"wp:attachment":[{"href":"http:\/\/site.zile.bel.tr\/index.php\/wp-json\/wp\/v2\/media?parent=5420"}],"wp:term":[{"taxonomy":"category","embeddable":true,"href":"http:\/\/site.zile.bel.tr\/index.php\/wp-json\/wp\/v2\/categories?post=5420"},{"taxonomy":"post_tag","embeddable":true,"href":"http:\/\/site.zile.bel.tr\/index.php\/wp-json\/wp\/v2\/tags?post=5420"}],"curies":[{"name":"wp","href":"https:\/\/api.w.org\/{rel}","templated":true}]}}