{"id":5718,"date":"2023-05-29T11:29:45","date_gmt":"2023-05-29T08:29:45","guid":{"rendered":"http:\/\/site.zile.bel.tr\/?p=5718"},"modified":"2023-05-29T11:30:13","modified_gmt":"2023-05-29T08:30:13","slug":"carsi-park-yoresel-urun-pazari","status":"publish","type":"post","link":"http:\/\/site.zile.bel.tr\/index.php\/2023\/05\/29\/carsi-park-yoresel-urun-pazari\/","title":{"rendered":"\u00c7AR\u015eI PARK Y\u00d6RESEL \u00dcR\u00dcN PAZARI YEN\u0130 YER\u0130NE TA\u015eINIYOR"},"content":{"rendered":"<p>Sal\u0131 g\u00fcn\u00fc eski hal i\u00e7inde a\u00e7\u0131lan y\u00f6resel \u00fcr\u00fcn pazar\u0131, Ulu Camii kar\u015f\u0131s\u0131na yap\u0131lan yeni yerine ta\u015f\u0131n\u0131yor. Sal\u0131 ve Cuma g\u00fcnleri sabah erken saatlerde a\u00e7\u0131lan pazar\u0131m\u0131zda y\u00f6resel \u00fcr\u00fcnler sat\u0131lacak.<\/p>\n<p><img loading=\"lazy\" decoding=\"async\" class=\"alignnone wp-image-5719\" src=\"http:\/\/site.zile.bel.tr\/wp-content\/uploads\/2023\/05\/a-300x169.jpg\" alt=\"\" width=\"800\" height=\"450\" srcset=\"http:\/\/site.zile.bel.tr\/wp-content\/uploads\/2023\/05\/a-300x169.jpg 300w, http:\/\/site.zile.bel.tr\/wp-content\/uploads\/2023\/05\/a-768x432.jpg 768w, http:\/\/site.zile.bel.tr\/wp-content\/uploads\/2023\/05\/a.jpg 960w\" sizes=\"auto, (max-width: 800px) 100vw, 800px\" \/><\/p>\n<p>Zile Belediyesi, \u00c7ift\u00e7iler \u0130\u00e7in \u2018\u00c7ar\u015f\u0131 Park Y\u00f6resel \u00dcr\u00fcn Pazar\u0131\u2019 Kurdu<\/p>\n<p>Belediye Ba\u015fkan\u0131 \u015e\u00fckr\u00fc Sarg\u0131n, \u201c\u00c7ift\u00e7ilerimizin \u00fcrettikleri \u00fcr\u00fcnlerin ekonomik anlamda de\u011fer bulmas\u0131 i\u00e7in il\u00e7emizde \u201c\u00c7ar\u015f\u0131 Park Y\u00f6resel \u00dcr\u00fcn Pazar\u0131\u201d kurulmas\u0131 i\u00e7in imk\u00e2n sa\u011flad\u0131k. \u00c7ift\u00e7ilerimiz tarlada, ba\u011fda, bah\u00e7ede yeti\u015ftirdikleri sebze ve meyveleri burada satarak ev ekonomilerine katk\u0131da bulunuyorlar.\u201d dedi.<br \/>\nBa\u015fkan Sarg\u0131n, Zile\u2019de organik tar\u0131msal \u00fcretimi te\u015fvik ederek vatanda\u015f\u0131n sa\u011fl\u0131kl\u0131 g\u0131da t\u00fcketebilmesine imk\u00e2n sa\u011flad\u0131klar\u0131n\u0131 kaydederken, \u00e7ift\u00e7ilere verilen desteklerin her ge\u00e7en y\u0131l artarak devam edece\u011fini belirtti.<\/p>\n<p><img loading=\"lazy\" decoding=\"async\" class=\"alignnone wp-image-5720\" src=\"http:\/\/site.zile.bel.tr\/wp-content\/uploads\/2023\/05\/032-kopya-kopya-300x300.jpg\" alt=\"\" width=\"800\" height=\"800\" srcset=\"http:\/\/site.zile.bel.tr\/wp-content\/uploads\/2023\/05\/032-kopya-kopya-300x300.jpg 300w, http:\/\/site.zile.bel.tr\/wp-content\/uploads\/2023\/05\/032-kopya-kopya-150x150.jpg 150w, http:\/\/site.zile.bel.tr\/wp-content\/uploads\/2023\/05\/032-kopya-kopya-768x768.jpg 768w, http:\/\/site.zile.bel.tr\/wp-content\/uploads\/2023\/05\/032-kopya-kopya.jpg 1024w\" sizes=\"auto, (max-width: 800px) 100vw, 800px\" \/><\/p>\n","protected":false},"excerpt":{"rendered":"<p>Sal\u0131 g\u00fcn\u00fc eski hal i\u00e7inde a\u00e7\u0131lan y\u00f6resel \u00fcr\u00fcn pazar\u0131, Ulu Camii kar\u015f\u0131s\u0131na yap\u0131lan yeni yerine ta\u015f\u0131n\u0131yor. Sal\u0131 ve Cuma g\u00fcnleri sabah erken saatlerde a\u00e7\u0131lan pazar\u0131m\u0131zda y\u00f6resel \u00fcr\u00fcnler sat\u0131lacak. Zile Belediyesi, \u00c7ift\u00e7iler \u0130\u00e7in \u2018\u00c7ar\u015f\u0131 Park Y\u00f6resel \u00dcr\u00fcn Pazar\u0131\u2019 Kurdu Belediye Ba\u015fkan\u0131 \u015e\u00fckr\u00fc Sarg\u0131n, \u201c\u00c7ift\u00e7ilerimizin \u00fcrettikleri \u00fcr\u00fcnlerin ekonomik anlamda de\u011fer bulmas\u0131 i\u00e7in il\u00e7emizde \u201c\u00c7ar\u015f\u0131 Park Y\u00f6resel \u00dcr\u00fcn [&hellip;]<\/p>\n","protected":false},"author":1,"featured_media":5719,"comment_status":"open","ping_status":"open","sticky":false,"template":"","format":"standard","meta":{"footnotes":""},"categories":[11],"tags":[],"class_list":["post-5718","post","type-post","status-publish","format-standard","has-post-thumbnail","hentry","category-haberler"],"_links":{"self":[{"href":"http:\/\/site.zile.bel.tr\/index.php\/wp-json\/wp\/v2\/posts\/5718","targetHints":{"allow":["GET"]}}],"collection":[{"href":"http:\/\/site.zile.bel.tr\/index.php\/wp-json\/wp\/v2\/posts"}],"about":[{"href":"http:\/\/site.zile.bel.tr\/index.php\/wp-json\/wp\/v2\/types\/post"}],"author":[{"embeddable":true,"href":"http:\/\/site.zile.bel.tr\/index.php\/wp-json\/wp\/v2\/users\/1"}],"replies":[{"embeddable":true,"href":"http:\/\/site.zile.bel.tr\/index.php\/wp-json\/wp\/v2\/comments?post=5718"}],"version-history":[{"count":2,"href":"http:\/\/site.zile.bel.tr\/index.php\/wp-json\/wp\/v2\/posts\/5718\/revisions"}],"predecessor-version":[{"id":5722,"href":"http:\/\/site.zile.bel.tr\/index.php\/wp-json\/wp\/v2\/posts\/5718\/revisions\/5722"}],"wp:featuredmedia":[{"embeddable":true,"href":"http:\/\/site.zile.bel.tr\/index.php\/wp-json\/wp\/v2\/media\/5719"}],"wp:attachment":[{"href":"http:\/\/site.zile.bel.tr\/index.php\/wp-json\/wp\/v2\/media?parent=5718"}],"wp:term":[{"taxonomy":"category","embeddable":true,"href":"http:\/\/site.zile.bel.tr\/index.php\/wp-json\/wp\/v2\/categories?post=5718"},{"taxonomy":"post_tag","embeddable":true,"href":"http:\/\/site.zile.bel.tr\/index.php\/wp-json\/wp\/v2\/tags?post=5718"}],"curies":[{"name":"wp","href":"https:\/\/api.w.org\/{rel}","templated":true}]}}