{"id":5770,"date":"2023-06-08T09:25:38","date_gmt":"2023-06-08T06:25:38","guid":{"rendered":"http:\/\/site.zile.bel.tr\/?p=5770"},"modified":"2023-06-08T16:41:32","modified_gmt":"2023-06-08T13:41:32","slug":"zile-belediyesporumuzun-altyapisinda-yetisen-mucteba-bera-koc-u-15-turkiye-gures-sampiyonu-oldu","status":"publish","type":"post","link":"http:\/\/site.zile.bel.tr\/index.php\/2023\/06\/08\/zile-belediyesporumuzun-altyapisinda-yetisen-mucteba-bera-koc-u-15-turkiye-gures-sampiyonu-oldu\/","title":{"rendered":"Zile Belediyesporumuzun Altyap\u0131s\u0131nda Yeti\u015fen M\u00fccteba Bera Ko\u00e7 U 15 T\u00fcrkiye G\u00fcre\u015f \u015eampiyonu Oldu"},"content":{"rendered":"<div class=\"xdj266r x11i5rnm xat24cr x1mh8g0r x1vvkbs x126k92a\">\n<div dir=\"auto\">Zile Belediyesporumuzun alt yap\u0131s\u0131nda yeti\u015fen Samsun Sporcu E\u011fitim Merkezi sporcusu M\u00fccteba Bera Ko\u00e7 Ni\u011fde&#8217;de yap\u0131lmakta olan U 15 T\u00fcrkiye G\u00fcre\u015f \u015eampiyonas\u0131nda \u015fampiyon olmu\u015ftur.<\/div>\n<\/div>\n<div class=\"x11i5rnm xat24cr x1mh8g0r x1vvkbs xtlvy1s x126k92a\">\n<div dir=\"auto\">T\u00fcrkiye \u015eampiyonu olarak Macaristan&#8217;da yap\u0131lacak Avrupa \u015eampiyonas\u0131&#8217;nda \u00dclkemizi temsil etme hakk\u0131 kazanm\u0131\u015ft\u0131r.<\/div>\n<div dir=\"auto\">Kendisini tebrik eder, ba\u015far\u0131lar\u0131n\u0131n devam\u0131n\u0131 dileriz.<\/div>\n<div dir=\"auto\"><img loading=\"lazy\" decoding=\"async\" class=\"alignnone wp-image-5771\" src=\"http:\/\/site.zile.bel.tr\/wp-content\/uploads\/2023\/06\/347237736_922134455746354_1496747668973748790_n-300x256.jpg\" alt=\"\" width=\"800\" height=\"682\" srcset=\"http:\/\/site.zile.bel.tr\/wp-content\/uploads\/2023\/06\/347237736_922134455746354_1496747668973748790_n-300x256.jpg 300w, http:\/\/site.zile.bel.tr\/wp-content\/uploads\/2023\/06\/347237736_922134455746354_1496747668973748790_n-768x655.jpg 768w, http:\/\/site.zile.bel.tr\/wp-content\/uploads\/2023\/06\/347237736_922134455746354_1496747668973748790_n.jpg 960w\" sizes=\"auto, (max-width: 800px) 100vw, 800px\" \/><\/div>\n<\/div>\n","protected":false},"excerpt":{"rendered":"<p>Zile Belediyesporumuzun alt yap\u0131s\u0131nda yeti\u015fen Samsun Sporcu E\u011fitim Merkezi sporcusu M\u00fccteba Bera Ko\u00e7 Ni\u011fde&#8217;de yap\u0131lmakta olan U 15 T\u00fcrkiye G\u00fcre\u015f \u015eampiyonas\u0131nda \u015fampiyon olmu\u015ftur. T\u00fcrkiye \u015eampiyonu olarak Macaristan&#8217;da yap\u0131lacak Avrupa \u015eampiyonas\u0131&#8217;nda \u00dclkemizi temsil etme hakk\u0131 kazanm\u0131\u015ft\u0131r. Kendisini tebrik eder, ba\u015far\u0131lar\u0131n\u0131n devam\u0131n\u0131 dileriz.<\/p>\n","protected":false},"author":1,"featured_media":5771,"comment_status":"open","ping_status":"open","sticky":false,"template":"","format":"standard","meta":{"footnotes":""},"categories":[11],"tags":[],"class_list":["post-5770","post","type-post","status-publish","format-standard","has-post-thumbnail","hentry","category-haberler"],"_links":{"self":[{"href":"http:\/\/site.zile.bel.tr\/index.php\/wp-json\/wp\/v2\/posts\/5770","targetHints":{"allow":["GET"]}}],"collection":[{"href":"http:\/\/site.zile.bel.tr\/index.php\/wp-json\/wp\/v2\/posts"}],"about":[{"href":"http:\/\/site.zile.bel.tr\/index.php\/wp-json\/wp\/v2\/types\/post"}],"author":[{"embeddable":true,"href":"http:\/\/site.zile.bel.tr\/index.php\/wp-json\/wp\/v2\/users\/1"}],"replies":[{"embeddable":true,"href":"http:\/\/site.zile.bel.tr\/index.php\/wp-json\/wp\/v2\/comments?post=5770"}],"version-history":[{"count":2,"href":"http:\/\/site.zile.bel.tr\/index.php\/wp-json\/wp\/v2\/posts\/5770\/revisions"}],"predecessor-version":[{"id":5788,"href":"http:\/\/site.zile.bel.tr\/index.php\/wp-json\/wp\/v2\/posts\/5770\/revisions\/5788"}],"wp:featuredmedia":[{"embeddable":true,"href":"http:\/\/site.zile.bel.tr\/index.php\/wp-json\/wp\/v2\/media\/5771"}],"wp:attachment":[{"href":"http:\/\/site.zile.bel.tr\/index.php\/wp-json\/wp\/v2\/media?parent=5770"}],"wp:term":[{"taxonomy":"category","embeddable":true,"href":"http:\/\/site.zile.bel.tr\/index.php\/wp-json\/wp\/v2\/categories?post=5770"},{"taxonomy":"post_tag","embeddable":true,"href":"http:\/\/site.zile.bel.tr\/index.php\/wp-json\/wp\/v2\/tags?post=5770"}],"curies":[{"name":"wp","href":"https:\/\/api.w.org\/{rel}","templated":true}]}}