{"id":5789,"date":"2023-06-09T17:01:59","date_gmt":"2023-06-09T14:01:59","guid":{"rendered":"http:\/\/site.zile.bel.tr\/?p=5789"},"modified":"2023-06-09T17:03:36","modified_gmt":"2023-06-09T14:03:36","slug":"zile-belediye-spor-futbol-kulubu-kupayi-baskan-sargina-hediye-etti","status":"publish","type":"post","link":"http:\/\/site.zile.bel.tr\/index.php\/2023\/06\/09\/zile-belediye-spor-futbol-kulubu-kupayi-baskan-sargina-hediye-etti\/","title":{"rendered":"Zile Belediye Spor Futbol Kul\u00fcb\u00fc Kupay\u0131 Ba\u015fkan Sarg\u0131n\u2019a Hediye Etti"},"content":{"rendered":"<div dir=\"auto\">Zile Belediye Ba\u015fkan\u0131 \u015e\u00fckr\u00fc Sarg\u0131n\u2019\u0131 makam\u0131nda ziyaret eden Zile Belediye Spor Futbol Kul\u00fcb\u00fc ekibi, 2022 \u2013 2023 sezonu Tokat ili U17\u2019de kategorisinde ikinci olarak federasyondan ald\u0131\u011f\u0131 kupay\u0131 Ba\u015fkan Sarg\u0131n\u2019a hediye etti.<\/div>\n<div dir=\"auto\"><\/div>\n<div dir=\"auto\">Zile Belediye Spor futbol Kul\u00fcb\u00fc 2022 \u2013 2023 sezonunu, Tokat ili U17\u2019de kategorisinde ikinci, U18 kategorisini de \u00fc\u00e7\u00fcnc\u00fc olarak tamamlad\u0131. Ba\u015fkan Sarg\u0131n, Zile Belediye Spor Kul\u00fcb\u00fc tak\u0131m hocas\u0131 Ayhan Kalkan, Kul\u00fcp Ba\u015fkan\u0131 Aykut Y\u0131ld\u0131r\u0131m, alt yap\u0131 sorumlusu G\u00f6khan Yi\u011fit, tak\u0131m kaptanlar\u0131 \u00d6mer Pekuz ve Ali \u015eahiner\u2019i makam\u0131nda a\u011f\u0131rlad\u0131. Tak\u0131m hocalar\u0131 taraf\u0131ndan hediye edilen kupay\u0131 alan Ba\u015fkan Sarg\u0131n, ba\u015far\u0131lar\u0131ndan dolay\u0131 tak\u0131m kaptanlar\u0131na madalya takt\u0131.<\/div>\n<div dir=\"auto\"><\/div>\n<div dir=\"auto\">Zile Belediye Spor Futbol Kul\u00fcb\u00fcn\u00fcn ba\u015far\u0131s\u0131ndan dolay\u0131 duydu\u011fu memnuniyeti dile getiren Ba\u015fkan Sarg\u0131n, \u00e7al\u0131\u015fmayla daha b\u00fcy\u00fck ba\u015far\u0131lar\u0131n Zile\u2019ye gelece\u011fini belirterek \u00e7al\u0131\u015fma ve ba\u015far\u0131lar\u0131ndan dolay\u0131 Spor Kul\u00fcb\u00fc ekibini can\u0131 g\u00f6n\u00fclden kutlad\u0131\u011f\u0131n\u0131 s\u00f6yledi.<\/div>\n<div dir=\"auto\"><img loading=\"lazy\" decoding=\"async\" class=\"alignnone wp-image-5791\" src=\"http:\/\/site.zile.bel.tr\/wp-content\/uploads\/2023\/06\/347554033_285205317220558_2898552809454285210_n-300x200.jpg\" alt=\"\" width=\"800\" height=\"533\" srcset=\"http:\/\/site.zile.bel.tr\/wp-content\/uploads\/2023\/06\/347554033_285205317220558_2898552809454285210_n-300x200.jpg 300w, http:\/\/site.zile.bel.tr\/wp-content\/uploads\/2023\/06\/347554033_285205317220558_2898552809454285210_n-768x512.jpg 768w, http:\/\/site.zile.bel.tr\/wp-content\/uploads\/2023\/06\/347554033_285205317220558_2898552809454285210_n.jpg 960w\" sizes=\"auto, (max-width: 800px) 100vw, 800px\" \/><\/div>\n<div dir=\"auto\">\n\n\t\t<style type=\"text\/css\">\n\t\t\t#gallery-1 {\n\t\t\t\tmargin: auto;\n\t\t\t}\n\t\t\t#gallery-1 .gallery-item {\n\t\t\t\tfloat: left;\n\t\t\t\tmargin-top: 10px;\n\t\t\t\ttext-align: center;\n\t\t\t\twidth: 33%;\n\t\t\t}\n\t\t\t#gallery-1 img {\n\t\t\t\tborder: 2px solid #cfcfcf;\n\t\t\t}\n\t\t\t#gallery-1 .gallery-caption {\n\t\t\t\tmargin-left: 0;\n\t\t\t}\n\t\t\t\/* see gallery_shortcode() in wp-includes\/media.php *\/\n\t\t<\/style>\n\t\t<div id='gallery-1' class='gallery galleryid-5789 gallery-columns-3 gallery-size-thumbnail'><dl class='gallery-item'>\n\t\t\t<dt class='gallery-icon landscape'>\n\t\t\t\t<a href='http:\/\/site.zile.bel.tr\/wp-content\/uploads\/2023\/06\/347554033_285205317220558_2898552809454285210_n-1.jpg'><img loading=\"lazy\" decoding=\"async\" width=\"150\" height=\"150\" src=\"http:\/\/site.zile.bel.tr\/wp-content\/uploads\/2023\/06\/347554033_285205317220558_2898552809454285210_n-1-150x150.jpg\" class=\"attachment-thumbnail size-thumbnail\" alt=\"\" \/><\/a>\n\t\t\t<\/dt><\/dl><dl class='gallery-item'>\n\t\t\t<dt class='gallery-icon landscape'>\n\t\t\t\t<a href='http:\/\/site.zile.bel.tr\/wp-content\/uploads\/2023\/06\/353055476_285205507220539_1724433664408069711_n.jpg'><img loading=\"lazy\" decoding=\"async\" width=\"150\" height=\"150\" src=\"http:\/\/site.zile.bel.tr\/wp-content\/uploads\/2023\/06\/353055476_285205507220539_1724433664408069711_n-150x150.jpg\" class=\"attachment-thumbnail size-thumbnail\" alt=\"\" \/><\/a>\n\t\t\t<\/dt><\/dl><dl class='gallery-item'>\n\t\t\t<dt class='gallery-icon landscape'>\n\t\t\t\t<a href='http:\/\/site.zile.bel.tr\/wp-content\/uploads\/2023\/06\/353403902_285205470553876_7997431743812712355_n.jpg'><img loading=\"lazy\" decoding=\"async\" width=\"150\" height=\"150\" src=\"http:\/\/site.zile.bel.tr\/wp-content\/uploads\/2023\/06\/353403902_285205470553876_7997431743812712355_n-150x150.jpg\" class=\"attachment-thumbnail size-thumbnail\" alt=\"\" \/><\/a>\n\t\t\t<\/dt><\/dl><br style=\"clear: both\" \/>\n\t\t<\/div>\n\n<\/div>\n","protected":false},"excerpt":{"rendered":"<p>Zile Belediye Ba\u015fkan\u0131 \u015e\u00fckr\u00fc Sarg\u0131n\u2019\u0131 makam\u0131nda ziyaret eden Zile Belediye Spor Futbol Kul\u00fcb\u00fc ekibi, 2022 \u2013 2023 sezonu Tokat ili U17\u2019de kategorisinde ikinci olarak federasyondan ald\u0131\u011f\u0131 kupay\u0131 Ba\u015fkan Sarg\u0131n\u2019a hediye etti. Zile Belediye Spor futbol Kul\u00fcb\u00fc 2022 \u2013 2023 sezonunu, Tokat ili U17\u2019de kategorisinde ikinci, U18 kategorisini de \u00fc\u00e7\u00fcnc\u00fc olarak tamamlad\u0131. Ba\u015fkan Sarg\u0131n, Zile Belediye [&hellip;]<\/p>\n","protected":false},"author":1,"featured_media":5791,"comment_status":"open","ping_status":"open","sticky":false,"template":"","format":"standard","meta":{"footnotes":""},"categories":[11],"tags":[],"class_list":["post-5789","post","type-post","status-publish","format-standard","has-post-thumbnail","hentry","category-haberler"],"_links":{"self":[{"href":"http:\/\/site.zile.bel.tr\/index.php\/wp-json\/wp\/v2\/posts\/5789","targetHints":{"allow":["GET"]}}],"collection":[{"href":"http:\/\/site.zile.bel.tr\/index.php\/wp-json\/wp\/v2\/posts"}],"about":[{"href":"http:\/\/site.zile.bel.tr\/index.php\/wp-json\/wp\/v2\/types\/post"}],"author":[{"embeddable":true,"href":"http:\/\/site.zile.bel.tr\/index.php\/wp-json\/wp\/v2\/users\/1"}],"replies":[{"embeddable":true,"href":"http:\/\/site.zile.bel.tr\/index.php\/wp-json\/wp\/v2\/comments?post=5789"}],"version-history":[{"count":1,"href":"http:\/\/site.zile.bel.tr\/index.php\/wp-json\/wp\/v2\/posts\/5789\/revisions"}],"predecessor-version":[{"id":5795,"href":"http:\/\/site.zile.bel.tr\/index.php\/wp-json\/wp\/v2\/posts\/5789\/revisions\/5795"}],"wp:featuredmedia":[{"embeddable":true,"href":"http:\/\/site.zile.bel.tr\/index.php\/wp-json\/wp\/v2\/media\/5791"}],"wp:attachment":[{"href":"http:\/\/site.zile.bel.tr\/index.php\/wp-json\/wp\/v2\/media?parent=5789"}],"wp:term":[{"taxonomy":"category","embeddable":true,"href":"http:\/\/site.zile.bel.tr\/index.php\/wp-json\/wp\/v2\/categories?post=5789"},{"taxonomy":"post_tag","embeddable":true,"href":"http:\/\/site.zile.bel.tr\/index.php\/wp-json\/wp\/v2\/tags?post=5789"}],"curies":[{"name":"wp","href":"https:\/\/api.w.org\/{rel}","templated":true}]}}