{"id":5847,"date":"2023-06-22T11:51:45","date_gmt":"2023-06-22T08:51:45","guid":{"rendered":"http:\/\/site.zile.bel.tr\/?p=5847"},"modified":"2023-06-22T11:51:45","modified_gmt":"2023-06-22T08:51:45","slug":"zile-geleneksel-kiraz-festivali-24-haziranda-basliyor-2","status":"publish","type":"post","link":"http:\/\/site.zile.bel.tr\/index.php\/2023\/06\/22\/zile-geleneksel-kiraz-festivali-24-haziranda-basliyor-2\/","title":{"rendered":"Zile Geleneksel Kiraz Festivali 24 Haziran\u2019da ba\u015fl\u0131yor"},"content":{"rendered":"<div class=\"xdj266r x11i5rnm xat24cr x1mh8g0r x1vvkbs x126k92a\">\n<div dir=\"auto\">Zile Geleneksel Kiraz Festivali 24 Haziran\u2019da ba\u015fl\u0131yor<\/div>\n<div dir=\"auto\"><\/div>\n<\/div>\n<div class=\"x11i5rnm xat24cr x1mh8g0r x1vvkbs xtlvy1s x126k92a\">\n<div dir=\"auto\">Zile Geleneksel Kiraz Festivali\u2019nin 24 &#8211; 25 Haziran tarihlerinde ger\u00e7ekle\u015fece\u011fini belirten Belediye Ba\u015fkan\u0131 \u015e\u00fckr\u00fc Sarg\u0131n t\u00fcm Tokatl\u0131lar\u0131 festivale beklediklerini belirtti.<\/div>\n<div dir=\"auto\"><\/div>\n<\/div>\n<div class=\"x11i5rnm xat24cr x1mh8g0r x1vvkbs xtlvy1s x126k92a\">\n<div dir=\"auto\">Ba\u015fkan Sarg\u0131n 24 Haziran Cumartesi g\u00fcn\u00fc saat 20:00\u2019da belediye \u00f6n\u00fcnde yap\u0131lacak olan Seyhan G\u00fcler konseriyle ba\u015flayacak olan festivalimiz 25 Haziran Pazar g\u00fcn\u00fc 10:00 ile 18:00 aras\u0131 belediye ba\u011f\u0131m\u0131zda G\u00fcre\u015f G\u00f6sterisi, Zile\u2019nin yerli sal\u00e7as\u0131ndan, salamura yapra\u011f\u0131ndan geleneksel usullere g\u00f6re ve geleneksel yiyece\u011fimiz olan Bat ve Kiraz Yar\u0131\u015fmas\u0131yla devam edecektir. Yar\u0131\u015fmalarda dereceye girenlere \u00e7e\u015fitli \u00f6d\u00fcller verilecektir\u201d dedi.<\/div>\n<div dir=\"auto\"><\/div>\n<\/div>\n<div class=\"x11i5rnm xat24cr x1mh8g0r x1vvkbs xtlvy1s x126k92a\">\n<div dir=\"auto\">Ba\u015fkan Sarg\u0131n, \u201cFestivalimize gelecek olan sanat\u00e7\u0131lar, bas\u0131n mensuplar\u0131 ve vatanda\u015flar\u0131m\u0131z \u015fehrimizin tan\u0131t\u0131m\u0131 ve geli\u015fimine katk\u0131 sa\u011flayacak. 25 Haziran Pazar g\u00fcn\u00fc belediyemiz ba\u011f\u0131ndaki kiraz \u015fenliklerinde de \u00e7ocuklar\u0131 e\u011flendirmek amac\u0131yla etkinlikler d\u00fczenlenecektir. Hem\u015ferilerimize bat, kiraz ve un helvas\u0131 ikram\u0131 yap\u0131lacakt\u0131r. T\u00fcm Tokatl\u0131lar\u0131 festivalimize bekliyoruz\u201d dedi.<\/div>\n<div dir=\"auto\"><img loading=\"lazy\" decoding=\"async\" class=\"alignnone wp-image-5848\" src=\"http:\/\/site.zile.bel.tr\/wp-content\/uploads\/2023\/06\/WhatsApp-Image-2023-06-22-at-11.44.56-214x300.jpeg\" alt=\"\" width=\"800\" height=\"1121\" srcset=\"http:\/\/site.zile.bel.tr\/wp-content\/uploads\/2023\/06\/WhatsApp-Image-2023-06-22-at-11.44.56-214x300.jpeg 214w, http:\/\/site.zile.bel.tr\/wp-content\/uploads\/2023\/06\/WhatsApp-Image-2023-06-22-at-11.44.56-731x1024.jpeg 731w, http:\/\/site.zile.bel.tr\/wp-content\/uploads\/2023\/06\/WhatsApp-Image-2023-06-22-at-11.44.56-768x1076.jpeg 768w, http:\/\/site.zile.bel.tr\/wp-content\/uploads\/2023\/06\/WhatsApp-Image-2023-06-22-at-11.44.56-1096x1536.jpeg 1096w, http:\/\/site.zile.bel.tr\/wp-content\/uploads\/2023\/06\/WhatsApp-Image-2023-06-22-at-11.44.56.jpeg 1142w\" sizes=\"auto, (max-width: 800px) 100vw, 800px\" \/><\/div>\n<\/div>\n","protected":false},"excerpt":{"rendered":"<p>Zile Geleneksel Kiraz Festivali 24 Haziran\u2019da ba\u015fl\u0131yor Zile Geleneksel Kiraz Festivali\u2019nin 24 &#8211; 25 Haziran tarihlerinde ger\u00e7ekle\u015fece\u011fini belirten Belediye Ba\u015fkan\u0131 \u015e\u00fckr\u00fc Sarg\u0131n t\u00fcm Tokatl\u0131lar\u0131 festivale beklediklerini belirtti. Ba\u015fkan Sarg\u0131n 24 Haziran Cumartesi g\u00fcn\u00fc saat 20:00\u2019da belediye \u00f6n\u00fcnde yap\u0131lacak olan Seyhan G\u00fcler konseriyle ba\u015flayacak olan festivalimiz 25 Haziran Pazar g\u00fcn\u00fc 10:00 ile 18:00 aras\u0131 belediye ba\u011f\u0131m\u0131zda [&hellip;]<\/p>\n","protected":false},"author":1,"featured_media":5848,"comment_status":"open","ping_status":"open","sticky":false,"template":"","format":"standard","meta":{"footnotes":""},"categories":[11],"tags":[],"class_list":["post-5847","post","type-post","status-publish","format-standard","has-post-thumbnail","hentry","category-haberler"],"_links":{"self":[{"href":"http:\/\/site.zile.bel.tr\/index.php\/wp-json\/wp\/v2\/posts\/5847","targetHints":{"allow":["GET"]}}],"collection":[{"href":"http:\/\/site.zile.bel.tr\/index.php\/wp-json\/wp\/v2\/posts"}],"about":[{"href":"http:\/\/site.zile.bel.tr\/index.php\/wp-json\/wp\/v2\/types\/post"}],"author":[{"embeddable":true,"href":"http:\/\/site.zile.bel.tr\/index.php\/wp-json\/wp\/v2\/users\/1"}],"replies":[{"embeddable":true,"href":"http:\/\/site.zile.bel.tr\/index.php\/wp-json\/wp\/v2\/comments?post=5847"}],"version-history":[{"count":1,"href":"http:\/\/site.zile.bel.tr\/index.php\/wp-json\/wp\/v2\/posts\/5847\/revisions"}],"predecessor-version":[{"id":5872,"href":"http:\/\/site.zile.bel.tr\/index.php\/wp-json\/wp\/v2\/posts\/5847\/revisions\/5872"}],"wp:featuredmedia":[{"embeddable":true,"href":"http:\/\/site.zile.bel.tr\/index.php\/wp-json\/wp\/v2\/media\/5848"}],"wp:attachment":[{"href":"http:\/\/site.zile.bel.tr\/index.php\/wp-json\/wp\/v2\/media?parent=5847"}],"wp:term":[{"taxonomy":"category","embeddable":true,"href":"http:\/\/site.zile.bel.tr\/index.php\/wp-json\/wp\/v2\/categories?post=5847"},{"taxonomy":"post_tag","embeddable":true,"href":"http:\/\/site.zile.bel.tr\/index.php\/wp-json\/wp\/v2\/tags?post=5847"}],"curies":[{"name":"wp","href":"https:\/\/api.w.org\/{rel}","templated":true}]}}