{"id":5992,"date":"2023-07-05T11:31:18","date_gmt":"2023-07-05T08:31:18","guid":{"rendered":"http:\/\/site.zile.bel.tr\/?p=5992"},"modified":"2023-07-05T14:56:14","modified_gmt":"2023-07-05T11:56:14","slug":"amator-telsizcilerden-baskan-sargina-tesekkur-plaketi","status":"publish","type":"post","link":"http:\/\/site.zile.bel.tr\/index.php\/2023\/07\/05\/amator-telsizcilerden-baskan-sargina-tesekkur-plaketi\/","title":{"rendered":"Amat\u00f6r Telsizcilerden Ba\u015fkan Sarg\u0131n\u2019a Te\u015fekk\u00fcr Plaketi"},"content":{"rendered":"<p>Amat\u00f6r telsizcilerden Ba\u015fkan Sarg\u0131n\u2019a Te\u015fekk\u00fcr Plaketi<\/p>\n<p>Tokat Amat\u00f6r Telsizciler derne\u011fi ba\u015fkan\u0131 Ahmet Polat, Zile\u2019de faaliyete ge\u00e7en telsiz sistemine vermi\u015f oldu\u011fu desteklerinden dolay\u0131 Zile Belediye Ba\u015fkan\u0131 \u015e\u00fckr\u00fc Sarg\u0131n\u2019a te\u015fekk\u00fcr plaketi takdim etti.<\/p>\n<p>\u201cAfet haberle\u015fmesinde amat\u00f6r telsizcilik \u00f6nemli\u201d<\/p>\n<p>Amat\u00f6r telsizcili\u011fin yayg\u0131nla\u015fmas\u0131 i\u00e7in ellerinden gelen deste\u011fi verdiklerini belirten Zile Belediye Ba\u015fkan\u0131 \u015e\u00fckr\u00fc Sarg\u0131n, \u201cOn ilde b\u00fcy\u00fck y\u0131k\u0131ma ve on binlerce vatanda\u015f\u0131m\u0131z\u0131n ya\u015fam\u0131n\u0131 yitirmesine ve yaralanmas\u0131na yol a\u00e7an deprem felaketi, afetlerde haberle\u015fmenin \u00f6nemini bir kez daha ortaya koydu. Amat\u00f6r telsizciler, depremde a\u011f\u0131r hasar g\u00f6ren kamu haberle\u015fme sistemine destek verdi. Afet haberle\u015fmesinde amat\u00f6r telsizcilik \u00f6nemli. \u00c7e\u015fitli afetlerin etkiledi\u011fi \u00fclkemizde amat\u00f6r telsizcilik yayg\u0131nla\u015ft\u0131r\u0131lmal\u0131 ve te\u015fvik edilmeli. Bizde belediye olarak deste\u011fimizi verdik\u201d dedi.<\/p>\n<p><img loading=\"lazy\" decoding=\"async\" class=\"alignnone wp-image-5993\" src=\"http:\/\/site.zile.bel.tr\/wp-content\/uploads\/2023\/07\/357729955_300626232345133_8593043217360873955_n-300x197.jpg\" alt=\"\" width=\"800\" height=\"525\" srcset=\"http:\/\/site.zile.bel.tr\/wp-content\/uploads\/2023\/07\/357729955_300626232345133_8593043217360873955_n-300x197.jpg 300w, http:\/\/site.zile.bel.tr\/wp-content\/uploads\/2023\/07\/357729955_300626232345133_8593043217360873955_n-1024x671.jpg 1024w, http:\/\/site.zile.bel.tr\/wp-content\/uploads\/2023\/07\/357729955_300626232345133_8593043217360873955_n-768x504.jpg 768w, http:\/\/site.zile.bel.tr\/wp-content\/uploads\/2023\/07\/357729955_300626232345133_8593043217360873955_n-1536x1007.jpg 1536w, http:\/\/site.zile.bel.tr\/wp-content\/uploads\/2023\/07\/357729955_300626232345133_8593043217360873955_n.jpg 1647w\" sizes=\"auto, (max-width: 800px) 100vw, 800px\" \/><\/p>\n","protected":false},"excerpt":{"rendered":"<p>Amat\u00f6r telsizcilerden Ba\u015fkan Sarg\u0131n\u2019a Te\u015fekk\u00fcr Plaketi Tokat Amat\u00f6r Telsizciler derne\u011fi ba\u015fkan\u0131 Ahmet Polat, Zile\u2019de faaliyete ge\u00e7en telsiz sistemine vermi\u015f oldu\u011fu desteklerinden dolay\u0131 Zile Belediye Ba\u015fkan\u0131 \u015e\u00fckr\u00fc Sarg\u0131n\u2019a te\u015fekk\u00fcr plaketi takdim etti. \u201cAfet haberle\u015fmesinde amat\u00f6r telsizcilik \u00f6nemli\u201d Amat\u00f6r telsizcili\u011fin yayg\u0131nla\u015fmas\u0131 i\u00e7in ellerinden gelen deste\u011fi verdiklerini belirten Zile Belediye Ba\u015fkan\u0131 \u015e\u00fckr\u00fc Sarg\u0131n, \u201cOn ilde b\u00fcy\u00fck y\u0131k\u0131ma ve [&hellip;]<\/p>\n","protected":false},"author":1,"featured_media":5993,"comment_status":"open","ping_status":"open","sticky":false,"template":"","format":"standard","meta":{"footnotes":""},"categories":[11],"tags":[],"class_list":["post-5992","post","type-post","status-publish","format-standard","has-post-thumbnail","hentry","category-haberler"],"_links":{"self":[{"href":"http:\/\/site.zile.bel.tr\/index.php\/wp-json\/wp\/v2\/posts\/5992","targetHints":{"allow":["GET"]}}],"collection":[{"href":"http:\/\/site.zile.bel.tr\/index.php\/wp-json\/wp\/v2\/posts"}],"about":[{"href":"http:\/\/site.zile.bel.tr\/index.php\/wp-json\/wp\/v2\/types\/post"}],"author":[{"embeddable":true,"href":"http:\/\/site.zile.bel.tr\/index.php\/wp-json\/wp\/v2\/users\/1"}],"replies":[{"embeddable":true,"href":"http:\/\/site.zile.bel.tr\/index.php\/wp-json\/wp\/v2\/comments?post=5992"}],"version-history":[{"count":1,"href":"http:\/\/site.zile.bel.tr\/index.php\/wp-json\/wp\/v2\/posts\/5992\/revisions"}],"predecessor-version":[{"id":5994,"href":"http:\/\/site.zile.bel.tr\/index.php\/wp-json\/wp\/v2\/posts\/5992\/revisions\/5994"}],"wp:featuredmedia":[{"embeddable":true,"href":"http:\/\/site.zile.bel.tr\/index.php\/wp-json\/wp\/v2\/media\/5993"}],"wp:attachment":[{"href":"http:\/\/site.zile.bel.tr\/index.php\/wp-json\/wp\/v2\/media?parent=5992"}],"wp:term":[{"taxonomy":"category","embeddable":true,"href":"http:\/\/site.zile.bel.tr\/index.php\/wp-json\/wp\/v2\/categories?post=5992"},{"taxonomy":"post_tag","embeddable":true,"href":"http:\/\/site.zile.bel.tr\/index.php\/wp-json\/wp\/v2\/tags?post=5992"}],"curies":[{"name":"wp","href":"https:\/\/api.w.org\/{rel}","templated":true}]}}