{"id":6011,"date":"2023-07-13T10:17:10","date_gmt":"2023-07-13T07:17:10","guid":{"rendered":"https:\/\/site.zile.bel.tr\/?p=6011"},"modified":"2023-07-13T10:41:11","modified_gmt":"2023-07-13T07:41:11","slug":"veni-vidi-vici-zile-kent-muzesine-yogun-ilgi","status":"publish","type":"post","link":"http:\/\/site.zile.bel.tr\/index.php\/2023\/07\/13\/veni-vidi-vici-zile-kent-muzesine-yogun-ilgi\/","title":{"rendered":"Veni Vidi Vici Zile Kent M\u00fczesine Yo\u011fun \u0130lgi"},"content":{"rendered":"<p>Zile Belediyesi turizm projeleri kapsam\u0131nda Tarihi Zile Kalesi\u2019nde yap\u0131m\u0131 tamamlanarak faaliyete al\u0131nan \u201cVeni Vidi Vici Zile Kent M\u00fczesi\u201d vatanda\u015flar taraf\u0131ndan yo\u011fun ilgi g\u00f6r\u00fcyor.<br \/>\n<img loading=\"lazy\" decoding=\"async\" class=\"alignnone wp-image-6012\" src=\"http:\/\/site.zile.bel.tr\/wp-content\/uploads\/2023\/07\/001-300x225.jpg\" alt=\"\" width=\"800\" height=\"600\" srcset=\"http:\/\/site.zile.bel.tr\/wp-content\/uploads\/2023\/07\/001-300x225.jpg 300w, http:\/\/site.zile.bel.tr\/wp-content\/uploads\/2023\/07\/001-1024x768.jpg 1024w, http:\/\/site.zile.bel.tr\/wp-content\/uploads\/2023\/07\/001-768x576.jpg 768w, http:\/\/site.zile.bel.tr\/wp-content\/uploads\/2023\/07\/001-1536x1152.jpg 1536w, http:\/\/site.zile.bel.tr\/wp-content\/uploads\/2023\/07\/001.jpg 1824w\" sizes=\"auto, (max-width: 800px) 100vw, 800px\" \/><\/p>\n<p><strong>9 g\u00fcnde 18 bin 630 ziyaret\u00e7i<\/strong><\/p>\n<p>\u0130l\u00e7e halk\u0131 ve d\u0131\u015fardan gelenlerin yo\u011fun ilgi g\u00f6sterdi\u011fi m\u00fczede, sanat tarihi uzman\u0131 ve m\u00fcze sorumlusu olarak g\u00f6rev yapan Kurtulu\u015f Uygun, ziyaret\u00e7ilere rehberlik yaparak m\u00fcze hakk\u0131nda gerekli bilgileri veriyor. 9 g\u00fcnl\u00fck bayram tatilinde ziyaret\u00e7i rekoru k\u0131ran m\u00fcze 18 bin 630 ziyaret\u00e7i ald\u0131.<br \/>\n<img loading=\"lazy\" decoding=\"async\" class=\"alignnone wp-image-6013\" src=\"http:\/\/site.zile.bel.tr\/wp-content\/uploads\/2023\/07\/003-225x300.jpg\" alt=\"\" width=\"600\" height=\"800\" srcset=\"http:\/\/site.zile.bel.tr\/wp-content\/uploads\/2023\/07\/003-225x300.jpg 225w, http:\/\/site.zile.bel.tr\/wp-content\/uploads\/2023\/07\/003-768x1024.jpg 768w, http:\/\/site.zile.bel.tr\/wp-content\/uploads\/2023\/07\/003-1152x1536.jpg 1152w, http:\/\/site.zile.bel.tr\/wp-content\/uploads\/2023\/07\/003.jpg 1500w\" sizes=\"auto, (max-width: 600px) 100vw, 600px\" \/><\/p>\n<p><strong>66 y\u0131ll\u0131k itfaiye arac\u0131 ziyaret\u00e7ilerini bekliyor<\/strong><\/p>\n<p>T\u00fcrkiye&#8217;de ender bulunan Alman yap\u0131m\u0131 ara\u00e7, tarihi Zile Kalesi\u2019nde ziyaret\u00e7ilerini bekliyor.<\/p>\n<p>Zile Belediyesi itfaiyesi b\u00fcnyesinde 66 y\u0131ld\u0131r hizmet veren Ford marka ara\u00e7, Almanya&#8217;da 1957 y\u0131l\u0131nda \u00fcretildi. Zile Kalesi\u2019nde ziyaret\u00e7ilerin g\u00f6rmeleri i\u00e7in yerle\u015ftirilen ara\u00e7, 6 silindirli 5 bin motoruyla aradan y\u0131llar ge\u00e7mesine ra\u011fmen orijinal \u00f6zelliklerini korumaya devam ediyor. Motorunun \u00fcretti\u011fi s\u0131cakl\u0131kla ta\u015f\u0131d\u0131\u011f\u0131 suyun k\u0131\u015f \u015fartlar\u0131nda donmas\u0131n\u0131 \u00f6nleyen \u00f6zel bir sisteme sahip olan itfaiye arac\u0131, seyyar ayd\u0131nlatma sistemi ile 8 ile 10 bar bas\u0131n\u00e7 g\u00fc\u00e7l\u00fc pompas\u0131yla dikkat \u00e7ekiyor.<\/p>\n<p><img loading=\"lazy\" decoding=\"async\" class=\"alignnone wp-image-6014\" src=\"http:\/\/site.zile.bel.tr\/wp-content\/uploads\/2023\/07\/002-300x225.jpg\" alt=\"\" width=\"800\" height=\"600\" srcset=\"http:\/\/site.zile.bel.tr\/wp-content\/uploads\/2023\/07\/002-300x225.jpg 300w, http:\/\/site.zile.bel.tr\/wp-content\/uploads\/2023\/07\/002-768x576.jpg 768w, http:\/\/site.zile.bel.tr\/wp-content\/uploads\/2023\/07\/002.jpg 1024w\" sizes=\"auto, (max-width: 800px) 100vw, 800px\" \/><\/p>\n<p>M\u00fczede ziyaret\u00e7ileri bilgilendirmek \u00fczere bir sanat tarihi uzman\u0131 g\u00f6revlendirdiklerini belirten Belediye Ba\u015fkan\u0131 \u015e\u00fckr\u00fc Sarg\u0131n, \u201cZiyarete gelen vatanda\u015flar\u0131m\u0131za bilgilendirme yap\u0131yoruz. M\u00fczemize ve rekreasyon \u00e7al\u0131\u015fmas\u0131 yap\u0131lan kalemize yo\u011fun bir ilgi var. Gelen vatanda\u015flar\u0131m\u0131z\u0131 m\u00fczemizde bulunan b\u00f6l\u00fcmler hakk\u0131nda bilgilendirme yaparak buradan bilgi sahibi olarak ayr\u0131lmalar\u0131n\u0131 sa\u011fl\u0131yoruz. Ge\u00e7mi\u015fi gelece\u011fe ta\u015f\u0131yan m\u00fczemizin ve kalemizin Zile\u2019ye art\u0131 bir de\u011fer katt\u0131\u011f\u0131n\u0131 belirtmek isterim\u201d dedi.<\/p>\n","protected":false},"excerpt":{"rendered":"<p>Zile Belediyesi turizm projeleri kapsam\u0131nda Tarihi Zile Kalesi\u2019nde yap\u0131m\u0131 tamamlanarak faaliyete al\u0131nan \u201cVeni Vidi Vici Zile Kent M\u00fczesi\u201d vatanda\u015flar taraf\u0131ndan yo\u011fun ilgi g\u00f6r\u00fcyor. 9 g\u00fcnde 18 bin 630 ziyaret\u00e7i \u0130l\u00e7e halk\u0131 ve d\u0131\u015fardan gelenlerin yo\u011fun ilgi g\u00f6sterdi\u011fi m\u00fczede, sanat tarihi uzman\u0131 ve m\u00fcze sorumlusu olarak g\u00f6rev yapan Kurtulu\u015f Uygun, ziyaret\u00e7ilere rehberlik yaparak m\u00fcze hakk\u0131nda gerekli [&hellip;]<\/p>\n","protected":false},"author":1,"featured_media":6012,"comment_status":"open","ping_status":"open","sticky":false,"template":"","format":"standard","meta":{"footnotes":""},"categories":[11],"tags":[110,109,222,224,223,27],"class_list":["post-6011","post","type-post","status-publish","format-standard","has-post-thumbnail","hentry","category-haberler","tag-kale","tag-muze","tag-veni","tag-vici","tag-vidi","tag-zile"],"_links":{"self":[{"href":"http:\/\/site.zile.bel.tr\/index.php\/wp-json\/wp\/v2\/posts\/6011","targetHints":{"allow":["GET"]}}],"collection":[{"href":"http:\/\/site.zile.bel.tr\/index.php\/wp-json\/wp\/v2\/posts"}],"about":[{"href":"http:\/\/site.zile.bel.tr\/index.php\/wp-json\/wp\/v2\/types\/post"}],"author":[{"embeddable":true,"href":"http:\/\/site.zile.bel.tr\/index.php\/wp-json\/wp\/v2\/users\/1"}],"replies":[{"embeddable":true,"href":"http:\/\/site.zile.bel.tr\/index.php\/wp-json\/wp\/v2\/comments?post=6011"}],"version-history":[{"count":2,"href":"http:\/\/site.zile.bel.tr\/index.php\/wp-json\/wp\/v2\/posts\/6011\/revisions"}],"predecessor-version":[{"id":6016,"href":"http:\/\/site.zile.bel.tr\/index.php\/wp-json\/wp\/v2\/posts\/6011\/revisions\/6016"}],"wp:featuredmedia":[{"embeddable":true,"href":"http:\/\/site.zile.bel.tr\/index.php\/wp-json\/wp\/v2\/media\/6012"}],"wp:attachment":[{"href":"http:\/\/site.zile.bel.tr\/index.php\/wp-json\/wp\/v2\/media?parent=6011"}],"wp:term":[{"taxonomy":"category","embeddable":true,"href":"http:\/\/site.zile.bel.tr\/index.php\/wp-json\/wp\/v2\/categories?post=6011"},{"taxonomy":"post_tag","embeddable":true,"href":"http:\/\/site.zile.bel.tr\/index.php\/wp-json\/wp\/v2\/tags?post=6011"}],"curies":[{"name":"wp","href":"https:\/\/api.w.org\/{rel}","templated":true}]}}