{"id":6032,"date":"2023-07-21T19:10:05","date_gmt":"2023-07-21T16:10:05","guid":{"rendered":"https:\/\/site.zile.bel.tr\/?p=6032"},"modified":"2023-07-21T19:10:05","modified_gmt":"2023-07-21T16:10:05","slug":"baskan-sargindan-sampiyon-gurescilere-altin-odulu","status":"publish","type":"post","link":"http:\/\/site.zile.bel.tr\/index.php\/2023\/07\/21\/baskan-sargindan-sampiyon-gurescilere-altin-odulu\/","title":{"rendered":"Ba\u015fkan Sarg\u0131n\u2019dan \u015fampiyon g\u00fcre\u015f\u00e7ilere alt\u0131n \u00f6d\u00fcl\u00fc"},"content":{"rendered":"<p>Ba\u015fkan Sarg\u0131n\u2019dan \u015fampiyon g\u00fcre\u015f\u00e7ilere alt\u0131n \u00f6d\u00fcl\u00fc<\/p>\n<p><img loading=\"lazy\" decoding=\"async\" class=\"alignnone wp-image-6033\" src=\"http:\/\/site.zile.bel.tr\/wp-content\/uploads\/2023\/07\/DSC_5178-300x200.jpg\" alt=\"\" width=\"800\" height=\"533\" srcset=\"http:\/\/site.zile.bel.tr\/wp-content\/uploads\/2023\/07\/DSC_5178-300x200.jpg 300w, http:\/\/site.zile.bel.tr\/wp-content\/uploads\/2023\/07\/DSC_5178-1024x683.jpg 1024w, http:\/\/site.zile.bel.tr\/wp-content\/uploads\/2023\/07\/DSC_5178-768x512.jpg 768w, http:\/\/site.zile.bel.tr\/wp-content\/uploads\/2023\/07\/DSC_5178-1536x1024.jpg 1536w, http:\/\/site.zile.bel.tr\/wp-content\/uploads\/2023\/07\/DSC_5178.jpg 1698w\" sizes=\"auto, (max-width: 800px) 100vw, 800px\" \/><\/p>\n<p>Spora ve sporcuya \u00f6nem veren Zile Belediye Ba\u015fkan\u0131 \u015e\u00fckr\u00fc Sarg\u0131n, Zile Belediyespor Kul\u00fcb\u00fc\u2019n\u00fcn \u015fampiyon g\u00fcre\u015f\u00e7ilerini alt\u0131nla \u00f6d\u00fcllendirdi.<\/p>\n<p>Ba\u015fkan Sarg\u0131n, makam\u0131nda ger\u00e7ekle\u015ftirilen \u00f6d\u00fcl t\u00f6reninde gen\u00e7 g\u00fcre\u015f\u00e7ileri tebrik ederek, sporcular\u0131n bundan sonra da ba\u015far\u0131lar\u0131yla Zile\u2019nin gururu olacaklar\u0131na inand\u0131\u011f\u0131n\u0131 s\u00f6yledi.<\/p>\n<p><img loading=\"lazy\" decoding=\"async\" class=\"alignnone wp-image-6034\" src=\"http:\/\/site.zile.bel.tr\/wp-content\/uploads\/2023\/07\/DSC_5146-300x200.jpg\" alt=\"\" width=\"800\" height=\"533\" srcset=\"http:\/\/site.zile.bel.tr\/wp-content\/uploads\/2023\/07\/DSC_5146-300x200.jpg 300w, http:\/\/site.zile.bel.tr\/wp-content\/uploads\/2023\/07\/DSC_5146-1024x683.jpg 1024w, http:\/\/site.zile.bel.tr\/wp-content\/uploads\/2023\/07\/DSC_5146-768x512.jpg 768w, http:\/\/site.zile.bel.tr\/wp-content\/uploads\/2023\/07\/DSC_5146-1536x1024.jpg 1536w, http:\/\/site.zile.bel.tr\/wp-content\/uploads\/2023\/07\/DSC_5146.jpg 1698w\" sizes=\"auto, (max-width: 800px) 100vw, 800px\" \/><\/p>\n<p>Makamda \u00f6d\u00fcllerini ba\u015fkan \u015e\u00fckr\u00fc Sarg\u0131n\u2019dan alan Efe R\u00fc\u015ft\u00fc Altunta\u015f, Edirne 662.Tarihi K\u0131rkp\u0131nar Ya\u011fl\u0131 Pehlivan G\u00fcre\u015flerinde deste k\u00fc\u00e7\u00fck boyda 2.\u2019nci, Poyraz Bilgin U13 T\u00fcrkiye \u015eampiyonu, Volkan Bilgin Y\u0131ld\u0131zlar T\u00fcrkiye \u015eampiyonu, \u0130brahim Emir Cankurt U11 T\u00fcrkiye \u015eampiyonu, Muhammed Mustafa Ba\u011fr\u0131a\u00e7\u0131k U11 T\u00fcrkiye 3\u2019.nc\u00fc ve M\u00fccteba Bera Ko\u00e7 da Macaristan\u2019da Avrupa 5.\u2019ncisi oldu.<\/p>\n<p>Zile Belediyespor Kul\u00fcb\u00fc sporcular\u0131n\u0131n Zile\u2019ye b\u00fcy\u00fck mutluluk ya\u015fatt\u0131\u011f\u0131n\u0131 belirten \u015e\u00fckr\u00fc Sarg\u0131n, \u201cKendileriyle gurur duyuyoruz ve bize bu duygular\u0131 ya\u015fatt\u0131klar\u0131 i\u00e7in te\u015fekk\u00fcr ediyoruz. Gen\u00e7 g\u00fcre\u015f\u00e7ilerimiz geleceklerinin de g\u00fczel ba\u015far\u0131larla dolu olaca\u011f\u0131n\u0131 g\u00f6stermi\u015f oldular. Sporcular\u0131m\u0131z\u0131n e\u011fitiminde b\u00fcy\u00fck eme\u011fi olan Emre \u015eahin Hocam\u0131z\u0131 da can\u0131 g\u00f6n\u00fclden kutlar\u0131m\u201d dedi.<\/p>\n\n\t\t<style type=\"text\/css\">\n\t\t\t#gallery-1 {\n\t\t\t\tmargin: auto;\n\t\t\t}\n\t\t\t#gallery-1 .gallery-item {\n\t\t\t\tfloat: left;\n\t\t\t\tmargin-top: 10px;\n\t\t\t\ttext-align: center;\n\t\t\t\twidth: 33%;\n\t\t\t}\n\t\t\t#gallery-1 img {\n\t\t\t\tborder: 2px solid #cfcfcf;\n\t\t\t}\n\t\t\t#gallery-1 .gallery-caption {\n\t\t\t\tmargin-left: 0;\n\t\t\t}\n\t\t\t\/* see gallery_shortcode() in wp-includes\/media.php *\/\n\t\t<\/style>\n\t\t<div id='gallery-1' class='gallery galleryid-6032 gallery-columns-3 gallery-size-thumbnail'><dl class='gallery-item'>\n\t\t\t<dt class='gallery-icon landscape'>\n\t\t\t\t<a href='http:\/\/site.zile.bel.tr\/wp-content\/uploads\/2023\/07\/DSC_5146-1.jpg'><img loading=\"lazy\" decoding=\"async\" width=\"150\" height=\"150\" src=\"http:\/\/site.zile.bel.tr\/wp-content\/uploads\/2023\/07\/DSC_5146-1-150x150.jpg\" class=\"attachment-thumbnail size-thumbnail\" alt=\"\" \/><\/a>\n\t\t\t<\/dt><\/dl><dl class='gallery-item'>\n\t\t\t<dt class='gallery-icon landscape'>\n\t\t\t\t<a href='http:\/\/site.zile.bel.tr\/wp-content\/uploads\/2023\/07\/DSC_5152-1.jpg'><img loading=\"lazy\" decoding=\"async\" width=\"150\" height=\"150\" src=\"http:\/\/site.zile.bel.tr\/wp-content\/uploads\/2023\/07\/DSC_5152-1-150x150.jpg\" class=\"attachment-thumbnail size-thumbnail\" alt=\"\" \/><\/a>\n\t\t\t<\/dt><\/dl><dl class='gallery-item'>\n\t\t\t<dt class='gallery-icon landscape'>\n\t\t\t\t<a href='http:\/\/site.zile.bel.tr\/wp-content\/uploads\/2023\/07\/DSC_5154.jpg'><img loading=\"lazy\" decoding=\"async\" width=\"150\" height=\"150\" src=\"http:\/\/site.zile.bel.tr\/wp-content\/uploads\/2023\/07\/DSC_5154-150x150.jpg\" class=\"attachment-thumbnail size-thumbnail\" alt=\"\" \/><\/a>\n\t\t\t<\/dt><\/dl><br style=\"clear: both\" \/><dl class='gallery-item'>\n\t\t\t<dt class='gallery-icon landscape'>\n\t\t\t\t<a href='http:\/\/site.zile.bel.tr\/wp-content\/uploads\/2023\/07\/DSC_5158.jpg'><img loading=\"lazy\" decoding=\"async\" width=\"150\" height=\"150\" src=\"http:\/\/site.zile.bel.tr\/wp-content\/uploads\/2023\/07\/DSC_5158-150x150.jpg\" class=\"attachment-thumbnail size-thumbnail\" alt=\"\" \/><\/a>\n\t\t\t<\/dt><\/dl><dl class='gallery-item'>\n\t\t\t<dt class='gallery-icon landscape'>\n\t\t\t\t<a href='http:\/\/site.zile.bel.tr\/wp-content\/uploads\/2023\/07\/DSC_5163.jpg'><img loading=\"lazy\" decoding=\"async\" width=\"150\" height=\"150\" src=\"http:\/\/site.zile.bel.tr\/wp-content\/uploads\/2023\/07\/DSC_5163-150x150.jpg\" class=\"attachment-thumbnail size-thumbnail\" alt=\"\" \/><\/a>\n\t\t\t<\/dt><\/dl><dl class='gallery-item'>\n\t\t\t<dt class='gallery-icon landscape'>\n\t\t\t\t<a href='http:\/\/site.zile.bel.tr\/wp-content\/uploads\/2023\/07\/DSC_5167.jpg'><img loading=\"lazy\" decoding=\"async\" width=\"150\" height=\"150\" src=\"http:\/\/site.zile.bel.tr\/wp-content\/uploads\/2023\/07\/DSC_5167-150x150.jpg\" class=\"attachment-thumbnail size-thumbnail\" alt=\"\" \/><\/a>\n\t\t\t<\/dt><\/dl><br style=\"clear: both\" \/><dl class='gallery-item'>\n\t\t\t<dt class='gallery-icon landscape'>\n\t\t\t\t<a href='http:\/\/site.zile.bel.tr\/wp-content\/uploads\/2023\/07\/DSC_5170.jpg'><img loading=\"lazy\" decoding=\"async\" width=\"150\" height=\"150\" src=\"http:\/\/site.zile.bel.tr\/wp-content\/uploads\/2023\/07\/DSC_5170-150x150.jpg\" class=\"attachment-thumbnail size-thumbnail\" alt=\"\" \/><\/a>\n\t\t\t<\/dt><\/dl><dl class='gallery-item'>\n\t\t\t<dt class='gallery-icon landscape'>\n\t\t\t\t<a href='http:\/\/site.zile.bel.tr\/wp-content\/uploads\/2023\/07\/DSC_5172.jpg'><img loading=\"lazy\" decoding=\"async\" width=\"150\" height=\"150\" src=\"http:\/\/site.zile.bel.tr\/wp-content\/uploads\/2023\/07\/DSC_5172-150x150.jpg\" class=\"attachment-thumbnail size-thumbnail\" alt=\"\" \/><\/a>\n\t\t\t<\/dt><\/dl><dl class='gallery-item'>\n\t\t\t<dt class='gallery-icon landscape'>\n\t\t\t\t<a href='http:\/\/site.zile.bel.tr\/wp-content\/uploads\/2023\/07\/DSC_5173.jpg'><img loading=\"lazy\" decoding=\"async\" width=\"150\" height=\"150\" src=\"http:\/\/site.zile.bel.tr\/wp-content\/uploads\/2023\/07\/DSC_5173-150x150.jpg\" class=\"attachment-thumbnail size-thumbnail\" alt=\"\" \/><\/a>\n\t\t\t<\/dt><\/dl><br style=\"clear: both\" \/><dl class='gallery-item'>\n\t\t\t<dt class='gallery-icon landscape'>\n\t\t\t\t<a href='http:\/\/site.zile.bel.tr\/wp-content\/uploads\/2023\/07\/DSC_5176.jpg'><img loading=\"lazy\" decoding=\"async\" width=\"150\" height=\"150\" src=\"http:\/\/site.zile.bel.tr\/wp-content\/uploads\/2023\/07\/DSC_5176-150x150.jpg\" class=\"attachment-thumbnail size-thumbnail\" alt=\"\" \/><\/a>\n\t\t\t<\/dt><\/dl><dl class='gallery-item'>\n\t\t\t<dt class='gallery-icon landscape'>\n\t\t\t\t<a href='http:\/\/site.zile.bel.tr\/wp-content\/uploads\/2023\/07\/DSC_5178-1.jpg'><img loading=\"lazy\" decoding=\"async\" width=\"150\" height=\"150\" src=\"http:\/\/site.zile.bel.tr\/wp-content\/uploads\/2023\/07\/DSC_5178-1-150x150.jpg\" class=\"attachment-thumbnail size-thumbnail\" alt=\"\" \/><\/a>\n\t\t\t<\/dt><\/dl>\n\t\t\t<br style='clear: both' \/>\n\t\t<\/div>\n\n","protected":false},"excerpt":{"rendered":"<p>Ba\u015fkan Sarg\u0131n\u2019dan \u015fampiyon g\u00fcre\u015f\u00e7ilere alt\u0131n \u00f6d\u00fcl\u00fc Spora ve sporcuya \u00f6nem veren Zile Belediye Ba\u015fkan\u0131 \u015e\u00fckr\u00fc Sarg\u0131n, Zile Belediyespor Kul\u00fcb\u00fc\u2019n\u00fcn \u015fampiyon g\u00fcre\u015f\u00e7ilerini alt\u0131nla \u00f6d\u00fcllendirdi. Ba\u015fkan Sarg\u0131n, makam\u0131nda ger\u00e7ekle\u015ftirilen \u00f6d\u00fcl t\u00f6reninde gen\u00e7 g\u00fcre\u015f\u00e7ileri tebrik ederek, sporcular\u0131n bundan sonra da ba\u015far\u0131lar\u0131yla Zile\u2019nin gururu olacaklar\u0131na inand\u0131\u011f\u0131n\u0131 s\u00f6yledi. Makamda \u00f6d\u00fcllerini ba\u015fkan \u015e\u00fckr\u00fc Sarg\u0131n\u2019dan alan Efe R\u00fc\u015ft\u00fc Altunta\u015f, Edirne 662.Tarihi K\u0131rkp\u0131nar [&hellip;]<\/p>\n","protected":false},"author":1,"featured_media":6046,"comment_status":"open","ping_status":"open","sticky":false,"template":"","format":"standard","meta":{"footnotes":""},"categories":[11],"tags":[],"class_list":["post-6032","post","type-post","status-publish","format-standard","has-post-thumbnail","hentry","category-haberler"],"_links":{"self":[{"href":"http:\/\/site.zile.bel.tr\/index.php\/wp-json\/wp\/v2\/posts\/6032","targetHints":{"allow":["GET"]}}],"collection":[{"href":"http:\/\/site.zile.bel.tr\/index.php\/wp-json\/wp\/v2\/posts"}],"about":[{"href":"http:\/\/site.zile.bel.tr\/index.php\/wp-json\/wp\/v2\/types\/post"}],"author":[{"embeddable":true,"href":"http:\/\/site.zile.bel.tr\/index.php\/wp-json\/wp\/v2\/users\/1"}],"replies":[{"embeddable":true,"href":"http:\/\/site.zile.bel.tr\/index.php\/wp-json\/wp\/v2\/comments?post=6032"}],"version-history":[{"count":1,"href":"http:\/\/site.zile.bel.tr\/index.php\/wp-json\/wp\/v2\/posts\/6032\/revisions"}],"predecessor-version":[{"id":6047,"href":"http:\/\/site.zile.bel.tr\/index.php\/wp-json\/wp\/v2\/posts\/6032\/revisions\/6047"}],"wp:featuredmedia":[{"embeddable":true,"href":"http:\/\/site.zile.bel.tr\/index.php\/wp-json\/wp\/v2\/media\/6046"}],"wp:attachment":[{"href":"http:\/\/site.zile.bel.tr\/index.php\/wp-json\/wp\/v2\/media?parent=6032"}],"wp:term":[{"taxonomy":"category","embeddable":true,"href":"http:\/\/site.zile.bel.tr\/index.php\/wp-json\/wp\/v2\/categories?post=6032"},{"taxonomy":"post_tag","embeddable":true,"href":"http:\/\/site.zile.bel.tr\/index.php\/wp-json\/wp\/v2\/tags?post=6032"}],"curies":[{"name":"wp","href":"https:\/\/api.w.org\/{rel}","templated":true}]}}