{"id":6048,"date":"2023-07-25T10:31:35","date_gmt":"2023-07-25T07:31:35","guid":{"rendered":"https:\/\/site.zile.bel.tr\/?p=6048"},"modified":"2023-07-25T10:31:35","modified_gmt":"2023-07-25T07:31:35","slug":"zilede-karakilcik-bugdayi-hasadi-yapildi-3","status":"publish","type":"post","link":"http:\/\/site.zile.bel.tr\/index.php\/2023\/07\/25\/zilede-karakilcik-bugdayi-hasadi-yapildi-3\/","title":{"rendered":"Zile\u2019de Karak\u0131l\u00e7\u0131k Bu\u011fday\u0131 hasad\u0131 yap\u0131ld\u0131"},"content":{"rendered":"<p>Zile\u2019de Karak\u0131l\u00e7\u0131k Bu\u011fday\u0131 hasad\u0131 yap\u0131ld\u0131<\/p>\n<p><img loading=\"lazy\" decoding=\"async\" class=\"alignnone wp-image-6049\" src=\"http:\/\/site.zile.bel.tr\/wp-content\/uploads\/2023\/07\/1-1024x683-1-300x200.jpg\" alt=\"\" width=\"800\" height=\"534\" srcset=\"http:\/\/site.zile.bel.tr\/wp-content\/uploads\/2023\/07\/1-1024x683-1-300x200.jpg 300w, http:\/\/site.zile.bel.tr\/wp-content\/uploads\/2023\/07\/1-1024x683-1-768x512.jpg 768w, http:\/\/site.zile.bel.tr\/wp-content\/uploads\/2023\/07\/1-1024x683-1.jpg 1024w\" sizes=\"auto, (max-width: 800px) 100vw, 800px\" \/><\/p>\n<p>Zile\u2019de 1000 y\u0131ll\u0131k Ata Tohumundan \u201cKarak\u0131l\u00e7\u0131k Bu\u011fday\u0131n\u0131n Yayg\u0131nla\u015ft\u0131r\u0131lmas\u0131 Projesi\u201d kapsam\u0131nda 40 d\u00f6n\u00fcme ekimi yap\u0131lan Karak\u0131l\u00e7\u0131k Bu\u011fday\u0131n\u0131n hasad\u0131 yap\u0131ld\u0131.<br \/>\nZile Belediyesi taraf\u0131ndan Karak\u0131l\u00e7\u0131k Bu\u011fday\u0131n\u0131 tekrar ekme, yayg\u0131nla\u015ft\u0131rma ve bu\u011fday \u00fcreticilerine destek verme amac\u0131yla ba\u015flat\u0131lan proje kapsam\u0131nda \u0130stasyon Mahallesi\u2019ndeki tar\u0131m arazisine Karak\u0131l\u00e7\u0131k Bu\u011fday\u0131 ekildi.<\/p>\n<p><img loading=\"lazy\" decoding=\"async\" class=\"alignnone wp-image-6050\" src=\"http:\/\/site.zile.bel.tr\/wp-content\/uploads\/2023\/07\/001-son-3300-x-2254-1024x699-1-300x205.jpg\" alt=\"\" width=\"800\" height=\"546\" srcset=\"http:\/\/site.zile.bel.tr\/wp-content\/uploads\/2023\/07\/001-son-3300-x-2254-1024x699-1-300x205.jpg 300w, http:\/\/site.zile.bel.tr\/wp-content\/uploads\/2023\/07\/001-son-3300-x-2254-1024x699-1-768x524.jpg 768w, http:\/\/site.zile.bel.tr\/wp-content\/uploads\/2023\/07\/001-son-3300-x-2254-1024x699-1.jpg 1024w\" sizes=\"auto, (max-width: 800px) 100vw, 800px\" \/><br \/>\nKarak\u0131l\u00e7\u0131k Bu\u011fday\u0131n\u0131 yayg\u0131nla\u015ft\u0131rma, bu\u011fday \u00fcreticisine ve hayvan yeti\u015ftiricilerine destek olmak ad\u0131na ba\u015flat\u0131lan \u00e7al\u0131\u015fmalar\u0131n meyvesini verdi\u011fini belirten Zile Belediye Ba\u015fkan\u0131 \u015e\u00fckr\u00fc Sarg\u0131n, sa\u011fl\u0131kl\u0131 g\u0131daya yerel tohumlarla ula\u015f\u0131labilece\u011fini ifade etti.<\/p>\n<p><img loading=\"lazy\" decoding=\"async\" class=\"alignnone wp-image-6051\" src=\"http:\/\/site.zile.bel.tr\/wp-content\/uploads\/2023\/07\/DSC_5083-300x200.jpg\" alt=\"\" width=\"800\" height=\"533\" srcset=\"http:\/\/site.zile.bel.tr\/wp-content\/uploads\/2023\/07\/DSC_5083-300x200.jpg 300w, http:\/\/site.zile.bel.tr\/wp-content\/uploads\/2023\/07\/DSC_5083-1024x682.jpg 1024w, http:\/\/site.zile.bel.tr\/wp-content\/uploads\/2023\/07\/DSC_5083-768x512.jpg 768w, http:\/\/site.zile.bel.tr\/wp-content\/uploads\/2023\/07\/DSC_5083-1536x1024.jpg 1536w, http:\/\/site.zile.bel.tr\/wp-content\/uploads\/2023\/07\/DSC_5083.jpg 2042w\" sizes=\"auto, (max-width: 800px) 100vw, 800px\" \/><\/p>\n<p>\u20181000 y\u0131ll\u0131k ata tohumu Karak\u0131l\u00e7\u0131k bu\u011fday\u0131\u2019<\/p>\n<p>1000 y\u0131ll\u0131k ata tohumunun il\u00e7emizde yeti\u015ftirilmesi i\u00e7in \u00e7al\u0131\u015fmalara devam ettiklerini belirten Zile Belediye Ba\u015fkan\u0131 \u015e\u00fckr\u00fc Sarg\u0131n, \u201cKarak\u0131l\u00e7\u0131k Bu\u011fday\u0131m\u0131z\u0131n bu y\u0131lda hasad\u0131n\u0131 yapman\u0131n mutlulu\u011fu ya\u015f\u0131yoruz. Pandemi s\u00fcrecinde \u00f6zellikle \u00fclkelerin bu d\u00f6nemde \u00fczerinde durduklar\u0131 en \u00f6nemli konulardan bir tanesi de g\u0131da arz g\u00fcvenli\u011fidir. Bu vesileyle Zile gibi geni\u015f tar\u0131m arazilerine sahip, iklim bak\u0131m\u0131ndan elveri\u015fli bu b\u00f6lgelerde \u00e7ok \u00f6nemli bir misyonumuz var. Zile Belediyesi olarak halk\u0131m\u0131z\u0131n ve elbette \u00fclkemizin sa\u011fl\u0131kl\u0131 g\u0131daya eri\u015fimi noktas\u0131nda bir misyona sahibiz\u201ddedi.<\/p>\n<p><img loading=\"lazy\" decoding=\"async\" class=\"alignnone wp-image-6052\" src=\"http:\/\/site.zile.bel.tr\/wp-content\/uploads\/2023\/07\/DSC_5086-300x200.jpg\" alt=\"\" width=\"800\" height=\"533\" srcset=\"http:\/\/site.zile.bel.tr\/wp-content\/uploads\/2023\/07\/DSC_5086-300x200.jpg 300w, http:\/\/site.zile.bel.tr\/wp-content\/uploads\/2023\/07\/DSC_5086-1024x682.jpg 1024w, http:\/\/site.zile.bel.tr\/wp-content\/uploads\/2023\/07\/DSC_5086-768x512.jpg 768w, http:\/\/site.zile.bel.tr\/wp-content\/uploads\/2023\/07\/DSC_5086-1536x1024.jpg 1536w, http:\/\/site.zile.bel.tr\/wp-content\/uploads\/2023\/07\/DSC_5086.jpg 2042w\" sizes=\"auto, (max-width: 800px) 100vw, 800px\" \/><br \/>\nBa\u015fkan Sarg\u0131n s\u00f6zlerini \u015f\u00f6yle s\u00fcrd\u00fcrd\u00fc.<br \/>\n\u201cBu projeyi s\u00fcrd\u00fcrebilmek i\u00e7in kendimize \u00f6zg\u00fc bu t\u00fcr tohumlarla elde etti\u011fimiz \u00fcr\u00fcnleri ihtiya\u00e7 duyan insanlara sunmam\u0131z gerekiyor. Bu a\u00e7\u0131dan bu \u00e7al\u0131\u015fmay\u0131 \u00f6nemsiyoruz. \u0130l\u00e7emizin geli\u015fmesi a\u00e7\u0131s\u0131ndan turizm ve tar\u0131m odakl\u0131 \u00e7al\u0131\u015fmalar\u0131m\u0131z devam edecektir. Zile Belediyesi olarak k\u0131rsalda hizmet etmeye, k\u0131rsaldaki vatanda\u015flar\u0131m\u0131z\u0131n yan\u0131nda olmaya ve yerel tohumlarla tar\u0131m\u0131 desteklemeye devam edece\u011fiz\u201d<\/p>\n","protected":false},"excerpt":{"rendered":"<p>Zile\u2019de Karak\u0131l\u00e7\u0131k Bu\u011fday\u0131 hasad\u0131 yap\u0131ld\u0131 Zile\u2019de 1000 y\u0131ll\u0131k Ata Tohumundan \u201cKarak\u0131l\u00e7\u0131k Bu\u011fday\u0131n\u0131n Yayg\u0131nla\u015ft\u0131r\u0131lmas\u0131 Projesi\u201d kapsam\u0131nda 40 d\u00f6n\u00fcme ekimi yap\u0131lan Karak\u0131l\u00e7\u0131k Bu\u011fday\u0131n\u0131n hasad\u0131 yap\u0131ld\u0131. Zile Belediyesi taraf\u0131ndan Karak\u0131l\u00e7\u0131k Bu\u011fday\u0131n\u0131 tekrar ekme, yayg\u0131nla\u015ft\u0131rma ve bu\u011fday \u00fcreticilerine destek verme amac\u0131yla ba\u015flat\u0131lan proje kapsam\u0131nda \u0130stasyon Mahallesi\u2019ndeki tar\u0131m arazisine Karak\u0131l\u00e7\u0131k Bu\u011fday\u0131 ekildi. Karak\u0131l\u00e7\u0131k Bu\u011fday\u0131n\u0131 yayg\u0131nla\u015ft\u0131rma, bu\u011fday \u00fcreticisine ve hayvan yeti\u015ftiricilerine [&hellip;]<\/p>\n","protected":false},"author":1,"featured_media":6049,"comment_status":"open","ping_status":"open","sticky":false,"template":"","format":"standard","meta":{"footnotes":""},"categories":[11],"tags":[],"class_list":["post-6048","post","type-post","status-publish","format-standard","has-post-thumbnail","hentry","category-haberler"],"_links":{"self":[{"href":"http:\/\/site.zile.bel.tr\/index.php\/wp-json\/wp\/v2\/posts\/6048","targetHints":{"allow":["GET"]}}],"collection":[{"href":"http:\/\/site.zile.bel.tr\/index.php\/wp-json\/wp\/v2\/posts"}],"about":[{"href":"http:\/\/site.zile.bel.tr\/index.php\/wp-json\/wp\/v2\/types\/post"}],"author":[{"embeddable":true,"href":"http:\/\/site.zile.bel.tr\/index.php\/wp-json\/wp\/v2\/users\/1"}],"replies":[{"embeddable":true,"href":"http:\/\/site.zile.bel.tr\/index.php\/wp-json\/wp\/v2\/comments?post=6048"}],"version-history":[{"count":1,"href":"http:\/\/site.zile.bel.tr\/index.php\/wp-json\/wp\/v2\/posts\/6048\/revisions"}],"predecessor-version":[{"id":6053,"href":"http:\/\/site.zile.bel.tr\/index.php\/wp-json\/wp\/v2\/posts\/6048\/revisions\/6053"}],"wp:featuredmedia":[{"embeddable":true,"href":"http:\/\/site.zile.bel.tr\/index.php\/wp-json\/wp\/v2\/media\/6049"}],"wp:attachment":[{"href":"http:\/\/site.zile.bel.tr\/index.php\/wp-json\/wp\/v2\/media?parent=6048"}],"wp:term":[{"taxonomy":"category","embeddable":true,"href":"http:\/\/site.zile.bel.tr\/index.php\/wp-json\/wp\/v2\/categories?post=6048"},{"taxonomy":"post_tag","embeddable":true,"href":"http:\/\/site.zile.bel.tr\/index.php\/wp-json\/wp\/v2\/tags?post=6048"}],"curies":[{"name":"wp","href":"https:\/\/api.w.org\/{rel}","templated":true}]}}