{"id":6069,"date":"2023-08-01T14:11:14","date_gmt":"2023-08-01T11:11:14","guid":{"rendered":"https:\/\/site.zile.bel.tr\/?p=6069"},"modified":"2023-08-01T14:12:14","modified_gmt":"2023-08-01T11:12:14","slug":"muharrem-ayi-munasebetiyle-zile-belediyesinde-asure-dagitimi-gerceklestirildi-2","status":"publish","type":"post","link":"http:\/\/site.zile.bel.tr\/index.php\/2023\/08\/01\/muharrem-ayi-munasebetiyle-zile-belediyesinde-asure-dagitimi-gerceklestirildi-2\/","title":{"rendered":"Muharrem Ay\u0131 M\u00fcnasebetiyle Zile Belediyesi\u2019nde A\u015fure Da\u011f\u0131t\u0131m\u0131 Ger\u00e7ekle\u015ftirildi"},"content":{"rendered":"<p>Muharrem Ay\u0131 M\u00fcnasebetiyle Zile Belediyesi\u2019nde A\u015fure Da\u011f\u0131t\u0131m\u0131 Ger\u00e7ekle\u015ftirildi<\/p>\n<p><img loading=\"lazy\" decoding=\"async\" class=\"alignnone wp-image-6070\" src=\"http:\/\/site.zile.bel.tr\/wp-content\/uploads\/2023\/08\/9-300x200.jpg\" alt=\"\" width=\"800\" height=\"533\" srcset=\"http:\/\/site.zile.bel.tr\/wp-content\/uploads\/2023\/08\/9-300x200.jpg 300w, http:\/\/site.zile.bel.tr\/wp-content\/uploads\/2023\/08\/9-768x512.jpg 768w, http:\/\/site.zile.bel.tr\/wp-content\/uploads\/2023\/08\/9.jpg 1024w\" sizes=\"auto, (max-width: 800px) 100vw, 800px\" \/><\/p>\n<p>Zile Belediyesi taraf\u0131ndan Muharrem ay\u0131 dolay\u0131s\u0131yla 3 bin ki\u015filik a\u015fure da\u011f\u0131t\u0131ld\u0131.<br \/>\nMuharrem Ay\u0131\u2019n\u0131n M\u00fcsl\u00fcmanlar\u0131n ortak h\u00fcz\u00fcn g\u00fcn\u00fc oldu\u011funu belirten Zile Belediye Ba\u015fkan\u0131 \u015e\u00fckr\u00fc Sarg\u0131n, Muharrem Ay\u0131\u2019n\u0131n t\u00fcm halk\u0131m\u0131za bereket, birlik, beraberlik ve karde\u015flik getirmesini temenni etti.<\/p>\n<p><img loading=\"lazy\" decoding=\"async\" class=\"alignnone wp-image-6071\" src=\"http:\/\/site.zile.bel.tr\/wp-content\/uploads\/2023\/08\/5-300x200.jpg\" alt=\"\" width=\"800\" height=\"533\" srcset=\"http:\/\/site.zile.bel.tr\/wp-content\/uploads\/2023\/08\/5-300x200.jpg 300w, http:\/\/site.zile.bel.tr\/wp-content\/uploads\/2023\/08\/5-768x512.jpg 768w, http:\/\/site.zile.bel.tr\/wp-content\/uploads\/2023\/08\/5.jpg 1024w\" sizes=\"auto, (max-width: 800px) 100vw, 800px\" \/><\/p>\n<p>Muharrem Ay\u0131\u2019nda bereket ve payla\u015fman\u0131n anlam\u0131 olan a\u015fure g\u00fcn\u00fc m\u00fcnasebetiyle ger\u00e7ekle\u015ftirilen a\u015fure da\u011f\u0131t\u0131m\u0131 etkinli\u011fine CHP Tokat Milletvekili Kadim Durmaz, Zile Kaymakam\u0131 Mehmet Ali Aky\u00fcz, Zile Belediye Ba\u015fkan\u0131 \u015e\u00fckr\u00fc Sarg\u0131n, Zile Cumhuriyet Ba\u015fsavc\u0131s\u0131 C\u00fcneyt San\u0131var, \u0130l\u00e7e Emniyet M\u00fcd\u00fcr\u00fc Bilal K\u00fcr\u015fat K\u0131l\u0131\u00e7arslan, \u0130l\u00e7e M\u00fcft\u00fcs\u00fc Yasir Ta\u015f, \u0130l\u00e7e Milli E\u011fitim M\u00fcd\u00fcr\u00fc Hac\u0131 Bayram Polattimur, CHP Tokat \u0130l Ba\u015fkan\u0131 Murat Yaz\u0131c\u0131, CHP Zile \u0130l\u00e7e Ba\u015fkan\u0131 Ali R\u0131za Bozdemir ve \u0130l\u00e7e Sakinleri kat\u0131ld\u0131.<\/p>\n<p><img loading=\"lazy\" decoding=\"async\" class=\"alignnone wp-image-6072\" src=\"http:\/\/site.zile.bel.tr\/wp-content\/uploads\/2023\/08\/1-300x200.jpg\" alt=\"\" width=\"800\" height=\"533\" srcset=\"http:\/\/site.zile.bel.tr\/wp-content\/uploads\/2023\/08\/1-300x200.jpg 300w, http:\/\/site.zile.bel.tr\/wp-content\/uploads\/2023\/08\/1-768x512.jpg 768w, http:\/\/site.zile.bel.tr\/wp-content\/uploads\/2023\/08\/1.jpg 1024w\" sizes=\"auto, (max-width: 800px) 100vw, 800px\" \/><\/p>\n<p>Muharrem Ay\u0131 bir matem bir h\u00fcz\u00fcn ay\u0131d\u0131r<\/p>\n<p>Programda vatanda\u015flara a\u015fure ikram\u0131nda bulunan Zile Belediye Ba\u015fkan\u0131 \u015e\u00fckr\u00fc Sarg\u0131n \u201cMuharrem Ay\u0131 dolay\u0131s\u0131yla 3 bin ki\u015filik a\u015fure haz\u0131rlad\u0131k ve vatanda\u015flar\u0131m\u0131za ikram ediyoruz. Muharrem ay\u0131n\u0131n 10. g\u00fcn\u00fc Hz Muhammed\u2019in torunu Hz H\u00fcseyin Efendimiz ve arkada\u015flar\u0131n\u0131n \u015fehit edildi\u011fi bir matem g\u00fcn\u00fcd\u00fcr. B\u00fct\u00fcn M\u00fcsl\u00fcmanlar\u0131n ortak h\u00fcz\u00fcn g\u00fcn\u00fcd\u00fcr. Yap\u0131lan zul\u00fcmleri anlatmaya ne dilin g\u00fcc\u00fc yeter ne de ac\u0131s\u0131na g\u00f6n\u00fcller katlan\u0131r. Bizler ne zalimi ne de mazlumu asla unutmayaca\u011f\u0131z. A\u015fure g\u00fcn\u00fcm\u00fcz ve matemimiz y\u00fcre\u011fimizde hep bir s\u0131z\u0131 olarak kalacakt\u0131r. Y\u00fcce Allah bir daha insanl\u0131\u011fa b\u00f6yle bir zul\u00fcm ya\u015fatmas\u0131n. Muharrem Ay\u0131\u2019n\u0131n t\u00fcm halk\u0131m\u0131za bereket, birlik, beraberlik ve karde\u015flik getirmesini temenni ediyorum. Vatanda\u015flar\u0131m\u0131za da bu tevecc\u00fch ve kat\u0131l\u0131mlar\u0131ndan dolay\u0131 te\u015fekk\u00fcr ediyorum\u201d dedi.<\/p>\n<p><img loading=\"lazy\" decoding=\"async\" class=\"alignnone wp-image-6073\" src=\"http:\/\/site.zile.bel.tr\/wp-content\/uploads\/2023\/08\/8-300x200.jpg\" alt=\"\" width=\"800\" height=\"533\" srcset=\"http:\/\/site.zile.bel.tr\/wp-content\/uploads\/2023\/08\/8-300x200.jpg 300w, http:\/\/site.zile.bel.tr\/wp-content\/uploads\/2023\/08\/8-768x512.jpg 768w, http:\/\/site.zile.bel.tr\/wp-content\/uploads\/2023\/08\/8.jpg 1024w\" sizes=\"auto, (max-width: 800px) 100vw, 800px\" \/><\/p>\n<p>Yap\u0131lan konu\u015fmalar\u0131n ard\u0131ndan vatanda\u015flara a\u015fure ikram\u0131nda bulunuldu.<\/p>\n\n\t\t<style type=\"text\/css\">\n\t\t\t#gallery-1 {\n\t\t\t\tmargin: auto;\n\t\t\t}\n\t\t\t#gallery-1 .gallery-item {\n\t\t\t\tfloat: left;\n\t\t\t\tmargin-top: 10px;\n\t\t\t\ttext-align: center;\n\t\t\t\twidth: 33%;\n\t\t\t}\n\t\t\t#gallery-1 img {\n\t\t\t\tborder: 2px solid #cfcfcf;\n\t\t\t}\n\t\t\t#gallery-1 .gallery-caption {\n\t\t\t\tmargin-left: 0;\n\t\t\t}\n\t\t\t\/* see gallery_shortcode() in wp-includes\/media.php *\/\n\t\t<\/style>\n\t\t<div id='gallery-1' class='gallery galleryid-6069 gallery-columns-3 gallery-size-thumbnail'><dl class='gallery-item'>\n\t\t\t<dt class='gallery-icon landscape'>\n\t\t\t\t<a href='http:\/\/site.zile.bel.tr\/wp-content\/uploads\/2023\/08\/1-1.jpg'><img loading=\"lazy\" decoding=\"async\" width=\"150\" height=\"150\" src=\"http:\/\/site.zile.bel.tr\/wp-content\/uploads\/2023\/08\/1-1-150x150.jpg\" class=\"attachment-thumbnail size-thumbnail\" alt=\"\" \/><\/a>\n\t\t\t<\/dt><\/dl><dl class='gallery-item'>\n\t\t\t<dt class='gallery-icon landscape'>\n\t\t\t\t<a href='http:\/\/site.zile.bel.tr\/wp-content\/uploads\/2023\/08\/2.jpg'><img loading=\"lazy\" decoding=\"async\" width=\"150\" height=\"150\" src=\"http:\/\/site.zile.bel.tr\/wp-content\/uploads\/2023\/08\/2-150x150.jpg\" class=\"attachment-thumbnail size-thumbnail\" alt=\"\" \/><\/a>\n\t\t\t<\/dt><\/dl><dl class='gallery-item'>\n\t\t\t<dt class='gallery-icon landscape'>\n\t\t\t\t<a href='http:\/\/site.zile.bel.tr\/wp-content\/uploads\/2023\/08\/3.jpg'><img loading=\"lazy\" decoding=\"async\" width=\"150\" height=\"150\" src=\"http:\/\/site.zile.bel.tr\/wp-content\/uploads\/2023\/08\/3-150x150.jpg\" class=\"attachment-thumbnail size-thumbnail\" alt=\"\" \/><\/a>\n\t\t\t<\/dt><\/dl><br style=\"clear: both\" \/><dl class='gallery-item'>\n\t\t\t<dt class='gallery-icon landscape'>\n\t\t\t\t<a href='http:\/\/site.zile.bel.tr\/wp-content\/uploads\/2023\/08\/4.jpg'><img loading=\"lazy\" decoding=\"async\" width=\"150\" height=\"150\" src=\"http:\/\/site.zile.bel.tr\/wp-content\/uploads\/2023\/08\/4-150x150.jpg\" class=\"attachment-thumbnail size-thumbnail\" alt=\"\" \/><\/a>\n\t\t\t<\/dt><\/dl><dl class='gallery-item'>\n\t\t\t<dt class='gallery-icon landscape'>\n\t\t\t\t<a href='http:\/\/site.zile.bel.tr\/wp-content\/uploads\/2023\/08\/5-1.jpg'><img loading=\"lazy\" decoding=\"async\" width=\"150\" height=\"150\" src=\"http:\/\/site.zile.bel.tr\/wp-content\/uploads\/2023\/08\/5-1-150x150.jpg\" class=\"attachment-thumbnail size-thumbnail\" alt=\"\" \/><\/a>\n\t\t\t<\/dt><\/dl><dl class='gallery-item'>\n\t\t\t<dt class='gallery-icon landscape'>\n\t\t\t\t<a href='http:\/\/site.zile.bel.tr\/wp-content\/uploads\/2023\/08\/6.jpg'><img loading=\"lazy\" decoding=\"async\" width=\"150\" height=\"150\" src=\"http:\/\/site.zile.bel.tr\/wp-content\/uploads\/2023\/08\/6-150x150.jpg\" class=\"attachment-thumbnail size-thumbnail\" alt=\"\" \/><\/a>\n\t\t\t<\/dt><\/dl><br style=\"clear: both\" \/><dl class='gallery-item'>\n\t\t\t<dt class='gallery-icon landscape'>\n\t\t\t\t<a href='http:\/\/site.zile.bel.tr\/wp-content\/uploads\/2023\/08\/8-1.jpg'><img loading=\"lazy\" decoding=\"async\" width=\"150\" height=\"150\" src=\"http:\/\/site.zile.bel.tr\/wp-content\/uploads\/2023\/08\/8-1-150x150.jpg\" class=\"attachment-thumbnail size-thumbnail\" alt=\"\" \/><\/a>\n\t\t\t<\/dt><\/dl><dl class='gallery-item'>\n\t\t\t<dt class='gallery-icon landscape'>\n\t\t\t\t<a href='http:\/\/site.zile.bel.tr\/wp-content\/uploads\/2023\/08\/9-1.jpg'><img loading=\"lazy\" decoding=\"async\" width=\"150\" height=\"150\" src=\"http:\/\/site.zile.bel.tr\/wp-content\/uploads\/2023\/08\/9-1-150x150.jpg\" class=\"attachment-thumbnail size-thumbnail\" alt=\"\" \/><\/a>\n\t\t\t<\/dt><\/dl><dl class='gallery-item'>\n\t\t\t<dt class='gallery-icon landscape'>\n\t\t\t\t<a href='http:\/\/site.zile.bel.tr\/wp-content\/uploads\/2023\/08\/10.jpg'><img loading=\"lazy\" decoding=\"async\" width=\"150\" height=\"150\" src=\"http:\/\/site.zile.bel.tr\/wp-content\/uploads\/2023\/08\/10-150x150.jpg\" class=\"attachment-thumbnail size-thumbnail\" alt=\"\" \/><\/a>\n\t\t\t<\/dt><\/dl><br style=\"clear: both\" \/><dl class='gallery-item'>\n\t\t\t<dt class='gallery-icon landscape'>\n\t\t\t\t<a href='http:\/\/site.zile.bel.tr\/wp-content\/uploads\/2023\/08\/11.jpg'><img loading=\"lazy\" decoding=\"async\" width=\"150\" height=\"150\" src=\"http:\/\/site.zile.bel.tr\/wp-content\/uploads\/2023\/08\/11-150x150.jpg\" class=\"attachment-thumbnail size-thumbnail\" alt=\"\" \/><\/a>\n\t\t\t<\/dt><\/dl>\n\t\t\t<br style='clear: both' \/>\n\t\t<\/div>\n\n","protected":false},"excerpt":{"rendered":"<p>Muharrem Ay\u0131 M\u00fcnasebetiyle Zile Belediyesi\u2019nde A\u015fure Da\u011f\u0131t\u0131m\u0131 Ger\u00e7ekle\u015ftirildi Zile Belediyesi taraf\u0131ndan Muharrem ay\u0131 dolay\u0131s\u0131yla 3 bin ki\u015filik a\u015fure da\u011f\u0131t\u0131ld\u0131. Muharrem Ay\u0131\u2019n\u0131n M\u00fcsl\u00fcmanlar\u0131n ortak h\u00fcz\u00fcn g\u00fcn\u00fc oldu\u011funu belirten Zile Belediye Ba\u015fkan\u0131 \u015e\u00fckr\u00fc Sarg\u0131n, Muharrem Ay\u0131\u2019n\u0131n t\u00fcm halk\u0131m\u0131za bereket, birlik, beraberlik ve karde\u015flik getirmesini temenni etti. Muharrem Ay\u0131\u2019nda bereket ve payla\u015fman\u0131n anlam\u0131 olan a\u015fure g\u00fcn\u00fc m\u00fcnasebetiyle ger\u00e7ekle\u015ftirilen [&hellip;]<\/p>\n","protected":false},"author":1,"featured_media":6081,"comment_status":"open","ping_status":"open","sticky":false,"template":"","format":"standard","meta":{"footnotes":""},"categories":[11],"tags":[],"class_list":["post-6069","post","type-post","status-publish","format-standard","has-post-thumbnail","hentry","category-haberler"],"_links":{"self":[{"href":"http:\/\/site.zile.bel.tr\/index.php\/wp-json\/wp\/v2\/posts\/6069","targetHints":{"allow":["GET"]}}],"collection":[{"href":"http:\/\/site.zile.bel.tr\/index.php\/wp-json\/wp\/v2\/posts"}],"about":[{"href":"http:\/\/site.zile.bel.tr\/index.php\/wp-json\/wp\/v2\/types\/post"}],"author":[{"embeddable":true,"href":"http:\/\/site.zile.bel.tr\/index.php\/wp-json\/wp\/v2\/users\/1"}],"replies":[{"embeddable":true,"href":"http:\/\/site.zile.bel.tr\/index.php\/wp-json\/wp\/v2\/comments?post=6069"}],"version-history":[{"count":1,"href":"http:\/\/site.zile.bel.tr\/index.php\/wp-json\/wp\/v2\/posts\/6069\/revisions"}],"predecessor-version":[{"id":6084,"href":"http:\/\/site.zile.bel.tr\/index.php\/wp-json\/wp\/v2\/posts\/6069\/revisions\/6084"}],"wp:featuredmedia":[{"embeddable":true,"href":"http:\/\/site.zile.bel.tr\/index.php\/wp-json\/wp\/v2\/media\/6081"}],"wp:attachment":[{"href":"http:\/\/site.zile.bel.tr\/index.php\/wp-json\/wp\/v2\/media?parent=6069"}],"wp:term":[{"taxonomy":"category","embeddable":true,"href":"http:\/\/site.zile.bel.tr\/index.php\/wp-json\/wp\/v2\/categories?post=6069"},{"taxonomy":"post_tag","embeddable":true,"href":"http:\/\/site.zile.bel.tr\/index.php\/wp-json\/wp\/v2\/tags?post=6069"}],"curies":[{"name":"wp","href":"https:\/\/api.w.org\/{rel}","templated":true}]}}