{"id":6085,"date":"2023-08-01T14:13:59","date_gmt":"2023-08-01T11:13:59","guid":{"rendered":"https:\/\/site.zile.bel.tr\/?p=6085"},"modified":"2023-08-01T14:13:59","modified_gmt":"2023-08-01T11:13:59","slug":"100-yil-cumhuriyet-bisiklet-turu-zileden-gecti","status":"publish","type":"post","link":"http:\/\/site.zile.bel.tr\/index.php\/2023\/08\/01\/100-yil-cumhuriyet-bisiklet-turu-zileden-gecti\/","title":{"rendered":"100. Y\u0131l Cumhuriyet Bisiklet Turu Zile\u2019den Ge\u00e7ti"},"content":{"rendered":"<p>100. Y\u0131l Cumhuriyet Bisiklet Turu Zile\u2019den Ge\u00e7ti<\/p>\n<p><img loading=\"lazy\" decoding=\"async\" class=\"alignnone wp-image-6086\" src=\"http:\/\/site.zile.bel.tr\/wp-content\/uploads\/2023\/08\/4-1-300x200.jpg\" alt=\"\" width=\"800\" height=\"533\" srcset=\"http:\/\/site.zile.bel.tr\/wp-content\/uploads\/2023\/08\/4-1-300x200.jpg 300w, http:\/\/site.zile.bel.tr\/wp-content\/uploads\/2023\/08\/4-1-768x512.jpg 768w, http:\/\/site.zile.bel.tr\/wp-content\/uploads\/2023\/08\/4-1.jpg 1024w\" sizes=\"auto, (max-width: 800px) 100vw, 800px\" \/><\/p>\n<p>Sivas\u2019tan sabah ba\u015flayan 100. Y\u0131l Cumhuriyet Bisiklet Turu, bug\u00fcn \u00f6\u011fle saatlerinde Zile\u2019den ge\u00e7i\u015f yaparak Amasya\u2019ya devam etti.<\/p>\n<p><img loading=\"lazy\" decoding=\"async\" class=\"alignnone wp-image-6087\" src=\"http:\/\/site.zile.bel.tr\/wp-content\/uploads\/2023\/08\/5-2-300x200.jpg\" alt=\"\" width=\"800\" height=\"533\" srcset=\"http:\/\/site.zile.bel.tr\/wp-content\/uploads\/2023\/08\/5-2-300x200.jpg 300w, http:\/\/site.zile.bel.tr\/wp-content\/uploads\/2023\/08\/5-2-768x512.jpg 768w, http:\/\/site.zile.bel.tr\/wp-content\/uploads\/2023\/08\/5-2.jpg 1024w\" sizes=\"auto, (max-width: 800px) 100vw, 800px\" \/><\/p>\n<p>Sporculara ba\u015far\u0131 dileyen Zile Belediye Ba\u015fkan\u0131 \u015e\u00fckr\u00fc Sarg\u0131n, &#8220;Bu yolculuk, bizlere T\u00fcrkiye&#8217;nin ge\u00e7mi\u015finden bug\u00fcne uzanan bir panorama sunacak ve Cumhuriyetimizin kazan\u0131mlar\u0131n\u0131 hat\u0131rlatacak. Her mesafe kat etti\u011fimizde, ba\u011f\u0131ms\u0131zl\u0131\u011f\u0131m\u0131za duydu\u011fumuz inanc\u0131 ve millet olarak birlikte ger\u00e7ekle\u015ftirece\u011fimiz b\u00fcy\u00fck ba\u015far\u0131lar\u0131 hat\u0131rlayaca\u011f\u0131z&#8221; diye konu\u015ftu.<\/p>\n\n\t\t<style type=\"text\/css\">\n\t\t\t#gallery-1 {\n\t\t\t\tmargin: auto;\n\t\t\t}\n\t\t\t#gallery-1 .gallery-item {\n\t\t\t\tfloat: left;\n\t\t\t\tmargin-top: 10px;\n\t\t\t\ttext-align: center;\n\t\t\t\twidth: 33%;\n\t\t\t}\n\t\t\t#gallery-1 img {\n\t\t\t\tborder: 2px solid #cfcfcf;\n\t\t\t}\n\t\t\t#gallery-1 .gallery-caption {\n\t\t\t\tmargin-left: 0;\n\t\t\t}\n\t\t\t\/* see gallery_shortcode() in wp-includes\/media.php *\/\n\t\t<\/style>\n\t\t<div id='gallery-1' class='gallery galleryid-6085 gallery-columns-3 gallery-size-thumbnail'><dl class='gallery-item'>\n\t\t\t<dt class='gallery-icon landscape'>\n\t\t\t\t<a href='http:\/\/site.zile.bel.tr\/wp-content\/uploads\/2023\/08\/1-2.jpg'><img loading=\"lazy\" decoding=\"async\" width=\"150\" height=\"150\" src=\"http:\/\/site.zile.bel.tr\/wp-content\/uploads\/2023\/08\/1-2-150x150.jpg\" class=\"attachment-thumbnail size-thumbnail\" alt=\"\" \/><\/a>\n\t\t\t<\/dt><\/dl><dl class='gallery-item'>\n\t\t\t<dt class='gallery-icon landscape'>\n\t\t\t\t<a href='http:\/\/site.zile.bel.tr\/wp-content\/uploads\/2023\/08\/2-1.jpg'><img loading=\"lazy\" decoding=\"async\" width=\"150\" height=\"150\" src=\"http:\/\/site.zile.bel.tr\/wp-content\/uploads\/2023\/08\/2-1-150x150.jpg\" class=\"attachment-thumbnail size-thumbnail\" alt=\"\" \/><\/a>\n\t\t\t<\/dt><\/dl><dl class='gallery-item'>\n\t\t\t<dt class='gallery-icon landscape'>\n\t\t\t\t<a href='http:\/\/site.zile.bel.tr\/wp-content\/uploads\/2023\/08\/3-1.jpg'><img loading=\"lazy\" decoding=\"async\" width=\"150\" height=\"150\" src=\"http:\/\/site.zile.bel.tr\/wp-content\/uploads\/2023\/08\/3-1-150x150.jpg\" class=\"attachment-thumbnail size-thumbnail\" alt=\"\" \/><\/a>\n\t\t\t<\/dt><\/dl><br style=\"clear: both\" \/><dl class='gallery-item'>\n\t\t\t<dt class='gallery-icon landscape'>\n\t\t\t\t<a href='http:\/\/site.zile.bel.tr\/wp-content\/uploads\/2023\/08\/4-2.jpg'><img loading=\"lazy\" decoding=\"async\" width=\"150\" height=\"150\" src=\"http:\/\/site.zile.bel.tr\/wp-content\/uploads\/2023\/08\/4-2-150x150.jpg\" class=\"attachment-thumbnail size-thumbnail\" alt=\"\" \/><\/a>\n\t\t\t<\/dt><\/dl><dl class='gallery-item'>\n\t\t\t<dt class='gallery-icon landscape'>\n\t\t\t\t<a href='http:\/\/site.zile.bel.tr\/wp-content\/uploads\/2023\/08\/5-3.jpg'><img loading=\"lazy\" decoding=\"async\" width=\"150\" height=\"150\" src=\"http:\/\/site.zile.bel.tr\/wp-content\/uploads\/2023\/08\/5-3-150x150.jpg\" class=\"attachment-thumbnail size-thumbnail\" alt=\"\" \/><\/a>\n\t\t\t<\/dt><\/dl><dl class='gallery-item'>\n\t\t\t<dt class='gallery-icon landscape'>\n\t\t\t\t<a href='http:\/\/site.zile.bel.tr\/wp-content\/uploads\/2023\/08\/6-1.jpg'><img loading=\"lazy\" decoding=\"async\" width=\"150\" height=\"150\" src=\"http:\/\/site.zile.bel.tr\/wp-content\/uploads\/2023\/08\/6-1-150x150.jpg\" class=\"attachment-thumbnail size-thumbnail\" alt=\"\" \/><\/a>\n\t\t\t<\/dt><\/dl><br style=\"clear: both\" \/>\n\t\t<\/div>\n\n","protected":false},"excerpt":{"rendered":"<p>100. Y\u0131l Cumhuriyet Bisiklet Turu Zile\u2019den Ge\u00e7ti Sivas\u2019tan sabah ba\u015flayan 100. Y\u0131l Cumhuriyet Bisiklet Turu, bug\u00fcn \u00f6\u011fle saatlerinde Zile\u2019den ge\u00e7i\u015f yaparak Amasya\u2019ya devam etti. Sporculara ba\u015far\u0131 dileyen Zile Belediye Ba\u015fkan\u0131 \u015e\u00fckr\u00fc Sarg\u0131n, &#8220;Bu yolculuk, bizlere T\u00fcrkiye&#8217;nin ge\u00e7mi\u015finden bug\u00fcne uzanan bir panorama sunacak ve Cumhuriyetimizin kazan\u0131mlar\u0131n\u0131 hat\u0131rlatacak. Her mesafe kat etti\u011fimizde, ba\u011f\u0131ms\u0131zl\u0131\u011f\u0131m\u0131za duydu\u011fumuz inanc\u0131 ve millet [&hellip;]<\/p>\n","protected":false},"author":1,"featured_media":6091,"comment_status":"open","ping_status":"open","sticky":false,"template":"","format":"standard","meta":{"footnotes":""},"categories":[11],"tags":[],"class_list":["post-6085","post","type-post","status-publish","format-standard","has-post-thumbnail","hentry","category-haberler"],"_links":{"self":[{"href":"http:\/\/site.zile.bel.tr\/index.php\/wp-json\/wp\/v2\/posts\/6085","targetHints":{"allow":["GET"]}}],"collection":[{"href":"http:\/\/site.zile.bel.tr\/index.php\/wp-json\/wp\/v2\/posts"}],"about":[{"href":"http:\/\/site.zile.bel.tr\/index.php\/wp-json\/wp\/v2\/types\/post"}],"author":[{"embeddable":true,"href":"http:\/\/site.zile.bel.tr\/index.php\/wp-json\/wp\/v2\/users\/1"}],"replies":[{"embeddable":true,"href":"http:\/\/site.zile.bel.tr\/index.php\/wp-json\/wp\/v2\/comments?post=6085"}],"version-history":[{"count":1,"href":"http:\/\/site.zile.bel.tr\/index.php\/wp-json\/wp\/v2\/posts\/6085\/revisions"}],"predecessor-version":[{"id":6094,"href":"http:\/\/site.zile.bel.tr\/index.php\/wp-json\/wp\/v2\/posts\/6085\/revisions\/6094"}],"wp:featuredmedia":[{"embeddable":true,"href":"http:\/\/site.zile.bel.tr\/index.php\/wp-json\/wp\/v2\/media\/6091"}],"wp:attachment":[{"href":"http:\/\/site.zile.bel.tr\/index.php\/wp-json\/wp\/v2\/media?parent=6085"}],"wp:term":[{"taxonomy":"category","embeddable":true,"href":"http:\/\/site.zile.bel.tr\/index.php\/wp-json\/wp\/v2\/categories?post=6085"},{"taxonomy":"post_tag","embeddable":true,"href":"http:\/\/site.zile.bel.tr\/index.php\/wp-json\/wp\/v2\/tags?post=6085"}],"curies":[{"name":"wp","href":"https:\/\/api.w.org\/{rel}","templated":true}]}}