{"id":6095,"date":"2023-08-02T11:33:19","date_gmt":"2023-08-02T08:33:19","guid":{"rendered":"https:\/\/site.zile.bel.tr\/?p=6095"},"modified":"2023-08-04T16:40:17","modified_gmt":"2023-08-04T13:40:17","slug":"atik-yaglar-geri-kazandiriliyor","status":"publish","type":"post","link":"http:\/\/site.zile.bel.tr\/index.php\/2023\/08\/02\/atik-yaglar-geri-kazandiriliyor\/","title":{"rendered":"At\u0131k Ya\u011flar Geri Kazand\u0131r\u0131l\u0131yor"},"content":{"rendered":"<p>ATIK YA\u011eLAR GER\u0130 KAZANDIRILIYOR<\/p>\n<p>Daha ya\u015fanabilir ve sa\u011fl\u0131kl\u0131 bir Zile i\u00e7in \u00e7evre koruma hizmetlerini s\u00fcrd\u00fcren Zile Belediyesi, do\u011faya say\u0131s\u0131z hasar veren kirlilik kaynaklar\u0131ndan bitkisel at\u0131k ya\u011flar\u0131, evlerden toplayarak geri kazan\u0131m\u0131n\u0131 sa\u011fl\u0131yor. Zile Belediyesi, son bir y\u0131lda 500 kg at\u0131k ya\u011f\u0131 toplay\u0131p geri d\u00f6n\u00fc\u015ft\u00fcrerek, hem do\u011faya hem de gelece\u011fe \u00f6nemli bir katk\u0131 sa\u011flad\u0131.<br \/>\n\u00c7evre bilinci olu\u015fturmak ve geri d\u00f6n\u00fc\u015f\u00fcme aktif kat\u0131l\u0131m\u0131 art\u0131rmak i\u00e7in faaliyetlerine devam eden Zile Belediyesi, vatanda\u015flardan gelen 5 litre ve \u00fczerindeki at\u0131k ya\u011flar\u0131, biyodizel \u00fcretim tesislerine g\u00f6nderiyor. Toplanan at\u0131k ya\u011flar biyodizel \u00fcretiminde kullan\u0131larak geri kazand\u0131r\u0131l\u0131yor.<\/p>\n<p><img loading=\"lazy\" decoding=\"async\" class=\"alignnone wp-image-6096\" src=\"http:\/\/site.zile.bel.tr\/wp-content\/uploads\/2023\/08\/2-2-300x223.jpg\" alt=\"\" width=\"800\" height=\"594\" srcset=\"http:\/\/site.zile.bel.tr\/wp-content\/uploads\/2023\/08\/2-2-300x223.jpg 300w, http:\/\/site.zile.bel.tr\/wp-content\/uploads\/2023\/08\/2-2-768x570.jpg 768w, http:\/\/site.zile.bel.tr\/wp-content\/uploads\/2023\/08\/2-2.jpg 828w\" sizes=\"auto, (max-width: 800px) 100vw, 800px\" \/><\/p>\n<p>B\u0130TK\u0130SEL ATIK YA\u011e TOPLAMA KAMPANYASI DEVAM ED\u0130YOR<\/p>\n<p>Bitkisel at\u0131k ya\u011flar\u0131n kayna\u011f\u0131nda ayr\u0131 toplanmas\u0131 amac\u0131 ile belediye hizmet binalar\u0131nda olu\u015fturulan toplama noktalar\u0131na 5 lt ve \u00fczeri bitkisel at\u0131k ya\u011flar\u0131n\u0131 getiren vatanda\u015flara proje kapsam\u0131nda te\u015fvik ama\u00e7l\u0131 \u00e7e\u015fitli \u00f6d\u00fcller verilmektedir.<\/p>\n\n\t\t<style type=\"text\/css\">\n\t\t\t#gallery-1 {\n\t\t\t\tmargin: auto;\n\t\t\t}\n\t\t\t#gallery-1 .gallery-item {\n\t\t\t\tfloat: left;\n\t\t\t\tmargin-top: 10px;\n\t\t\t\ttext-align: center;\n\t\t\t\twidth: 33%;\n\t\t\t}\n\t\t\t#gallery-1 img {\n\t\t\t\tborder: 2px solid #cfcfcf;\n\t\t\t}\n\t\t\t#gallery-1 .gallery-caption {\n\t\t\t\tmargin-left: 0;\n\t\t\t}\n\t\t\t\/* see gallery_shortcode() in wp-includes\/media.php *\/\n\t\t<\/style>\n\t\t<div id='gallery-1' class='gallery galleryid-6095 gallery-columns-3 gallery-size-thumbnail'><dl class='gallery-item'>\n\t\t\t<dt class='gallery-icon portrait'>\n\t\t\t\t<a href='http:\/\/site.zile.bel.tr\/wp-content\/uploads\/2023\/08\/1-3.jpg'><img loading=\"lazy\" decoding=\"async\" width=\"150\" height=\"150\" src=\"http:\/\/site.zile.bel.tr\/wp-content\/uploads\/2023\/08\/1-3-150x150.jpg\" class=\"attachment-thumbnail size-thumbnail\" alt=\"\" \/><\/a>\n\t\t\t<\/dt><\/dl><dl class='gallery-item'>\n\t\t\t<dt class='gallery-icon landscape'>\n\t\t\t\t<a href='http:\/\/site.zile.bel.tr\/wp-content\/uploads\/2023\/08\/2-3.jpg'><img loading=\"lazy\" decoding=\"async\" width=\"150\" height=\"150\" src=\"http:\/\/site.zile.bel.tr\/wp-content\/uploads\/2023\/08\/2-3-150x150.jpg\" class=\"attachment-thumbnail size-thumbnail\" alt=\"\" \/><\/a>\n\t\t\t<\/dt><\/dl><dl class='gallery-item'>\n\t\t\t<dt class='gallery-icon portrait'>\n\t\t\t\t<a href='http:\/\/site.zile.bel.tr\/wp-content\/uploads\/2023\/08\/3-2.jpg'><img loading=\"lazy\" decoding=\"async\" width=\"150\" height=\"150\" src=\"http:\/\/site.zile.bel.tr\/wp-content\/uploads\/2023\/08\/3-2-150x150.jpg\" class=\"attachment-thumbnail size-thumbnail\" alt=\"\" \/><\/a>\n\t\t\t<\/dt><\/dl><br style=\"clear: both\" \/><dl class='gallery-item'>\n\t\t\t<dt class='gallery-icon portrait'>\n\t\t\t\t<a href='http:\/\/site.zile.bel.tr\/wp-content\/uploads\/2023\/08\/4-3.jpg'><img loading=\"lazy\" decoding=\"async\" width=\"150\" height=\"150\" src=\"http:\/\/site.zile.bel.tr\/wp-content\/uploads\/2023\/08\/4-3-150x150.jpg\" class=\"attachment-thumbnail size-thumbnail\" alt=\"\" \/><\/a>\n\t\t\t<\/dt><\/dl><dl class='gallery-item'>\n\t\t\t<dt class='gallery-icon portrait'>\n\t\t\t\t<a href='http:\/\/site.zile.bel.tr\/wp-content\/uploads\/2023\/08\/5-4.jpg'><img loading=\"lazy\" decoding=\"async\" width=\"150\" height=\"150\" src=\"http:\/\/site.zile.bel.tr\/wp-content\/uploads\/2023\/08\/5-4-150x150.jpg\" class=\"attachment-thumbnail size-thumbnail\" alt=\"\" \/><\/a>\n\t\t\t<\/dt><\/dl>\n\t\t\t<br style='clear: both' \/>\n\t\t<\/div>\n\n","protected":false},"excerpt":{"rendered":"<p>ATIK YA\u011eLAR GER\u0130 KAZANDIRILIYOR Daha ya\u015fanabilir ve sa\u011fl\u0131kl\u0131 bir Zile i\u00e7in \u00e7evre koruma hizmetlerini s\u00fcrd\u00fcren Zile Belediyesi, do\u011faya say\u0131s\u0131z hasar veren kirlilik kaynaklar\u0131ndan bitkisel at\u0131k ya\u011flar\u0131, evlerden toplayarak geri kazan\u0131m\u0131n\u0131 sa\u011fl\u0131yor. Zile Belediyesi, son bir y\u0131lda 500 kg at\u0131k ya\u011f\u0131 toplay\u0131p geri d\u00f6n\u00fc\u015ft\u00fcrerek, hem do\u011faya hem de gelece\u011fe \u00f6nemli bir katk\u0131 sa\u011flad\u0131. \u00c7evre bilinci olu\u015fturmak [&hellip;]<\/p>\n","protected":false},"author":1,"featured_media":6098,"comment_status":"open","ping_status":"open","sticky":false,"template":"","format":"standard","meta":{"footnotes":""},"categories":[11],"tags":[],"class_list":["post-6095","post","type-post","status-publish","format-standard","has-post-thumbnail","hentry","category-haberler"],"_links":{"self":[{"href":"http:\/\/site.zile.bel.tr\/index.php\/wp-json\/wp\/v2\/posts\/6095","targetHints":{"allow":["GET"]}}],"collection":[{"href":"http:\/\/site.zile.bel.tr\/index.php\/wp-json\/wp\/v2\/posts"}],"about":[{"href":"http:\/\/site.zile.bel.tr\/index.php\/wp-json\/wp\/v2\/types\/post"}],"author":[{"embeddable":true,"href":"http:\/\/site.zile.bel.tr\/index.php\/wp-json\/wp\/v2\/users\/1"}],"replies":[{"embeddable":true,"href":"http:\/\/site.zile.bel.tr\/index.php\/wp-json\/wp\/v2\/comments?post=6095"}],"version-history":[{"count":2,"href":"http:\/\/site.zile.bel.tr\/index.php\/wp-json\/wp\/v2\/posts\/6095\/revisions"}],"predecessor-version":[{"id":6115,"href":"http:\/\/site.zile.bel.tr\/index.php\/wp-json\/wp\/v2\/posts\/6095\/revisions\/6115"}],"wp:featuredmedia":[{"embeddable":true,"href":"http:\/\/site.zile.bel.tr\/index.php\/wp-json\/wp\/v2\/media\/6098"}],"wp:attachment":[{"href":"http:\/\/site.zile.bel.tr\/index.php\/wp-json\/wp\/v2\/media?parent=6095"}],"wp:term":[{"taxonomy":"category","embeddable":true,"href":"http:\/\/site.zile.bel.tr\/index.php\/wp-json\/wp\/v2\/categories?post=6095"},{"taxonomy":"post_tag","embeddable":true,"href":"http:\/\/site.zile.bel.tr\/index.php\/wp-json\/wp\/v2\/tags?post=6095"}],"curies":[{"name":"wp","href":"https:\/\/api.w.org\/{rel}","templated":true}]}}