{"id":6103,"date":"2023-08-04T16:34:36","date_gmt":"2023-08-04T13:34:36","guid":{"rendered":"https:\/\/site.zile.bel.tr\/?p=6103"},"modified":"2023-08-04T16:39:35","modified_gmt":"2023-08-04T13:39:35","slug":"haserelere-karsi-ilaclama-calismasi-basladi","status":"publish","type":"post","link":"http:\/\/site.zile.bel.tr\/index.php\/2023\/08\/04\/haserelere-karsi-ilaclama-calismasi-basladi\/","title":{"rendered":"Ha\u015ferelere Kar\u015f\u0131 \u0130la\u00e7lama \u00c7al\u0131\u015fmas\u0131 Ba\u015flad\u0131"},"content":{"rendered":"<p>Zile Belediyesi, yaz aylar\u0131 \u00f6ncesi halk sa\u011fl\u0131\u011f\u0131n\u0131 tehdit eden ha\u015ferelere kar\u015f\u0131 ila\u00e7lama \u00e7al\u0131\u015fmas\u0131 ba\u015flatt\u0131. \u0130la\u00e7lama \u00e7al\u0131\u015fmalar\u0131na b\u00fcy\u00fck bir titizlik ve \u00f6nem verdiklerini belirten Zile Belediye Ba\u015fkan\u0131 \u015e\u00fckr\u00fc Sarg\u0131n, yaz aylar\u0131n\u0131n ge\u00e7en y\u0131llara g\u00f6re \u00e7ok daha s\u0131cak ge\u00e7ti\u011fini ve vatanda\u015flar\u0131n sa\u011fl\u0131\u011f\u0131 i\u00e7in ila\u00e7lama \u00e7al\u0131\u015fmalar\u0131n\u0131 art\u0131rd\u0131klar\u0131n\u0131 s\u00f6yledi.<\/p>\n<p><img loading=\"lazy\" decoding=\"async\" class=\"alignnone wp-image-6104\" src=\"http:\/\/site.zile.bel.tr\/wp-content\/uploads\/2023\/08\/2-4-300x200.jpg\" alt=\"\" width=\"800\" height=\"533\" srcset=\"http:\/\/site.zile.bel.tr\/wp-content\/uploads\/2023\/08\/2-4-300x200.jpg 300w, http:\/\/site.zile.bel.tr\/wp-content\/uploads\/2023\/08\/2-4-1024x682.jpg 1024w, http:\/\/site.zile.bel.tr\/wp-content\/uploads\/2023\/08\/2-4-768x512.jpg 768w, http:\/\/site.zile.bel.tr\/wp-content\/uploads\/2023\/08\/2-4-1536x1023.jpg 1536w, http:\/\/site.zile.bel.tr\/wp-content\/uploads\/2023\/08\/2-4.jpg 1600w\" sizes=\"auto, (max-width: 800px) 100vw, 800px\" \/><\/p>\n<p>Zile Belediyesi, \u00e7evre ve insan sa\u011fl\u0131\u011f\u0131n\u0131 tehdit eden sinek ve ha\u015ferelere kar\u015f\u0131 ba\u015flatt\u0131\u011f\u0131 ila\u00e7lama \u00e7al\u0131\u015fmalar\u0131n\u0131 s\u0131k\u0131 bir \u015fekilde s\u00fcrd\u00fcr\u00fcyor. \u00c7al\u0131\u015fmalar \u00e7er\u00e7evesinde vatanda\u015flar\u0131n yo\u011fun olarak kulland\u0131\u011f\u0131 ana caddeler, park ve bah\u00e7eler olmak \u00fczere \u015fehir merkezinde t\u00fcm mahallelerde ila\u00e7lama yap\u0131l\u0131yor. \u0130la\u00e7lama \u00e7al\u0131\u015fmalar\u0131nda Sa\u011fl\u0131k Bakanl\u0131\u011f\u0131 taraf\u0131ndan onaylanm\u0131\u015f ila\u00e7lar kullan\u0131l\u0131yor. Yap\u0131lan \u00e7al\u0131\u015fmalarla vatanda\u015flara rahat bir nefes ald\u0131ran Zile Belediyesi, \u0130l\u00e7e genelindeki ila\u00e7lama \u00e7al\u0131\u015fmalar\u0131na devam edecek.<\/p>\n<p><img loading=\"lazy\" decoding=\"async\" class=\"alignnone wp-image-6105\" src=\"http:\/\/site.zile.bel.tr\/wp-content\/uploads\/2023\/08\/3-3-300x200.jpg\" alt=\"\" width=\"800\" height=\"533\" srcset=\"http:\/\/site.zile.bel.tr\/wp-content\/uploads\/2023\/08\/3-3-300x200.jpg 300w, http:\/\/site.zile.bel.tr\/wp-content\/uploads\/2023\/08\/3-3-1024x682.jpg 1024w, http:\/\/site.zile.bel.tr\/wp-content\/uploads\/2023\/08\/3-3-768x512.jpg 768w, http:\/\/site.zile.bel.tr\/wp-content\/uploads\/2023\/08\/3-3-1536x1023.jpg 1536w, http:\/\/site.zile.bel.tr\/wp-content\/uploads\/2023\/08\/3-3.jpg 1600w\" sizes=\"auto, (max-width: 800px) 100vw, 800px\" \/><\/p>\n<p>Konuyla ilgili konu\u015fan Zile Belediye Ba\u015fkan\u0131 \u015e\u00fckr\u00fc Sarg\u0131n, T\u00fcrkiye genelinde bu y\u0131l\u0131n ge\u00e7en y\u0131llara kar\u015f\u0131 \u00e7ok daha s\u0131cak ge\u00e7ti\u011fine dikkat \u00e7ekerek ila\u00e7lama \u00e7al\u0131\u015fmalar\u0131na b\u00fcy\u00fck bir titizlik ve \u00f6nem verdiklerini belirterek, \u201cVatanda\u015flar\u0131m\u0131z\u0131n sa\u011fl\u0131k, rahat ve huzuru her \u015feyden \u00f6nce gelir. \u00d6zellikle yaz aylar\u0131nda ha\u015fere, b\u00f6cek ve fare gibi zararl\u0131lara kar\u015f\u0131 m\u00fccadeleye b\u00fcy\u00fck \u00f6nem veriyoruz. En yeni cihazlarla, il\u00e7emizde girilmedik sokak b\u0131rakmadan ila\u00e7lama \u00e7al\u0131\u015fmalar\u0131m\u0131z\u0131 s\u00fcrd\u00fcr\u00fcyoruz. \u0130l\u00e7emizdeki 24 mahallemizde her hafta 3 kez d\u00fczenli olarak ila\u00e7lama \u00e7al\u0131\u015fmas\u0131 yap\u0131yoruz. Bu \u00e7al\u0131\u015fmalar\u0131m\u0131z sonucu vatanda\u015flar\u0131m\u0131z\u0131n rahat bir yaz mevsimi ge\u00e7irmesini sa\u011flamak istiyoruz. Bizim ila\u00e7lama \u00e7al\u0131\u015fmalar\u0131m\u0131z \u00f6nem ta\u015f\u0131yor, fakat bunun yan\u0131 s\u0131ra vatanda\u015flar\u0131m\u0131z\u0131n da \u00e7\u00f6plerin belirlenen saat aral\u0131\u011f\u0131nda \u00e7\u0131kar\u0131lmas\u0131 konusunda hassasiyet g\u00f6stermeleri \u00e7ok \u00f6nemli. Daha temiz bir Zile i\u00e7in \u00e7al\u0131\u015fmaya devam ediyoruz\u201d diye konu\u015ftu.<\/p>\n\n\t\t<style type=\"text\/css\">\n\t\t\t#gallery-1 {\n\t\t\t\tmargin: auto;\n\t\t\t}\n\t\t\t#gallery-1 .gallery-item {\n\t\t\t\tfloat: left;\n\t\t\t\tmargin-top: 10px;\n\t\t\t\ttext-align: center;\n\t\t\t\twidth: 33%;\n\t\t\t}\n\t\t\t#gallery-1 img {\n\t\t\t\tborder: 2px solid #cfcfcf;\n\t\t\t}\n\t\t\t#gallery-1 .gallery-caption {\n\t\t\t\tmargin-left: 0;\n\t\t\t}\n\t\t\t\/* see gallery_shortcode() in wp-includes\/media.php *\/\n\t\t<\/style>\n\t\t<div id='gallery-1' class='gallery galleryid-6103 gallery-columns-3 gallery-size-thumbnail'><dl class='gallery-item'>\n\t\t\t<dt class='gallery-icon landscape'>\n\t\t\t\t<a href='http:\/\/site.zile.bel.tr\/wp-content\/uploads\/2023\/08\/1-4.jpg'><img loading=\"lazy\" decoding=\"async\" width=\"150\" height=\"150\" src=\"http:\/\/site.zile.bel.tr\/wp-content\/uploads\/2023\/08\/1-4-150x150.jpg\" class=\"attachment-thumbnail size-thumbnail\" alt=\"\" \/><\/a>\n\t\t\t<\/dt><\/dl><dl class='gallery-item'>\n\t\t\t<dt class='gallery-icon landscape'>\n\t\t\t\t<a href='http:\/\/site.zile.bel.tr\/wp-content\/uploads\/2023\/08\/2-5.jpg'><img loading=\"lazy\" decoding=\"async\" width=\"150\" height=\"150\" src=\"http:\/\/site.zile.bel.tr\/wp-content\/uploads\/2023\/08\/2-5-150x150.jpg\" class=\"attachment-thumbnail size-thumbnail\" alt=\"\" \/><\/a>\n\t\t\t<\/dt><\/dl><dl class='gallery-item'>\n\t\t\t<dt class='gallery-icon landscape'>\n\t\t\t\t<a href='http:\/\/site.zile.bel.tr\/wp-content\/uploads\/2023\/08\/3-4.jpg'><img loading=\"lazy\" decoding=\"async\" width=\"150\" height=\"150\" src=\"http:\/\/site.zile.bel.tr\/wp-content\/uploads\/2023\/08\/3-4-150x150.jpg\" class=\"attachment-thumbnail size-thumbnail\" alt=\"\" \/><\/a>\n\t\t\t<\/dt><\/dl><br style=\"clear: both\" \/><dl class='gallery-item'>\n\t\t\t<dt class='gallery-icon landscape'>\n\t\t\t\t<a href='http:\/\/site.zile.bel.tr\/wp-content\/uploads\/2023\/08\/4-4.jpg'><img loading=\"lazy\" decoding=\"async\" width=\"150\" height=\"150\" src=\"http:\/\/site.zile.bel.tr\/wp-content\/uploads\/2023\/08\/4-4-150x150.jpg\" class=\"attachment-thumbnail size-thumbnail\" alt=\"\" \/><\/a>\n\t\t\t<\/dt><\/dl><dl class='gallery-item'>\n\t\t\t<dt class='gallery-icon landscape'>\n\t\t\t\t<a href='http:\/\/site.zile.bel.tr\/wp-content\/uploads\/2023\/08\/5-5.jpg'><img loading=\"lazy\" decoding=\"async\" width=\"150\" height=\"150\" src=\"http:\/\/site.zile.bel.tr\/wp-content\/uploads\/2023\/08\/5-5-150x150.jpg\" class=\"attachment-thumbnail size-thumbnail\" alt=\"\" \/><\/a>\n\t\t\t<\/dt><\/dl><dl class='gallery-item'>\n\t\t\t<dt class='gallery-icon landscape'>\n\t\t\t\t<a href='http:\/\/site.zile.bel.tr\/wp-content\/uploads\/2023\/08\/6-2.jpg'><img loading=\"lazy\" decoding=\"async\" width=\"150\" height=\"150\" src=\"http:\/\/site.zile.bel.tr\/wp-content\/uploads\/2023\/08\/6-2-150x150.jpg\" class=\"attachment-thumbnail size-thumbnail\" alt=\"\" \/><\/a>\n\t\t\t<\/dt><\/dl><br style=\"clear: both\" \/><dl class='gallery-item'>\n\t\t\t<dt class='gallery-icon landscape'>\n\t\t\t\t<a href='http:\/\/site.zile.bel.tr\/wp-content\/uploads\/2023\/08\/7.jpg'><img loading=\"lazy\" decoding=\"async\" width=\"150\" height=\"150\" src=\"http:\/\/site.zile.bel.tr\/wp-content\/uploads\/2023\/08\/7-150x150.jpg\" class=\"attachment-thumbnail size-thumbnail\" alt=\"\" \/><\/a>\n\t\t\t<\/dt><\/dl><dl class='gallery-item'>\n\t\t\t<dt class='gallery-icon landscape'>\n\t\t\t\t<a href='http:\/\/site.zile.bel.tr\/wp-content\/uploads\/2023\/08\/8-2.jpg'><img loading=\"lazy\" decoding=\"async\" width=\"150\" height=\"150\" src=\"http:\/\/site.zile.bel.tr\/wp-content\/uploads\/2023\/08\/8-2-150x150.jpg\" class=\"attachment-thumbnail size-thumbnail\" alt=\"\" \/><\/a>\n\t\t\t<\/dt><\/dl>\n\t\t\t<br style='clear: both' \/>\n\t\t<\/div>\n\n","protected":false},"excerpt":{"rendered":"<p>Zile Belediyesi, yaz aylar\u0131 \u00f6ncesi halk sa\u011fl\u0131\u011f\u0131n\u0131 tehdit eden ha\u015ferelere kar\u015f\u0131 ila\u00e7lama \u00e7al\u0131\u015fmas\u0131 ba\u015flatt\u0131. \u0130la\u00e7lama \u00e7al\u0131\u015fmalar\u0131na b\u00fcy\u00fck bir titizlik ve \u00f6nem verdiklerini belirten Zile Belediye Ba\u015fkan\u0131 \u015e\u00fckr\u00fc Sarg\u0131n, yaz aylar\u0131n\u0131n ge\u00e7en y\u0131llara g\u00f6re \u00e7ok daha s\u0131cak ge\u00e7ti\u011fini ve vatanda\u015flar\u0131n sa\u011fl\u0131\u011f\u0131 i\u00e7in ila\u00e7lama \u00e7al\u0131\u015fmalar\u0131n\u0131 art\u0131rd\u0131klar\u0131n\u0131 s\u00f6yledi. Zile Belediyesi, \u00e7evre ve insan sa\u011fl\u0131\u011f\u0131n\u0131 tehdit eden sinek ve [&hellip;]<\/p>\n","protected":false},"author":1,"featured_media":6110,"comment_status":"open","ping_status":"open","sticky":false,"template":"","format":"standard","meta":{"footnotes":""},"categories":[11],"tags":[],"class_list":["post-6103","post","type-post","status-publish","format-standard","has-post-thumbnail","hentry","category-haberler"],"_links":{"self":[{"href":"http:\/\/site.zile.bel.tr\/index.php\/wp-json\/wp\/v2\/posts\/6103","targetHints":{"allow":["GET"]}}],"collection":[{"href":"http:\/\/site.zile.bel.tr\/index.php\/wp-json\/wp\/v2\/posts"}],"about":[{"href":"http:\/\/site.zile.bel.tr\/index.php\/wp-json\/wp\/v2\/types\/post"}],"author":[{"embeddable":true,"href":"http:\/\/site.zile.bel.tr\/index.php\/wp-json\/wp\/v2\/users\/1"}],"replies":[{"embeddable":true,"href":"http:\/\/site.zile.bel.tr\/index.php\/wp-json\/wp\/v2\/comments?post=6103"}],"version-history":[{"count":1,"href":"http:\/\/site.zile.bel.tr\/index.php\/wp-json\/wp\/v2\/posts\/6103\/revisions"}],"predecessor-version":[{"id":6114,"href":"http:\/\/site.zile.bel.tr\/index.php\/wp-json\/wp\/v2\/posts\/6103\/revisions\/6114"}],"wp:featuredmedia":[{"embeddable":true,"href":"http:\/\/site.zile.bel.tr\/index.php\/wp-json\/wp\/v2\/media\/6110"}],"wp:attachment":[{"href":"http:\/\/site.zile.bel.tr\/index.php\/wp-json\/wp\/v2\/media?parent=6103"}],"wp:term":[{"taxonomy":"category","embeddable":true,"href":"http:\/\/site.zile.bel.tr\/index.php\/wp-json\/wp\/v2\/categories?post=6103"},{"taxonomy":"post_tag","embeddable":true,"href":"http:\/\/site.zile.bel.tr\/index.php\/wp-json\/wp\/v2\/tags?post=6103"}],"curies":[{"name":"wp","href":"https:\/\/api.w.org\/{rel}","templated":true}]}}