{"id":6149,"date":"2023-08-22T08:43:30","date_gmt":"2023-08-22T05:43:30","guid":{"rendered":"https:\/\/site.zile.bel.tr\/?p=6149"},"modified":"2024-01-24T13:32:00","modified_gmt":"2024-01-24T10:32:00","slug":"orta-anadolu-ve-karadenizin-en-buyuk-ges-projesi","status":"publish","type":"post","link":"http:\/\/site.zile.bel.tr\/index.php\/2023\/08\/22\/orta-anadolu-ve-karadenizin-en-buyuk-ges-projesi\/","title":{"rendered":"Orta Anadolu ve Karadeniz\u2019in en b\u00fcy\u00fck GES Projesi"},"content":{"rendered":"<p><img loading=\"lazy\" decoding=\"async\" class=\"alignnone wp-image-6150\" src=\"http:\/\/site.zile.bel.tr\/wp-content\/uploads\/2023\/08\/GES-1500-x-1071-300x214.jpg\" alt=\"\" width=\"800\" height=\"571\" srcset=\"http:\/\/site.zile.bel.tr\/wp-content\/uploads\/2023\/08\/GES-1500-x-1071-300x214.jpg 300w, http:\/\/site.zile.bel.tr\/wp-content\/uploads\/2023\/08\/GES-1500-x-1071-1024x731.jpg 1024w, http:\/\/site.zile.bel.tr\/wp-content\/uploads\/2023\/08\/GES-1500-x-1071-768x548.jpg 768w, http:\/\/site.zile.bel.tr\/wp-content\/uploads\/2023\/08\/GES-1500-x-1071.jpg 1500w\" sizes=\"auto, (max-width: 800px) 100vw, 800px\" \/><\/p>\n<p>Zile Belediyesi Orta Anadolu ve Karadeniz B\u00f6lgesi\u2019nin en b\u00fcy\u00fck G\u00fcne\u015f Enerji Santralini i\u015fletmeye ald\u0131.<\/p>\n<p>22 milyon liras\u0131 \u00f6z kaynak, 38 milyon liras\u0131 kredi olmak \u00fczere toplam 60 milyon maliyetli yat\u0131r\u0131m projesi, sa\u011flayaca\u011f\u0131 1, 5 milyon liral\u0131k ayl\u0131k gelir itibariyle yakla\u015f\u0131k 3 y\u0131l gibi k\u0131sa bir s\u00fcrede kendini amorti edecek.<\/p>\n<p><img loading=\"lazy\" decoding=\"async\" class=\"alignnone wp-image-6151\" src=\"http:\/\/site.zile.bel.tr\/wp-content\/uploads\/2023\/08\/3-6-300x200.jpg\" alt=\"\" width=\"800\" height=\"533\" srcset=\"http:\/\/site.zile.bel.tr\/wp-content\/uploads\/2023\/08\/3-6-300x200.jpg 300w, http:\/\/site.zile.bel.tr\/wp-content\/uploads\/2023\/08\/3-6-1024x683.jpg 1024w, http:\/\/site.zile.bel.tr\/wp-content\/uploads\/2023\/08\/3-6-768x512.jpg 768w, http:\/\/site.zile.bel.tr\/wp-content\/uploads\/2023\/08\/3-6-1536x1024.jpg 1536w, http:\/\/site.zile.bel.tr\/wp-content\/uploads\/2023\/08\/3-6-2048x1365.jpg 2048w\" sizes=\"auto, (max-width: 800px) 100vw, 800px\" \/><\/p>\n<p>B\u00f6lgenin en b\u00fcy\u00fck G\u00fcne\u015f Enerji Santrali yat\u0131r\u0131mlar\u0131ndan birini ger\u00e7ekle\u015ftiren Zile Belediyesi kurdu\u011fu 3 \u00a0MW\u2019l\u0131k GES ile birlikte t\u00fcm elektrik t\u00fcketimini yenilenebilir enerji kaynaklar\u0131ndan sa\u011flayan kurum oldu. Kendi elektri\u011fini kar\u015f\u0131lan belediye ihtiya\u00e7 fazlas\u0131n\u0131 da satarak gelir elde etmeye ba\u015flad\u0131.<\/p>\n<p><img loading=\"lazy\" decoding=\"async\" class=\"alignnone wp-image-6152\" src=\"http:\/\/site.zile.bel.tr\/wp-content\/uploads\/2023\/08\/1-7-300x167.jpg\" alt=\"\" width=\"800\" height=\"445\" srcset=\"http:\/\/site.zile.bel.tr\/wp-content\/uploads\/2023\/08\/1-7-300x167.jpg 300w, http:\/\/site.zile.bel.tr\/wp-content\/uploads\/2023\/08\/1-7-1024x569.jpg 1024w, http:\/\/site.zile.bel.tr\/wp-content\/uploads\/2023\/08\/1-7-768x427.jpg 768w, http:\/\/site.zile.bel.tr\/wp-content\/uploads\/2023\/08\/1-7-1536x854.jpg 1536w, http:\/\/site.zile.bel.tr\/wp-content\/uploads\/2023\/08\/1-7.jpg 1799w\" sizes=\"auto, (max-width: 800px) 100vw, 800px\" \/><\/p>\n<p><strong>B\u00f6lgenin en b\u00fcy\u00fck GES santrali belediyeye gelir getirmeye ba\u015flad\u0131<\/strong><\/p>\n<p>\u00c7aml\u0131bel Elektrik Da\u011f\u0131t\u0131m A.\u015e. ile s\u00f6zle\u015fme imzalayan Zile Belediye Ba\u015fkan\u0131 \u015e\u00fckr\u00fc Sarg\u0131n, G\u00fcne\u015f enerji santralinden \u00fcretilen elektri\u011fi satmaya ba\u015flad\u0131klar\u0131n\u0131 belirtti.<\/p>\n<p>Zile Belediye Ba\u015fkan\u0131 \u015e\u00fckr\u00fc Sarg\u0131n belediyenin elektrik ihtiyac\u0131n\u0131 ger\u00e7ekle\u015ftirdikleri GES yat\u0131r\u0131m\u0131 ile sa\u011flad\u0131klar\u0131n\u0131 ifade ederek, \u201cBu yolla belediyenin elektrik ihtiyac\u0131n\u0131 kar\u015f\u0131layarak \u00f6nemli tutardaki elektrik harcama giderlerinden tasarruf etmeye ba\u015flad\u0131k. \u00dcretti\u011fimiz elektri\u011fin fazlas\u0131n\u0131 da satarak gelir elde eden bir belediye in\u015fa ettik. Ger\u00e7ekle\u015ftirdi\u011fimiz ve i\u015fletmeye ald\u0131\u011f\u0131m\u0131z GES projesi ile Zile\u2019nin gelece\u011fine imza att\u0131k.\u201d dedi.<\/p>\n<p><img loading=\"lazy\" decoding=\"async\" class=\"alignnone wp-image-6153\" src=\"http:\/\/site.zile.bel.tr\/wp-content\/uploads\/2023\/08\/4-6-300x200.jpg\" alt=\"\" width=\"800\" height=\"533\" srcset=\"http:\/\/site.zile.bel.tr\/wp-content\/uploads\/2023\/08\/4-6-300x200.jpg 300w, http:\/\/site.zile.bel.tr\/wp-content\/uploads\/2023\/08\/4-6-1024x683.jpg 1024w, http:\/\/site.zile.bel.tr\/wp-content\/uploads\/2023\/08\/4-6-768x512.jpg 768w, http:\/\/site.zile.bel.tr\/wp-content\/uploads\/2023\/08\/4-6-1536x1024.jpg 1536w, http:\/\/site.zile.bel.tr\/wp-content\/uploads\/2023\/08\/4-6-2048x1365.jpg 2048w\" sizes=\"auto, (max-width: 800px) 100vw, 800px\" \/><\/p>\n<p><strong>\u201cHedefimiz; g\u00fc\u00e7l\u00fc b\u00fct\u00e7eye ve kurumsal alt yap\u0131ya sahip bir belediyeyi Zile\u2019ye kazand\u0131rmakt\u0131r\u201d<\/strong><\/p>\n<p>Zile Belediye Ba\u015fkan\u0131 \u015e\u00fckr\u00fc Sarg\u0131n s\u00f6zlerini \u015f\u00f6yle s\u00fcrd\u00fcrd\u00fc.<\/p>\n<p>\u201cEn b\u00fcy\u00fck ba\u015far\u0131m\u0131z, kurumsalla\u015fmaya \u00f6nem vererek, b\u00fct\u00e7e disiplini sa\u011flayarak ve \u00f6nemli gelir getirici projeleri hayata ge\u00e7irerek,\u00a0 kimseye bor\u00e7lu olmayan,\u00a0 g\u00fc\u00e7l\u00fc b\u00fct\u00e7eye sahip, kurumsal alt yap\u0131s\u0131 g\u00fc\u00e7l\u00fc bir belediye olu\u015fturmakt\u0131r. G\u00fcne\u015f Enerji Santrali Projemiz de bu anlay\u0131\u015f\u0131n \u00fcr\u00fcn\u00fcd\u00fcr. 3 MV g\u00fcc\u00fc ile b\u00f6lgenin en b\u00fcy\u00fck GES projesidir. Art\u0131k kulland\u0131\u011f\u0131m\u0131z elektri\u011fi kendimiz \u00fcretecek, hem tasarruf sa\u011flayacak, hem de elektrik satarak,\u00a0 belediyemize \u00f6nemli tutarda gelir sa\u011flayaca\u011f\u0131z. Sa\u011flad\u0131\u011f\u0131m\u0131z bu gelirlerle belediyemizi bor\u00e7 y\u00fck\u00fc alt\u0131na sokmadan ba\u015fka hizmetleri de ger\u00e7ekle\u015ftirece\u011fiz.\u201d<\/p>\n<p><img loading=\"lazy\" decoding=\"async\" class=\"alignnone wp-image-6154\" src=\"http:\/\/site.zile.bel.tr\/wp-content\/uploads\/2023\/08\/6-4-300x200.jpg\" alt=\"\" width=\"800\" height=\"533\" srcset=\"http:\/\/site.zile.bel.tr\/wp-content\/uploads\/2023\/08\/6-4-300x200.jpg 300w, http:\/\/site.zile.bel.tr\/wp-content\/uploads\/2023\/08\/6-4-1024x683.jpg 1024w, http:\/\/site.zile.bel.tr\/wp-content\/uploads\/2023\/08\/6-4-768x512.jpg 768w, http:\/\/site.zile.bel.tr\/wp-content\/uploads\/2023\/08\/6-4-1536x1024.jpg 1536w, http:\/\/site.zile.bel.tr\/wp-content\/uploads\/2023\/08\/6-4-2048x1365.jpg 2048w\" sizes=\"auto, (max-width: 800px) 100vw, 800px\" \/><\/p>\n<p><strong>Sadece elektrik \u00fcretmiyor, \u00e7evrenin korunmas\u0131n\u0131 da sa\u011fl\u0131yoruz<\/strong><\/p>\n<p>Belediye Ba\u015fkan\u0131 \u015e\u00fckr\u00fc Sarg\u0131n sadece elektrik \u00fcretmek ve tasarruf yapmakla kalmad\u0131klar\u0131n\u0131 kaydederek, \u201c\u00a0 Ayn\u0131 zamanda do\u011fay\u0131 koruyoruz. Ger\u00e7ekle\u015ftirdi\u011fimiz bu proje ile \u00fcretilen elektri\u011fin yan\u0131nda, son iki ayda 1369 ton karbon sal\u0131n\u0131m\u0131 engellenirken, 565,91 ton standart k\u00f6m\u00fcrden tasarruf ve 76 bin 255 a\u011fac\u0131n do\u011fada kalmas\u0131 sa\u011fland\u0131. Bu anlamda Zile\u2019ye kazand\u0131rd\u0131\u011f\u0131m\u0131z GES projesi ayn\u0131 zamanda \u00e7evreci bir projedir. Projesinin ger\u00e7ekle\u015ftirilmesinde eme\u011fi ge\u00e7en personelimize de te\u015fekk\u00fcr ederim\u201d dedi.<\/p>\n\n\t\t<style type=\"text\/css\">\n\t\t\t#gallery-1 {\n\t\t\t\tmargin: auto;\n\t\t\t}\n\t\t\t#gallery-1 .gallery-item {\n\t\t\t\tfloat: left;\n\t\t\t\tmargin-top: 10px;\n\t\t\t\ttext-align: center;\n\t\t\t\twidth: 33%;\n\t\t\t}\n\t\t\t#gallery-1 img {\n\t\t\t\tborder: 2px solid #cfcfcf;\n\t\t\t}\n\t\t\t#gallery-1 .gallery-caption {\n\t\t\t\tmargin-left: 0;\n\t\t\t}\n\t\t\t\/* see gallery_shortcode() in wp-includes\/media.php *\/\n\t\t<\/style>\n\t\t<div id='gallery-1' class='gallery galleryid-6149 gallery-columns-3 gallery-size-thumbnail'><dl class='gallery-item'>\n\t\t\t<dt class='gallery-icon landscape'>\n\t\t\t\t<a href='http:\/\/site.zile.bel.tr\/wp-content\/uploads\/2023\/08\/1-8.jpg'><img loading=\"lazy\" decoding=\"async\" width=\"150\" height=\"150\" src=\"http:\/\/site.zile.bel.tr\/wp-content\/uploads\/2023\/08\/1-8-150x150.jpg\" class=\"attachment-thumbnail size-thumbnail\" alt=\"\" \/><\/a>\n\t\t\t<\/dt><\/dl><dl class='gallery-item'>\n\t\t\t<dt class='gallery-icon landscape'>\n\t\t\t\t<a href='http:\/\/site.zile.bel.tr\/wp-content\/uploads\/2023\/08\/2-7.jpg'><img loading=\"lazy\" decoding=\"async\" width=\"150\" height=\"150\" src=\"http:\/\/site.zile.bel.tr\/wp-content\/uploads\/2023\/08\/2-7-150x150.jpg\" class=\"attachment-thumbnail size-thumbnail\" alt=\"\" \/><\/a>\n\t\t\t<\/dt><\/dl><dl class='gallery-item'>\n\t\t\t<dt class='gallery-icon landscape'>\n\t\t\t\t<a href='http:\/\/site.zile.bel.tr\/wp-content\/uploads\/2023\/08\/3-7-scaled.jpg'><img loading=\"lazy\" decoding=\"async\" width=\"150\" height=\"150\" src=\"http:\/\/site.zile.bel.tr\/wp-content\/uploads\/2023\/08\/3-7-150x150.jpg\" class=\"attachment-thumbnail size-thumbnail\" alt=\"\" \/><\/a>\n\t\t\t<\/dt><\/dl><br style=\"clear: both\" \/><dl class='gallery-item'>\n\t\t\t<dt class='gallery-icon landscape'>\n\t\t\t\t<a href='http:\/\/site.zile.bel.tr\/wp-content\/uploads\/2023\/08\/4-7-scaled.jpg'><img loading=\"lazy\" decoding=\"async\" width=\"150\" height=\"150\" src=\"http:\/\/site.zile.bel.tr\/wp-content\/uploads\/2023\/08\/4-7-150x150.jpg\" class=\"attachment-thumbnail size-thumbnail\" alt=\"\" \/><\/a>\n\t\t\t<\/dt><\/dl><dl class='gallery-item'>\n\t\t\t<dt class='gallery-icon landscape'>\n\t\t\t\t<a href='http:\/\/site.zile.bel.tr\/wp-content\/uploads\/2023\/08\/5-7-scaled.jpg'><img loading=\"lazy\" decoding=\"async\" width=\"150\" height=\"150\" src=\"http:\/\/site.zile.bel.tr\/wp-content\/uploads\/2023\/08\/5-7-150x150.jpg\" class=\"attachment-thumbnail size-thumbnail\" alt=\"\" \/><\/a>\n\t\t\t<\/dt><\/dl><dl class='gallery-item'>\n\t\t\t<dt class='gallery-icon landscape'>\n\t\t\t\t<a href='http:\/\/site.zile.bel.tr\/wp-content\/uploads\/2023\/08\/6-5-scaled.jpg'><img loading=\"lazy\" decoding=\"async\" width=\"150\" height=\"150\" src=\"http:\/\/site.zile.bel.tr\/wp-content\/uploads\/2023\/08\/6-5-150x150.jpg\" class=\"attachment-thumbnail size-thumbnail\" alt=\"\" \/><\/a>\n\t\t\t<\/dt><\/dl><br style=\"clear: both\" \/><dl class='gallery-item'>\n\t\t\t<dt class='gallery-icon landscape'>\n\t\t\t\t<a href='http:\/\/site.zile.bel.tr\/wp-content\/uploads\/2023\/08\/DSC_6491-scaled.jpg'><img loading=\"lazy\" decoding=\"async\" width=\"150\" height=\"150\" src=\"http:\/\/site.zile.bel.tr\/wp-content\/uploads\/2023\/08\/DSC_6491-150x150.jpg\" class=\"attachment-thumbnail size-thumbnail\" alt=\"\" \/><\/a>\n\t\t\t<\/dt><\/dl><dl class='gallery-item'>\n\t\t\t<dt class='gallery-icon landscape'>\n\t\t\t\t<a href='http:\/\/site.zile.bel.tr\/wp-content\/uploads\/2023\/08\/DSC_6492-scaled.jpg'><img loading=\"lazy\" decoding=\"async\" width=\"150\" height=\"150\" src=\"http:\/\/site.zile.bel.tr\/wp-content\/uploads\/2023\/08\/DSC_6492-150x150.jpg\" class=\"attachment-thumbnail size-thumbnail\" alt=\"\" \/><\/a>\n\t\t\t<\/dt><\/dl><dl class='gallery-item'>\n\t\t\t<dt class='gallery-icon landscape'>\n\t\t\t\t<a href='http:\/\/site.zile.bel.tr\/wp-content\/uploads\/2023\/08\/DSC_6493-scaled.jpg'><img loading=\"lazy\" decoding=\"async\" width=\"150\" height=\"150\" src=\"http:\/\/site.zile.bel.tr\/wp-content\/uploads\/2023\/08\/DSC_6493-150x150.jpg\" class=\"attachment-thumbnail size-thumbnail\" alt=\"\" \/><\/a>\n\t\t\t<\/dt><\/dl><br style=\"clear: both\" \/><dl class='gallery-item'>\n\t\t\t<dt class='gallery-icon landscape'>\n\t\t\t\t<a href='http:\/\/site.zile.bel.tr\/wp-content\/uploads\/2023\/08\/DSC_6513-scaled.jpg'><img loading=\"lazy\" decoding=\"async\" width=\"150\" height=\"150\" src=\"http:\/\/site.zile.bel.tr\/wp-content\/uploads\/2023\/08\/DSC_6513-150x150.jpg\" class=\"attachment-thumbnail size-thumbnail\" alt=\"\" \/><\/a>\n\t\t\t<\/dt><\/dl><dl class='gallery-item'>\n\t\t\t<dt class='gallery-icon landscape'>\n\t\t\t\t<a href='http:\/\/site.zile.bel.tr\/wp-content\/uploads\/2023\/08\/DSC_6520-scaled.jpg'><img loading=\"lazy\" decoding=\"async\" width=\"150\" height=\"150\" src=\"http:\/\/site.zile.bel.tr\/wp-content\/uploads\/2023\/08\/DSC_6520-150x150.jpg\" class=\"attachment-thumbnail size-thumbnail\" alt=\"\" \/><\/a>\n\t\t\t<\/dt><\/dl><dl class='gallery-item'>\n\t\t\t<dt class='gallery-icon landscape'>\n\t\t\t\t<a href='http:\/\/site.zile.bel.tr\/wp-content\/uploads\/2023\/08\/DSC_6525-scaled.jpg'><img loading=\"lazy\" decoding=\"async\" width=\"150\" height=\"150\" src=\"http:\/\/site.zile.bel.tr\/wp-content\/uploads\/2023\/08\/DSC_6525-150x150.jpg\" class=\"attachment-thumbnail size-thumbnail\" alt=\"\" \/><\/a>\n\t\t\t<\/dt><\/dl><br style=\"clear: both\" \/><dl class='gallery-item'>\n\t\t\t<dt class='gallery-icon landscape'>\n\t\t\t\t<a href='http:\/\/site.zile.bel.tr\/wp-content\/uploads\/2023\/08\/DSC_6530-scaled.jpg'><img loading=\"lazy\" decoding=\"async\" width=\"150\" height=\"150\" src=\"http:\/\/site.zile.bel.tr\/wp-content\/uploads\/2023\/08\/DSC_6530-150x150.jpg\" class=\"attachment-thumbnail size-thumbnail\" alt=\"\" \/><\/a>\n\t\t\t<\/dt><\/dl><dl class='gallery-item'>\n\t\t\t<dt class='gallery-icon landscape'>\n\t\t\t\t<a href='http:\/\/site.zile.bel.tr\/wp-content\/uploads\/2023\/08\/DSC_6533-scaled.jpg'><img loading=\"lazy\" decoding=\"async\" width=\"150\" height=\"150\" src=\"http:\/\/site.zile.bel.tr\/wp-content\/uploads\/2023\/08\/DSC_6533-150x150.jpg\" class=\"attachment-thumbnail size-thumbnail\" alt=\"\" \/><\/a>\n\t\t\t<\/dt><\/dl><dl class='gallery-item'>\n\t\t\t<dt class='gallery-icon landscape'>\n\t\t\t\t<a href='http:\/\/site.zile.bel.tr\/wp-content\/uploads\/2023\/08\/DSC_6535-scaled.jpg'><img loading=\"lazy\" decoding=\"async\" width=\"150\" height=\"150\" src=\"http:\/\/site.zile.bel.tr\/wp-content\/uploads\/2023\/08\/DSC_6535-150x150.jpg\" class=\"attachment-thumbnail size-thumbnail\" alt=\"\" \/><\/a>\n\t\t\t<\/dt><\/dl><br style=\"clear: both\" \/><dl class='gallery-item'>\n\t\t\t<dt class='gallery-icon landscape'>\n\t\t\t\t<a href='http:\/\/site.zile.bel.tr\/wp-content\/uploads\/2023\/08\/DSC_6539-scaled.jpg'><img loading=\"lazy\" decoding=\"async\" width=\"150\" height=\"150\" src=\"http:\/\/site.zile.bel.tr\/wp-content\/uploads\/2023\/08\/DSC_6539-150x150.jpg\" class=\"attachment-thumbnail size-thumbnail\" alt=\"\" \/><\/a>\n\t\t\t<\/dt><\/dl><dl class='gallery-item'>\n\t\t\t<dt class='gallery-icon landscape'>\n\t\t\t\t<a href='http:\/\/site.zile.bel.tr\/wp-content\/uploads\/2023\/08\/DSC_6541-scaled.jpg'><img loading=\"lazy\" decoding=\"async\" width=\"150\" height=\"150\" src=\"http:\/\/site.zile.bel.tr\/wp-content\/uploads\/2023\/08\/DSC_6541-150x150.jpg\" class=\"attachment-thumbnail size-thumbnail\" alt=\"\" \/><\/a>\n\t\t\t<\/dt><\/dl>\n\t\t\t<br style='clear: both' \/>\n\t\t<\/div>\n\n","protected":false},"excerpt":{"rendered":"<p>Zile Belediyesi Orta Anadolu ve Karadeniz B\u00f6lgesi\u2019nin en b\u00fcy\u00fck G\u00fcne\u015f Enerji Santralini i\u015fletmeye ald\u0131. 22 milyon liras\u0131 \u00f6z kaynak, 38 milyon liras\u0131 kredi olmak \u00fczere toplam 60 milyon maliyetli yat\u0131r\u0131m projesi, sa\u011flayaca\u011f\u0131 1, 5 milyon liral\u0131k ayl\u0131k gelir itibariyle yakla\u015f\u0131k 3 y\u0131l gibi k\u0131sa bir s\u00fcrede kendini amorti edecek. B\u00f6lgenin en b\u00fcy\u00fck G\u00fcne\u015f Enerji Santrali [&hellip;]<\/p>\n","protected":false},"author":1,"featured_media":6150,"comment_status":"open","ping_status":"open","sticky":false,"template":"","format":"standard","meta":{"footnotes":""},"categories":[11,8],"tags":[],"class_list":["post-6149","post","type-post","status-publish","format-standard","has-post-thumbnail","hentry","category-haberler","category-tamamlanan-projeler"],"_links":{"self":[{"href":"http:\/\/site.zile.bel.tr\/index.php\/wp-json\/wp\/v2\/posts\/6149","targetHints":{"allow":["GET"]}}],"collection":[{"href":"http:\/\/site.zile.bel.tr\/index.php\/wp-json\/wp\/v2\/posts"}],"about":[{"href":"http:\/\/site.zile.bel.tr\/index.php\/wp-json\/wp\/v2\/types\/post"}],"author":[{"embeddable":true,"href":"http:\/\/site.zile.bel.tr\/index.php\/wp-json\/wp\/v2\/users\/1"}],"replies":[{"embeddable":true,"href":"http:\/\/site.zile.bel.tr\/index.php\/wp-json\/wp\/v2\/comments?post=6149"}],"version-history":[{"count":1,"href":"http:\/\/site.zile.bel.tr\/index.php\/wp-json\/wp\/v2\/posts\/6149\/revisions"}],"predecessor-version":[{"id":6172,"href":"http:\/\/site.zile.bel.tr\/index.php\/wp-json\/wp\/v2\/posts\/6149\/revisions\/6172"}],"wp:featuredmedia":[{"embeddable":true,"href":"http:\/\/site.zile.bel.tr\/index.php\/wp-json\/wp\/v2\/media\/6150"}],"wp:attachment":[{"href":"http:\/\/site.zile.bel.tr\/index.php\/wp-json\/wp\/v2\/media?parent=6149"}],"wp:term":[{"taxonomy":"category","embeddable":true,"href":"http:\/\/site.zile.bel.tr\/index.php\/wp-json\/wp\/v2\/categories?post=6149"},{"taxonomy":"post_tag","embeddable":true,"href":"http:\/\/site.zile.bel.tr\/index.php\/wp-json\/wp\/v2\/tags?post=6149"}],"curies":[{"name":"wp","href":"https:\/\/api.w.org\/{rel}","templated":true}]}}