{"id":6173,"date":"2023-08-28T11:29:15","date_gmt":"2023-08-28T08:29:15","guid":{"rendered":"https:\/\/site.zile.bel.tr\/?p=6173"},"modified":"2023-08-28T11:29:15","modified_gmt":"2023-08-28T08:29:15","slug":"mezarlik-parke-ve-temizlik-calismasi-yapildi","status":"publish","type":"post","link":"http:\/\/site.zile.bel.tr\/index.php\/2023\/08\/28\/mezarlik-parke-ve-temizlik-calismasi-yapildi\/","title":{"rendered":"Mezarl\u0131k parke ve temizlik \u00e7al\u0131\u015fmas\u0131 yap\u0131ld\u0131."},"content":{"rendered":"<p>Mezarl\u0131k parke ve temizlik \u00e7al\u0131\u015fmas\u0131 yap\u0131ld\u0131.<\/p>\n<p><img loading=\"lazy\" decoding=\"async\" class=\"alignnone wp-image-6175\" src=\"http:\/\/site.zile.bel.tr\/wp-content\/uploads\/2023\/08\/2-8-300x200.jpg\" alt=\"\" width=\"800\" height=\"533\" srcset=\"http:\/\/site.zile.bel.tr\/wp-content\/uploads\/2023\/08\/2-8-300x200.jpg 300w, http:\/\/site.zile.bel.tr\/wp-content\/uploads\/2023\/08\/2-8-1024x682.jpg 1024w, http:\/\/site.zile.bel.tr\/wp-content\/uploads\/2023\/08\/2-8-768x512.jpg 768w, http:\/\/site.zile.bel.tr\/wp-content\/uploads\/2023\/08\/2-8-1536x1023.jpg 1536w, http:\/\/site.zile.bel.tr\/wp-content\/uploads\/2023\/08\/2-8.jpg 1600w\" sizes=\"auto, (max-width: 800px) 100vw, 800px\" \/><\/p>\n<p>Zile Belediyesi Fen \u0130\u015fleri M\u00fcd\u00fcrl\u00fc\u011f\u00fc, \u0130stasyon Mahallesi\u2019nde bulunan mezarl\u0131kta \u00e7al\u0131\u015fma ba\u015flatt\u0131. Parke ve \u00e7evre d\u00fczenlemesini yapan belediye ekipleri \u00e7al\u0131\u015fmalar\u0131n\u0131 tamamlad\u0131.<\/p>\n<p><img loading=\"lazy\" decoding=\"async\" class=\"alignnone wp-image-6174\" src=\"http:\/\/site.zile.bel.tr\/wp-content\/uploads\/2023\/08\/6-6-300x200.jpg\" alt=\"\" width=\"800\" height=\"533\" srcset=\"http:\/\/site.zile.bel.tr\/wp-content\/uploads\/2023\/08\/6-6-300x200.jpg 300w, http:\/\/site.zile.bel.tr\/wp-content\/uploads\/2023\/08\/6-6-1024x682.jpg 1024w, http:\/\/site.zile.bel.tr\/wp-content\/uploads\/2023\/08\/6-6-768x512.jpg 768w, http:\/\/site.zile.bel.tr\/wp-content\/uploads\/2023\/08\/6-6-1536x1023.jpg 1536w, http:\/\/site.zile.bel.tr\/wp-content\/uploads\/2023\/08\/6-6.jpg 1600w\" sizes=\"auto, (max-width: 800px) 100vw, 800px\" \/><\/p>\n<p>Park Bah\u00e7e M\u00fcd\u00fcrl\u00fc\u011f\u00fcm\u00fcz de mezarl\u0131kta gerekli bak\u0131m ve temizlik \u00e7al\u0131\u015fmas\u0131n\u0131 ger\u00e7ekle\u015ftirdi.<\/p>\n<p><img loading=\"lazy\" decoding=\"async\" class=\"alignnone wp-image-6176\" src=\"http:\/\/site.zile.bel.tr\/wp-content\/uploads\/2023\/08\/3-8-300x200.jpg\" alt=\"\" width=\"800\" height=\"533\" srcset=\"http:\/\/site.zile.bel.tr\/wp-content\/uploads\/2023\/08\/3-8-300x200.jpg 300w, http:\/\/site.zile.bel.tr\/wp-content\/uploads\/2023\/08\/3-8-1024x682.jpg 1024w, http:\/\/site.zile.bel.tr\/wp-content\/uploads\/2023\/08\/3-8-768x512.jpg 768w, http:\/\/site.zile.bel.tr\/wp-content\/uploads\/2023\/08\/3-8-1536x1023.jpg 1536w, http:\/\/site.zile.bel.tr\/wp-content\/uploads\/2023\/08\/3-8.jpg 1600w\" sizes=\"auto, (max-width: 800px) 100vw, 800px\" \/><\/p>\n<p><img loading=\"lazy\" decoding=\"async\" class=\"alignnone wp-image-6177\" src=\"http:\/\/site.zile.bel.tr\/wp-content\/uploads\/2023\/08\/4-8-300x200.jpg\" alt=\"\" width=\"800\" height=\"533\" srcset=\"http:\/\/site.zile.bel.tr\/wp-content\/uploads\/2023\/08\/4-8-300x200.jpg 300w, http:\/\/site.zile.bel.tr\/wp-content\/uploads\/2023\/08\/4-8-1024x682.jpg 1024w, http:\/\/site.zile.bel.tr\/wp-content\/uploads\/2023\/08\/4-8-768x512.jpg 768w, http:\/\/site.zile.bel.tr\/wp-content\/uploads\/2023\/08\/4-8-1536x1023.jpg 1536w, http:\/\/site.zile.bel.tr\/wp-content\/uploads\/2023\/08\/4-8.jpg 1600w\" sizes=\"auto, (max-width: 800px) 100vw, 800px\" \/><\/p>\n","protected":false},"excerpt":{"rendered":"<p>Mezarl\u0131k parke ve temizlik \u00e7al\u0131\u015fmas\u0131 yap\u0131ld\u0131. Zile Belediyesi Fen \u0130\u015fleri M\u00fcd\u00fcrl\u00fc\u011f\u00fc, \u0130stasyon Mahallesi\u2019nde bulunan mezarl\u0131kta \u00e7al\u0131\u015fma ba\u015flatt\u0131. Parke ve \u00e7evre d\u00fczenlemesini yapan belediye ekipleri \u00e7al\u0131\u015fmalar\u0131n\u0131 tamamlad\u0131. Park Bah\u00e7e M\u00fcd\u00fcrl\u00fc\u011f\u00fcm\u00fcz de mezarl\u0131kta gerekli bak\u0131m ve temizlik \u00e7al\u0131\u015fmas\u0131n\u0131 ger\u00e7ekle\u015ftirdi.<\/p>\n","protected":false},"author":1,"featured_media":6175,"comment_status":"open","ping_status":"open","sticky":false,"template":"","format":"standard","meta":{"footnotes":""},"categories":[11],"tags":[],"class_list":["post-6173","post","type-post","status-publish","format-standard","has-post-thumbnail","hentry","category-haberler"],"_links":{"self":[{"href":"http:\/\/site.zile.bel.tr\/index.php\/wp-json\/wp\/v2\/posts\/6173","targetHints":{"allow":["GET"]}}],"collection":[{"href":"http:\/\/site.zile.bel.tr\/index.php\/wp-json\/wp\/v2\/posts"}],"about":[{"href":"http:\/\/site.zile.bel.tr\/index.php\/wp-json\/wp\/v2\/types\/post"}],"author":[{"embeddable":true,"href":"http:\/\/site.zile.bel.tr\/index.php\/wp-json\/wp\/v2\/users\/1"}],"replies":[{"embeddable":true,"href":"http:\/\/site.zile.bel.tr\/index.php\/wp-json\/wp\/v2\/comments?post=6173"}],"version-history":[{"count":1,"href":"http:\/\/site.zile.bel.tr\/index.php\/wp-json\/wp\/v2\/posts\/6173\/revisions"}],"predecessor-version":[{"id":6178,"href":"http:\/\/site.zile.bel.tr\/index.php\/wp-json\/wp\/v2\/posts\/6173\/revisions\/6178"}],"wp:featuredmedia":[{"embeddable":true,"href":"http:\/\/site.zile.bel.tr\/index.php\/wp-json\/wp\/v2\/media\/6175"}],"wp:attachment":[{"href":"http:\/\/site.zile.bel.tr\/index.php\/wp-json\/wp\/v2\/media?parent=6173"}],"wp:term":[{"taxonomy":"category","embeddable":true,"href":"http:\/\/site.zile.bel.tr\/index.php\/wp-json\/wp\/v2\/categories?post=6173"},{"taxonomy":"post_tag","embeddable":true,"href":"http:\/\/site.zile.bel.tr\/index.php\/wp-json\/wp\/v2\/tags?post=6173"}],"curies":[{"name":"wp","href":"https:\/\/api.w.org\/{rel}","templated":true}]}}