{"id":6180,"date":"2023-08-30T11:46:51","date_gmt":"2023-08-30T08:46:51","guid":{"rendered":"https:\/\/site.zile.bel.tr\/?p=6180"},"modified":"2023-08-30T11:46:51","modified_gmt":"2023-08-30T08:46:51","slug":"30-agustos-zafer-bayrami-etkinlikleri-kapsaminda-celenk-koyma-toreni-gerceklestirildi","status":"publish","type":"post","link":"http:\/\/site.zile.bel.tr\/index.php\/2023\/08\/30\/30-agustos-zafer-bayrami-etkinlikleri-kapsaminda-celenk-koyma-toreni-gerceklestirildi\/","title":{"rendered":"30 A\u011fustos Zafer Bayram\u0131 Etkinlikleri Kapsam\u0131nda \u00c7elenk Koyma T\u00f6reni Ger\u00e7ekle\u015ftirildi."},"content":{"rendered":"<p>30 A\u011fustos Zafer Bayram\u0131 Etkinlikleri Kapsam\u0131nda \u00c7elenk Koyma T\u00f6reni Ger\u00e7ekle\u015ftirildi.<\/p>\n<p><img loading=\"lazy\" decoding=\"async\" class=\"alignnone wp-image-6181\" src=\"http:\/\/site.zile.bel.tr\/wp-content\/uploads\/2023\/08\/p1-300x248.jpg\" alt=\"\" width=\"800\" height=\"660\" srcset=\"http:\/\/site.zile.bel.tr\/wp-content\/uploads\/2023\/08\/p1-300x248.jpg 300w, http:\/\/site.zile.bel.tr\/wp-content\/uploads\/2023\/08\/p1-768x634.jpg 768w, http:\/\/site.zile.bel.tr\/wp-content\/uploads\/2023\/08\/p1.jpg 1024w\" sizes=\"auto, (max-width: 800px) 100vw, 800px\" \/><\/p>\n<p>T\u00fcrk Ulusunun Mustafa Kemal \u00f6nderli\u011finde verdi\u011fi ba\u011f\u0131ms\u0131zl\u0131k m\u00fccadelesinin, tarihte e\u015fine az rastlan\u0131r bir kahramanl\u0131k destan\u0131 oldu\u011funu belirten Zile Belediye Ba\u015fkan\u0131 \u015e\u00fckr\u00fc Sarg\u0131n, \u201cUlusumuzun, Malazgirt Meydan Muharebesi\u2019nden \u00c7anakkale ve Kurtulu\u015f Sava\u015flar\u0131\u2019na kadar en zor ko\u015fullar i\u00e7inde bile ba\u011f\u0131ms\u0131zl\u0131\u011f\u0131n\u0131 korumu\u015f olmas\u0131, birli\u011fimizin, gelece\u011fimizin ve g\u00fcc\u00fcm\u00fcz\u00fcn g\u00fcvencesidir. T\u00fcrk ulusunun ordusuyla tek bir y\u00fcrek ve yumruk halinde birle\u015ferek g\u00f6sterdi\u011fi cesaret, kahramanl\u0131k ve vatan sevgisi, T\u00fcrkiye Cumhuriyeti Devleti\u2019nin y\u00fckseli\u015findeki en sa\u011flam yap\u0131 ta\u015flar\u0131ndan biridir.<\/p>\n<p><img loading=\"lazy\" decoding=\"async\" class=\"alignnone wp-image-6182\" src=\"http:\/\/site.zile.bel.tr\/wp-content\/uploads\/2023\/08\/p4-300x200.jpg\" alt=\"\" width=\"800\" height=\"533\" srcset=\"http:\/\/site.zile.bel.tr\/wp-content\/uploads\/2023\/08\/p4-300x200.jpg 300w, http:\/\/site.zile.bel.tr\/wp-content\/uploads\/2023\/08\/p4-768x512.jpg 768w, http:\/\/site.zile.bel.tr\/wp-content\/uploads\/2023\/08\/p4.jpg 1024w\" sizes=\"auto, (max-width: 800px) 100vw, 800px\" \/><br \/>\nUlus olarak ortak hedefimiz, Mustafa Kemal Atat\u00fcrk\u2019\u00fcn devrimlerine, ilkelerine sonsuza kadar sahip \u00e7\u0131karak \u00e7a\u011fda\u015f, laik ve demokratik Cumhuriyeti her zaman korumakt\u0131r. Ulu \u00d6nderin ilke ve devrimleri yolumuzu her zaman ayd\u0131nlatacak, bizlere g\u00fc\u00e7 verecektir.<br \/>\n30 A\u011fustos Zafer Bayram\u0131m\u0131z\u0131, b\u00fcy\u00fck bir co\u015fku ve umutla kutluyor, ba\u015fta Ulu \u00d6nder Mustafa Kemal Atat\u00fcrk olmak \u00fczere silah arkada\u015flar\u0131n\u0131, t\u00fcm \u015fehitlerimizi, gazilerimizi sayg\u0131, minnet ve \u015f\u00fckranla an\u0131yorum. Zileli hem\u015fehrilerimin ve milletimizin 30 A\u011fustos Zafer Bayram\u0131\u2019n\u0131 kutluyorum. Sevgi ve sayg\u0131lar\u0131mla<\/p>\n\n\t\t<style type=\"text\/css\">\n\t\t\t#gallery-1 {\n\t\t\t\tmargin: auto;\n\t\t\t}\n\t\t\t#gallery-1 .gallery-item {\n\t\t\t\tfloat: left;\n\t\t\t\tmargin-top: 10px;\n\t\t\t\ttext-align: center;\n\t\t\t\twidth: 33%;\n\t\t\t}\n\t\t\t#gallery-1 img {\n\t\t\t\tborder: 2px solid #cfcfcf;\n\t\t\t}\n\t\t\t#gallery-1 .gallery-caption {\n\t\t\t\tmargin-left: 0;\n\t\t\t}\n\t\t\t\/* see gallery_shortcode() in wp-includes\/media.php *\/\n\t\t<\/style>\n\t\t<div id='gallery-1' class='gallery galleryid-6180 gallery-columns-3 gallery-size-thumbnail'><dl class='gallery-item'>\n\t\t\t<dt class='gallery-icon landscape'>\n\t\t\t\t<a href='http:\/\/site.zile.bel.tr\/wp-content\/uploads\/2023\/08\/p1-1.jpg'><img loading=\"lazy\" decoding=\"async\" width=\"150\" height=\"150\" src=\"http:\/\/site.zile.bel.tr\/wp-content\/uploads\/2023\/08\/p1-1-150x150.jpg\" class=\"attachment-thumbnail size-thumbnail\" alt=\"\" \/><\/a>\n\t\t\t<\/dt><\/dl><dl class='gallery-item'>\n\t\t\t<dt class='gallery-icon landscape'>\n\t\t\t\t<a href='http:\/\/site.zile.bel.tr\/wp-content\/uploads\/2023\/08\/p2.jpg'><img loading=\"lazy\" decoding=\"async\" width=\"150\" height=\"150\" src=\"http:\/\/site.zile.bel.tr\/wp-content\/uploads\/2023\/08\/p2-150x150.jpg\" class=\"attachment-thumbnail size-thumbnail\" alt=\"\" \/><\/a>\n\t\t\t<\/dt><\/dl><dl class='gallery-item'>\n\t\t\t<dt class='gallery-icon landscape'>\n\t\t\t\t<a href='http:\/\/site.zile.bel.tr\/wp-content\/uploads\/2023\/08\/p3.jpg'><img loading=\"lazy\" decoding=\"async\" width=\"150\" height=\"150\" src=\"http:\/\/site.zile.bel.tr\/wp-content\/uploads\/2023\/08\/p3-150x150.jpg\" class=\"attachment-thumbnail size-thumbnail\" alt=\"\" \/><\/a>\n\t\t\t<\/dt><\/dl><br style=\"clear: both\" \/><dl class='gallery-item'>\n\t\t\t<dt class='gallery-icon landscape'>\n\t\t\t\t<a href='http:\/\/site.zile.bel.tr\/wp-content\/uploads\/2023\/08\/p4-1.jpg'><img loading=\"lazy\" decoding=\"async\" width=\"150\" height=\"150\" src=\"http:\/\/site.zile.bel.tr\/wp-content\/uploads\/2023\/08\/p4-1-150x150.jpg\" class=\"attachment-thumbnail size-thumbnail\" alt=\"\" \/><\/a>\n\t\t\t<\/dt><\/dl><dl class='gallery-item'>\n\t\t\t<dt class='gallery-icon landscape'>\n\t\t\t\t<a href='http:\/\/site.zile.bel.tr\/wp-content\/uploads\/2023\/08\/p5.jpg'><img loading=\"lazy\" decoding=\"async\" width=\"150\" height=\"150\" src=\"http:\/\/site.zile.bel.tr\/wp-content\/uploads\/2023\/08\/p5-150x150.jpg\" class=\"attachment-thumbnail size-thumbnail\" alt=\"\" \/><\/a>\n\t\t\t<\/dt><\/dl>\n\t\t\t<br style='clear: both' \/>\n\t\t<\/div>\n\n","protected":false},"excerpt":{"rendered":"<p>30 A\u011fustos Zafer Bayram\u0131 Etkinlikleri Kapsam\u0131nda \u00c7elenk Koyma T\u00f6reni Ger\u00e7ekle\u015ftirildi. T\u00fcrk Ulusunun Mustafa Kemal \u00f6nderli\u011finde verdi\u011fi ba\u011f\u0131ms\u0131zl\u0131k m\u00fccadelesinin, tarihte e\u015fine az rastlan\u0131r bir kahramanl\u0131k destan\u0131 oldu\u011funu belirten Zile Belediye Ba\u015fkan\u0131 \u015e\u00fckr\u00fc Sarg\u0131n, \u201cUlusumuzun, Malazgirt Meydan Muharebesi\u2019nden \u00c7anakkale ve Kurtulu\u015f Sava\u015flar\u0131\u2019na kadar en zor ko\u015fullar i\u00e7inde bile ba\u011f\u0131ms\u0131zl\u0131\u011f\u0131n\u0131 korumu\u015f olmas\u0131, birli\u011fimizin, gelece\u011fimizin ve g\u00fcc\u00fcm\u00fcz\u00fcn g\u00fcvencesidir. T\u00fcrk [&hellip;]<\/p>\n","protected":false},"author":1,"featured_media":6183,"comment_status":"open","ping_status":"open","sticky":false,"template":"","format":"standard","meta":{"footnotes":""},"categories":[11],"tags":[],"class_list":["post-6180","post","type-post","status-publish","format-standard","has-post-thumbnail","hentry","category-haberler"],"_links":{"self":[{"href":"http:\/\/site.zile.bel.tr\/index.php\/wp-json\/wp\/v2\/posts\/6180","targetHints":{"allow":["GET"]}}],"collection":[{"href":"http:\/\/site.zile.bel.tr\/index.php\/wp-json\/wp\/v2\/posts"}],"about":[{"href":"http:\/\/site.zile.bel.tr\/index.php\/wp-json\/wp\/v2\/types\/post"}],"author":[{"embeddable":true,"href":"http:\/\/site.zile.bel.tr\/index.php\/wp-json\/wp\/v2\/users\/1"}],"replies":[{"embeddable":true,"href":"http:\/\/site.zile.bel.tr\/index.php\/wp-json\/wp\/v2\/comments?post=6180"}],"version-history":[{"count":1,"href":"http:\/\/site.zile.bel.tr\/index.php\/wp-json\/wp\/v2\/posts\/6180\/revisions"}],"predecessor-version":[{"id":6188,"href":"http:\/\/site.zile.bel.tr\/index.php\/wp-json\/wp\/v2\/posts\/6180\/revisions\/6188"}],"wp:featuredmedia":[{"embeddable":true,"href":"http:\/\/site.zile.bel.tr\/index.php\/wp-json\/wp\/v2\/media\/6183"}],"wp:attachment":[{"href":"http:\/\/site.zile.bel.tr\/index.php\/wp-json\/wp\/v2\/media?parent=6180"}],"wp:term":[{"taxonomy":"category","embeddable":true,"href":"http:\/\/site.zile.bel.tr\/index.php\/wp-json\/wp\/v2\/categories?post=6180"},{"taxonomy":"post_tag","embeddable":true,"href":"http:\/\/site.zile.bel.tr\/index.php\/wp-json\/wp\/v2\/tags?post=6180"}],"curies":[{"name":"wp","href":"https:\/\/api.w.org\/{rel}","templated":true}]}}