{"id":6192,"date":"2023-09-05T15:46:48","date_gmt":"2023-09-05T12:46:48","guid":{"rendered":"https:\/\/site.zile.bel.tr\/?p=6192"},"modified":"2023-09-05T15:46:48","modified_gmt":"2023-09-05T12:46:48","slug":"sehit-polis-niyazi-petekin-adi-zile-ilce-emniyet-amirligi-binasina-verildi","status":"publish","type":"post","link":"http:\/\/site.zile.bel.tr\/index.php\/2023\/09\/05\/sehit-polis-niyazi-petekin-adi-zile-ilce-emniyet-amirligi-binasina-verildi\/","title":{"rendered":"\u015eehit polis Niyazi Petek\u2019in ad\u0131 Zile \u0130l\u00e7e Emniyet Amirli\u011fi binas\u0131na verildi"},"content":{"rendered":"<p>\u015eehit polis Niyazi Petek\u2019in ad\u0131 Zile \u0130l\u00e7e Emniyet Amirli\u011fi binas\u0131na verildi<\/p>\n<p><img loading=\"lazy\" decoding=\"async\" class=\"alignnone wp-image-6193\" src=\"http:\/\/site.zile.bel.tr\/wp-content\/uploads\/2023\/09\/4-300x200.jpg\" alt=\"\" width=\"800\" height=\"533\" srcset=\"http:\/\/site.zile.bel.tr\/wp-content\/uploads\/2023\/09\/4-300x200.jpg 300w, http:\/\/site.zile.bel.tr\/wp-content\/uploads\/2023\/09\/4-1024x682.jpg 1024w, http:\/\/site.zile.bel.tr\/wp-content\/uploads\/2023\/09\/4-768x512.jpg 768w, http:\/\/site.zile.bel.tr\/wp-content\/uploads\/2023\/09\/4-1536x1023.jpg 1536w, http:\/\/site.zile.bel.tr\/wp-content\/uploads\/2023\/09\/4.jpg 1600w\" sizes=\"auto, (max-width: 800px) 100vw, 800px\" \/><\/p>\n<p>28 A\u011fustos 1982 tarihinde Tunceli ilinde g\u00f6rev esnas\u0131nda ge\u00e7irdi\u011fi trafik kazas\u0131 sonucu \u015fehit olan Niyazi Petek\u2019in ad\u0131, Zile \u0130l\u00e7e Emniyet Amirli\u011fi binas\u0131na verildi.<\/p>\n<p>Zile \u0130l\u00e7e Emniyet M\u00fcd\u00fcrl\u00fc\u011f\u00fc \u015eehit Niyazi Petek Polis Merkezi Amirli\u011fi a\u00e7\u0131l\u0131\u015f t\u00f6renine Tokat Valisi Numan Hatipo\u011flu, Zile \u0130l\u00e7e Kaymakam\u0131 Mehmet Ali Aky\u00fcz, Zile Belediye Ba\u015fkan\u0131 \u015e\u00fckr\u00fc Sarg\u0131n, Tokat \u0130l Emniyet M\u00fcd\u00fcr\u00fc Arma\u011fan Adnan Erdo\u011fan , \u0130l\u00e7e Jandarma Komutan\u0131 Yarbay Erhan Arslan, \u0130l\u00e7e Emniyet Amiri Bilal K\u00fcr\u015fat K\u0131l\u0131\u00e7arslan ve \u015fehidin yak\u0131nlar\u0131 kat\u0131ld\u0131.<\/p>\n\n\t\t<style type=\"text\/css\">\n\t\t\t#gallery-1 {\n\t\t\t\tmargin: auto;\n\t\t\t}\n\t\t\t#gallery-1 .gallery-item {\n\t\t\t\tfloat: left;\n\t\t\t\tmargin-top: 10px;\n\t\t\t\ttext-align: center;\n\t\t\t\twidth: 33%;\n\t\t\t}\n\t\t\t#gallery-1 img {\n\t\t\t\tborder: 2px solid #cfcfcf;\n\t\t\t}\n\t\t\t#gallery-1 .gallery-caption {\n\t\t\t\tmargin-left: 0;\n\t\t\t}\n\t\t\t\/* see gallery_shortcode() in wp-includes\/media.php *\/\n\t\t<\/style>\n\t\t<div id='gallery-1' class='gallery galleryid-6192 gallery-columns-3 gallery-size-thumbnail'><dl class='gallery-item'>\n\t\t\t<dt class='gallery-icon landscape'>\n\t\t\t\t<a href='http:\/\/site.zile.bel.tr\/wp-content\/uploads\/2023\/09\/1.jpg'><img loading=\"lazy\" decoding=\"async\" width=\"150\" height=\"150\" src=\"http:\/\/site.zile.bel.tr\/wp-content\/uploads\/2023\/09\/1-150x150.jpg\" class=\"attachment-thumbnail size-thumbnail\" alt=\"\" \/><\/a>\n\t\t\t<\/dt><\/dl><dl class='gallery-item'>\n\t\t\t<dt class='gallery-icon landscape'>\n\t\t\t\t<a href='http:\/\/site.zile.bel.tr\/wp-content\/uploads\/2023\/09\/2.jpg'><img loading=\"lazy\" decoding=\"async\" width=\"150\" height=\"150\" src=\"http:\/\/site.zile.bel.tr\/wp-content\/uploads\/2023\/09\/2-150x150.jpg\" class=\"attachment-thumbnail size-thumbnail\" alt=\"\" \/><\/a>\n\t\t\t<\/dt><\/dl><dl class='gallery-item'>\n\t\t\t<dt class='gallery-icon landscape'>\n\t\t\t\t<a href='http:\/\/site.zile.bel.tr\/wp-content\/uploads\/2023\/09\/3.jpg'><img loading=\"lazy\" decoding=\"async\" width=\"150\" height=\"150\" src=\"http:\/\/site.zile.bel.tr\/wp-content\/uploads\/2023\/09\/3-150x150.jpg\" class=\"attachment-thumbnail size-thumbnail\" alt=\"\" \/><\/a>\n\t\t\t<\/dt><\/dl><br style=\"clear: both\" \/><dl class='gallery-item'>\n\t\t\t<dt class='gallery-icon landscape'>\n\t\t\t\t<a href='http:\/\/site.zile.bel.tr\/wp-content\/uploads\/2023\/09\/4-1.jpg'><img loading=\"lazy\" decoding=\"async\" width=\"150\" height=\"150\" src=\"http:\/\/site.zile.bel.tr\/wp-content\/uploads\/2023\/09\/4-1-150x150.jpg\" class=\"attachment-thumbnail size-thumbnail\" alt=\"\" \/><\/a>\n\t\t\t<\/dt><\/dl><dl class='gallery-item'>\n\t\t\t<dt class='gallery-icon landscape'>\n\t\t\t\t<a href='http:\/\/site.zile.bel.tr\/wp-content\/uploads\/2023\/09\/5.jpg'><img loading=\"lazy\" decoding=\"async\" width=\"150\" height=\"150\" src=\"http:\/\/site.zile.bel.tr\/wp-content\/uploads\/2023\/09\/5-150x150.jpg\" class=\"attachment-thumbnail size-thumbnail\" alt=\"\" \/><\/a>\n\t\t\t<\/dt><\/dl><dl class='gallery-item'>\n\t\t\t<dt class='gallery-icon landscape'>\n\t\t\t\t<a href='http:\/\/site.zile.bel.tr\/wp-content\/uploads\/2023\/09\/6.jpg'><img loading=\"lazy\" decoding=\"async\" width=\"150\" height=\"150\" src=\"http:\/\/site.zile.bel.tr\/wp-content\/uploads\/2023\/09\/6-150x150.jpg\" class=\"attachment-thumbnail size-thumbnail\" alt=\"\" \/><\/a>\n\t\t\t<\/dt><\/dl><br style=\"clear: both\" \/>\n\t\t<\/div>\n\n","protected":false},"excerpt":{"rendered":"<p>\u015eehit polis Niyazi Petek\u2019in ad\u0131 Zile \u0130l\u00e7e Emniyet Amirli\u011fi binas\u0131na verildi 28 A\u011fustos 1982 tarihinde Tunceli ilinde g\u00f6rev esnas\u0131nda ge\u00e7irdi\u011fi trafik kazas\u0131 sonucu \u015fehit olan Niyazi Petek\u2019in ad\u0131, Zile \u0130l\u00e7e Emniyet Amirli\u011fi binas\u0131na verildi. Zile \u0130l\u00e7e Emniyet M\u00fcd\u00fcrl\u00fc\u011f\u00fc \u015eehit Niyazi Petek Polis Merkezi Amirli\u011fi a\u00e7\u0131l\u0131\u015f t\u00f6renine Tokat Valisi Numan Hatipo\u011flu, Zile \u0130l\u00e7e Kaymakam\u0131 Mehmet Ali [&hellip;]<\/p>\n","protected":false},"author":1,"featured_media":6193,"comment_status":"open","ping_status":"open","sticky":false,"template":"","format":"standard","meta":{"footnotes":""},"categories":[11],"tags":[],"class_list":["post-6192","post","type-post","status-publish","format-standard","has-post-thumbnail","hentry","category-haberler"],"_links":{"self":[{"href":"http:\/\/site.zile.bel.tr\/index.php\/wp-json\/wp\/v2\/posts\/6192","targetHints":{"allow":["GET"]}}],"collection":[{"href":"http:\/\/site.zile.bel.tr\/index.php\/wp-json\/wp\/v2\/posts"}],"about":[{"href":"http:\/\/site.zile.bel.tr\/index.php\/wp-json\/wp\/v2\/types\/post"}],"author":[{"embeddable":true,"href":"http:\/\/site.zile.bel.tr\/index.php\/wp-json\/wp\/v2\/users\/1"}],"replies":[{"embeddable":true,"href":"http:\/\/site.zile.bel.tr\/index.php\/wp-json\/wp\/v2\/comments?post=6192"}],"version-history":[{"count":1,"href":"http:\/\/site.zile.bel.tr\/index.php\/wp-json\/wp\/v2\/posts\/6192\/revisions"}],"predecessor-version":[{"id":6200,"href":"http:\/\/site.zile.bel.tr\/index.php\/wp-json\/wp\/v2\/posts\/6192\/revisions\/6200"}],"wp:featuredmedia":[{"embeddable":true,"href":"http:\/\/site.zile.bel.tr\/index.php\/wp-json\/wp\/v2\/media\/6193"}],"wp:attachment":[{"href":"http:\/\/site.zile.bel.tr\/index.php\/wp-json\/wp\/v2\/media?parent=6192"}],"wp:term":[{"taxonomy":"category","embeddable":true,"href":"http:\/\/site.zile.bel.tr\/index.php\/wp-json\/wp\/v2\/categories?post=6192"},{"taxonomy":"post_tag","embeddable":true,"href":"http:\/\/site.zile.bel.tr\/index.php\/wp-json\/wp\/v2\/tags?post=6192"}],"curies":[{"name":"wp","href":"https:\/\/api.w.org\/{rel}","templated":true}]}}