{"id":6201,"date":"2023-09-05T15:50:04","date_gmt":"2023-09-05T12:50:04","guid":{"rendered":"https:\/\/site.zile.bel.tr\/?p=6201"},"modified":"2023-09-05T15:50:04","modified_gmt":"2023-09-05T12:50:04","slug":"baskan-sargin-zabita-ekibiyle-yemekte-bulustu","status":"publish","type":"post","link":"http:\/\/site.zile.bel.tr\/index.php\/2023\/09\/05\/baskan-sargin-zabita-ekibiyle-yemekte-bulustu\/","title":{"rendered":"Ba\u015fkan Sarg\u0131n, zab\u0131ta ekibiyle yemekte bulu\u015ftu"},"content":{"rendered":"<p>Ba\u015fkan Sarg\u0131n, zab\u0131ta ekibiyle yemekte bulu\u015ftu<\/p>\n<p><img loading=\"lazy\" decoding=\"async\" class=\"alignnone wp-image-6202\" src=\"http:\/\/site.zile.bel.tr\/wp-content\/uploads\/2023\/09\/1-1-300x200.jpg\" alt=\"\" width=\"800\" height=\"533\" srcset=\"http:\/\/site.zile.bel.tr\/wp-content\/uploads\/2023\/09\/1-1-300x200.jpg 300w, http:\/\/site.zile.bel.tr\/wp-content\/uploads\/2023\/09\/1-1-1024x682.jpg 1024w, http:\/\/site.zile.bel.tr\/wp-content\/uploads\/2023\/09\/1-1-768x512.jpg 768w, http:\/\/site.zile.bel.tr\/wp-content\/uploads\/2023\/09\/1-1-1536x1023.jpg 1536w, http:\/\/site.zile.bel.tr\/wp-content\/uploads\/2023\/09\/1-1.jpg 1600w\" sizes=\"auto, (max-width: 800px) 100vw, 800px\" \/><\/p>\n<p>Zile Belediye Ba\u015fkan\u0131 \u015e\u00fckr\u00fc Sarg\u0131n, Zab\u0131ta Haftas\u0131 etkinlikleri kapsam\u0131nda Zile Belediyesi Zab\u0131ta Te\u015fkilat\u0131 ile \u00f6\u011fle yeme\u011finde bir araya geldi.<\/p>\n<p>Zab\u0131tan\u0131n, belediye ve vatanda\u015flar aras\u0131nda k\u00f6pr\u00fc oldu\u011funu belirten Zile Belediye Ba\u015fkan\u0131 \u015e\u00fckr\u00fc Sarg\u0131n, Zile&#8217;de d\u00fczeni ve asayi\u015fi sa\u011flama g\u00f6revlerini ba\u015far\u0131yla yerine getirdikleri i\u00e7in zab\u0131ta ekibine te\u015fekk\u00fcr etti. Yeme\u011fe, Ba\u015fkan \u015e\u00fckr\u00fc Sarg\u0131n&#8217;\u0131n yan\u0131 s\u0131ra ba\u015fkan yard\u0131mc\u0131s\u0131, birim m\u00fcd\u00fcr\u00fc ve zab\u0131ta personeli kat\u0131ld\u0131.<\/p>\n<p><img loading=\"lazy\" decoding=\"async\" class=\"alignnone wp-image-6203\" src=\"http:\/\/site.zile.bel.tr\/wp-content\/uploads\/2023\/09\/3-1-300x200.jpg\" alt=\"\" width=\"800\" height=\"533\" srcset=\"http:\/\/site.zile.bel.tr\/wp-content\/uploads\/2023\/09\/3-1-300x200.jpg 300w, http:\/\/site.zile.bel.tr\/wp-content\/uploads\/2023\/09\/3-1-1024x682.jpg 1024w, http:\/\/site.zile.bel.tr\/wp-content\/uploads\/2023\/09\/3-1-768x512.jpg 768w, http:\/\/site.zile.bel.tr\/wp-content\/uploads\/2023\/09\/3-1-1536x1023.jpg 1536w, http:\/\/site.zile.bel.tr\/wp-content\/uploads\/2023\/09\/3-1.jpg 1600w\" sizes=\"auto, (max-width: 800px) 100vw, 800px\" \/><\/p>\n<p>Zab\u0131talar\u0131n, vatanda\u015fla ve esnafla olan ili\u015fkilerinde hi\u00e7bir ayr\u0131m yapmaks\u0131z\u0131n herkese e\u015fit mesafede bakmas\u0131 gerekti\u011finin alt\u0131n\u0131 \u00e7izen Ba\u015fkan Sarg\u0131n &#8220;Zor bir g\u00f6reviniz var. Bizler evlerimizde yatarken sizler \u00e7al\u0131\u015f\u0131yorsunuz. Sizlerden tek bir istedi\u011fim var, vatanda\u015fa her zaman duyarl\u0131 davranman\u0131z. \u00c7al\u0131\u015ft\u0131klar\u0131 kentin d\u00fczenini olu\u015fturan, imardan \u00e7evre sa\u011fl\u0131\u011f\u0131na, pazar alanlar\u0131ndan kentin esteti\u011fine, ekonomik yap\u0131dan kolluk g\u00fcc\u00fcne kadar bir\u00e7ok g\u00f6rev y\u00fcklenen zab\u0131ta personelimizdir. Bu kadar \u00f6nemli g\u00f6rev ve sorumluluklar\u0131n\u0131z sizlere b\u00fcy\u00fck y\u00fckler getiriyor. Sizlerin her zaman oldu\u011fu gibi \u00f6zverili, \u00e7al\u0131\u015fkan ve adaletli bi\u00e7imde \u00e7al\u0131\u015fmaya devam edece\u011finizi biliyorum. Bu anlamda il\u00e7emizin d\u00fczenine, huzur ve sa\u011fl\u0131\u011f\u0131na emek veren zab\u0131ta arkada\u015flar\u0131m\u0131za te\u015fekk\u00fcr ederim. T\u00fcm \u00e7abam\u0131z, halk\u0131m\u0131za hak etti\u011fi hizmeti vermeye \u00e7al\u0131\u015fan personelimizin en iyi \u015fartlarda g\u00f6rev yapmas\u0131 \u00fczerinedir&#8221; dedi.<\/p>\n<p><img loading=\"lazy\" decoding=\"async\" class=\"alignnone wp-image-6204\" src=\"http:\/\/site.zile.bel.tr\/wp-content\/uploads\/2023\/09\/2-1-300x200.jpg\" alt=\"\" width=\"800\" height=\"533\" srcset=\"http:\/\/site.zile.bel.tr\/wp-content\/uploads\/2023\/09\/2-1-300x200.jpg 300w, http:\/\/site.zile.bel.tr\/wp-content\/uploads\/2023\/09\/2-1-1024x682.jpg 1024w, http:\/\/site.zile.bel.tr\/wp-content\/uploads\/2023\/09\/2-1-768x512.jpg 768w, http:\/\/site.zile.bel.tr\/wp-content\/uploads\/2023\/09\/2-1-1536x1023.jpg 1536w, http:\/\/site.zile.bel.tr\/wp-content\/uploads\/2023\/09\/2-1.jpg 1600w\" sizes=\"auto, (max-width: 800px) 100vw, 800px\" \/><\/p>\n<p><img loading=\"lazy\" decoding=\"async\" class=\"alignnone wp-image-6205\" src=\"http:\/\/site.zile.bel.tr\/wp-content\/uploads\/2023\/09\/4-2-300x200.jpg\" alt=\"\" width=\"800\" height=\"533\" srcset=\"http:\/\/site.zile.bel.tr\/wp-content\/uploads\/2023\/09\/4-2-300x200.jpg 300w, http:\/\/site.zile.bel.tr\/wp-content\/uploads\/2023\/09\/4-2-1024x682.jpg 1024w, http:\/\/site.zile.bel.tr\/wp-content\/uploads\/2023\/09\/4-2-768x512.jpg 768w, http:\/\/site.zile.bel.tr\/wp-content\/uploads\/2023\/09\/4-2-1536x1023.jpg 1536w, http:\/\/site.zile.bel.tr\/wp-content\/uploads\/2023\/09\/4-2.jpg 1600w\" sizes=\"auto, (max-width: 800px) 100vw, 800px\" \/><\/p>\n","protected":false},"excerpt":{"rendered":"<p>Ba\u015fkan Sarg\u0131n, zab\u0131ta ekibiyle yemekte bulu\u015ftu Zile Belediye Ba\u015fkan\u0131 \u015e\u00fckr\u00fc Sarg\u0131n, Zab\u0131ta Haftas\u0131 etkinlikleri kapsam\u0131nda Zile Belediyesi Zab\u0131ta Te\u015fkilat\u0131 ile \u00f6\u011fle yeme\u011finde bir araya geldi. Zab\u0131tan\u0131n, belediye ve vatanda\u015flar aras\u0131nda k\u00f6pr\u00fc oldu\u011funu belirten Zile Belediye Ba\u015fkan\u0131 \u015e\u00fckr\u00fc Sarg\u0131n, Zile&#8217;de d\u00fczeni ve asayi\u015fi sa\u011flama g\u00f6revlerini ba\u015far\u0131yla yerine getirdikleri i\u00e7in zab\u0131ta ekibine te\u015fekk\u00fcr etti. Yeme\u011fe, Ba\u015fkan \u015e\u00fckr\u00fc [&hellip;]<\/p>\n","protected":false},"author":1,"featured_media":6202,"comment_status":"open","ping_status":"open","sticky":false,"template":"","format":"standard","meta":{"footnotes":""},"categories":[11],"tags":[],"class_list":["post-6201","post","type-post","status-publish","format-standard","has-post-thumbnail","hentry","category-haberler"],"_links":{"self":[{"href":"http:\/\/site.zile.bel.tr\/index.php\/wp-json\/wp\/v2\/posts\/6201","targetHints":{"allow":["GET"]}}],"collection":[{"href":"http:\/\/site.zile.bel.tr\/index.php\/wp-json\/wp\/v2\/posts"}],"about":[{"href":"http:\/\/site.zile.bel.tr\/index.php\/wp-json\/wp\/v2\/types\/post"}],"author":[{"embeddable":true,"href":"http:\/\/site.zile.bel.tr\/index.php\/wp-json\/wp\/v2\/users\/1"}],"replies":[{"embeddable":true,"href":"http:\/\/site.zile.bel.tr\/index.php\/wp-json\/wp\/v2\/comments?post=6201"}],"version-history":[{"count":1,"href":"http:\/\/site.zile.bel.tr\/index.php\/wp-json\/wp\/v2\/posts\/6201\/revisions"}],"predecessor-version":[{"id":6206,"href":"http:\/\/site.zile.bel.tr\/index.php\/wp-json\/wp\/v2\/posts\/6201\/revisions\/6206"}],"wp:featuredmedia":[{"embeddable":true,"href":"http:\/\/site.zile.bel.tr\/index.php\/wp-json\/wp\/v2\/media\/6202"}],"wp:attachment":[{"href":"http:\/\/site.zile.bel.tr\/index.php\/wp-json\/wp\/v2\/media?parent=6201"}],"wp:term":[{"taxonomy":"category","embeddable":true,"href":"http:\/\/site.zile.bel.tr\/index.php\/wp-json\/wp\/v2\/categories?post=6201"},{"taxonomy":"post_tag","embeddable":true,"href":"http:\/\/site.zile.bel.tr\/index.php\/wp-json\/wp\/v2\/tags?post=6201"}],"curies":[{"name":"wp","href":"https:\/\/api.w.org\/{rel}","templated":true}]}}