{"id":6208,"date":"2023-09-05T16:21:00","date_gmt":"2023-09-05T13:21:00","guid":{"rendered":"https:\/\/site.zile.bel.tr\/?p=6208"},"modified":"2023-09-14T09:24:04","modified_gmt":"2023-09-14T06:24:04","slug":"tokat-valisi-numan-hatipoglu-zile-belediye-baskani-sukru-sargini-makaminda-ziyaret-etti","status":"publish","type":"post","link":"http:\/\/site.zile.bel.tr\/index.php\/2023\/09\/05\/tokat-valisi-numan-hatipoglu-zile-belediye-baskani-sukru-sargini-makaminda-ziyaret-etti\/","title":{"rendered":"Tokat Valisi Numan Hatipo\u011flu, Zile Belediye Ba\u015fkan\u0131 \u015e\u00fckr\u00fc Sarg\u0131n&#8217;\u0131 makam\u0131nda ziyaret etti."},"content":{"rendered":"<div class=\"xdj266r x11i5rnm xat24cr x1mh8g0r x1vvkbs x126k92a\">\n<div dir=\"auto\">Tokat Valisi Numan Hatipo\u011flu, Zile Belediye Ba\u015fkan\u0131 \u015e\u00fckr\u00fc Sarg\u0131n&#8217;\u0131 makam\u0131nda ziyaret etti.<\/div>\n<div dir=\"auto\"><img loading=\"lazy\" decoding=\"async\" class=\"alignnone wp-image-6209\" src=\"http:\/\/site.zile.bel.tr\/wp-content\/uploads\/2023\/09\/1-2-300x200.jpg\" alt=\"\" width=\"800\" height=\"533\" srcset=\"http:\/\/site.zile.bel.tr\/wp-content\/uploads\/2023\/09\/1-2-300x200.jpg 300w, http:\/\/site.zile.bel.tr\/wp-content\/uploads\/2023\/09\/1-2-1024x682.jpg 1024w, http:\/\/site.zile.bel.tr\/wp-content\/uploads\/2023\/09\/1-2-768x512.jpg 768w, http:\/\/site.zile.bel.tr\/wp-content\/uploads\/2023\/09\/1-2-1536x1023.jpg 1536w, http:\/\/site.zile.bel.tr\/wp-content\/uploads\/2023\/09\/1-2.jpg 1600w\" sizes=\"auto, (max-width: 800px) 100vw, 800px\" \/><\/div>\n<\/div>\n<div class=\"x11i5rnm xat24cr x1mh8g0r x1vvkbs xtlvy1s x126k92a\">\n<div dir=\"auto\">Ba\u015fkan Sarg\u0131n ile g\u00f6r\u00fc\u015fen Vali Numan Hatipo\u011flu, kendisine g\u00f6sterdi\u011fi ilgiden ve misafirperverli\u011finden \u00f6t\u00fcr\u00fc te\u015fekk\u00fcr ederek \u00e7al\u0131\u015fmalar\u0131nda ba\u015far\u0131lar diledi.<\/div>\n<div dir=\"auto\"><img loading=\"lazy\" decoding=\"async\" class=\"alignnone wp-image-6210\" src=\"http:\/\/site.zile.bel.tr\/wp-content\/uploads\/2023\/09\/2-2-300x200.jpg\" alt=\"\" width=\"800\" height=\"533\" srcset=\"http:\/\/site.zile.bel.tr\/wp-content\/uploads\/2023\/09\/2-2-300x200.jpg 300w, http:\/\/site.zile.bel.tr\/wp-content\/uploads\/2023\/09\/2-2-1024x682.jpg 1024w, http:\/\/site.zile.bel.tr\/wp-content\/uploads\/2023\/09\/2-2-768x512.jpg 768w, http:\/\/site.zile.bel.tr\/wp-content\/uploads\/2023\/09\/2-2-1536x1023.jpg 1536w, http:\/\/site.zile.bel.tr\/wp-content\/uploads\/2023\/09\/2-2.jpg 1600w\" sizes=\"auto, (max-width: 800px) 100vw, 800px\" \/><\/div>\n<\/div>\n<div class=\"x11i5rnm xat24cr x1mh8g0r x1vvkbs xtlvy1s x126k92a\">\n<div dir=\"auto\">Ziyaretlerinden \u00f6t\u00fcr\u00fc Vali Hatipo\u011flu\u2019na te\u015fekk\u00fcr eden Ba\u015fkan Sarg\u0131n kendisini a\u011f\u0131rlamaktan duydu\u011fu memnuniyeti dile getirdi.<\/div>\n<\/div>\n","protected":false},"excerpt":{"rendered":"<p>Tokat Valisi Numan Hatipo\u011flu, Zile Belediye Ba\u015fkan\u0131 \u015e\u00fckr\u00fc Sarg\u0131n&#8217;\u0131 makam\u0131nda ziyaret etti. Ba\u015fkan Sarg\u0131n ile g\u00f6r\u00fc\u015fen Vali Numan Hatipo\u011flu, kendisine g\u00f6sterdi\u011fi ilgiden ve misafirperverli\u011finden \u00f6t\u00fcr\u00fc te\u015fekk\u00fcr ederek \u00e7al\u0131\u015fmalar\u0131nda ba\u015far\u0131lar diledi. Ziyaretlerinden \u00f6t\u00fcr\u00fc Vali Hatipo\u011flu\u2019na te\u015fekk\u00fcr eden Ba\u015fkan Sarg\u0131n kendisini a\u011f\u0131rlamaktan duydu\u011fu memnuniyeti dile getirdi.<\/p>\n","protected":false},"author":1,"featured_media":6209,"comment_status":"open","ping_status":"open","sticky":false,"template":"","format":"standard","meta":{"footnotes":""},"categories":[11],"tags":[],"class_list":["post-6208","post","type-post","status-publish","format-standard","has-post-thumbnail","hentry","category-haberler"],"_links":{"self":[{"href":"http:\/\/site.zile.bel.tr\/index.php\/wp-json\/wp\/v2\/posts\/6208","targetHints":{"allow":["GET"]}}],"collection":[{"href":"http:\/\/site.zile.bel.tr\/index.php\/wp-json\/wp\/v2\/posts"}],"about":[{"href":"http:\/\/site.zile.bel.tr\/index.php\/wp-json\/wp\/v2\/types\/post"}],"author":[{"embeddable":true,"href":"http:\/\/site.zile.bel.tr\/index.php\/wp-json\/wp\/v2\/users\/1"}],"replies":[{"embeddable":true,"href":"http:\/\/site.zile.bel.tr\/index.php\/wp-json\/wp\/v2\/comments?post=6208"}],"version-history":[{"count":1,"href":"http:\/\/site.zile.bel.tr\/index.php\/wp-json\/wp\/v2\/posts\/6208\/revisions"}],"predecessor-version":[{"id":6211,"href":"http:\/\/site.zile.bel.tr\/index.php\/wp-json\/wp\/v2\/posts\/6208\/revisions\/6211"}],"wp:featuredmedia":[{"embeddable":true,"href":"http:\/\/site.zile.bel.tr\/index.php\/wp-json\/wp\/v2\/media\/6209"}],"wp:attachment":[{"href":"http:\/\/site.zile.bel.tr\/index.php\/wp-json\/wp\/v2\/media?parent=6208"}],"wp:term":[{"taxonomy":"category","embeddable":true,"href":"http:\/\/site.zile.bel.tr\/index.php\/wp-json\/wp\/v2\/categories?post=6208"},{"taxonomy":"post_tag","embeddable":true,"href":"http:\/\/site.zile.bel.tr\/index.php\/wp-json\/wp\/v2\/tags?post=6208"}],"curies":[{"name":"wp","href":"https:\/\/api.w.org\/{rel}","templated":true}]}}