{"id":6221,"date":"2023-09-10T09:35:39","date_gmt":"2023-09-10T06:35:39","guid":{"rendered":"https:\/\/site.zile.bel.tr\/?p=6221"},"modified":"2023-09-14T09:36:03","modified_gmt":"2023-09-14T06:36:03","slug":"kazi-calismalari-basladi","status":"publish","type":"post","link":"http:\/\/site.zile.bel.tr\/index.php\/2023\/09\/10\/kazi-calismalari-basladi\/","title":{"rendered":"Kaz\u0131 \u00c7al\u0131\u015fmalar\u0131 Ba\u015flad\u0131"},"content":{"rendered":"<div class=\"xdj266r x11i5rnm xat24cr x1mh8g0r x1vvkbs x126k92a\">\n<div dir=\"auto\">T\u00dcRK\u0130YE&#8217;N\u0130N EN G\u00dcZEL KALES\u0130NDE KAZI \u00c7ALI\u015eMALARI BA\u015eLADI.<\/div>\n<div dir=\"auto\"><img loading=\"lazy\" decoding=\"async\" class=\"alignnone wp-image-6222\" src=\"http:\/\/site.zile.bel.tr\/wp-content\/uploads\/2023\/09\/13-300x228.jpg\" alt=\"\" width=\"800\" height=\"608\" srcset=\"http:\/\/site.zile.bel.tr\/wp-content\/uploads\/2023\/09\/13-300x228.jpg 300w, http:\/\/site.zile.bel.tr\/wp-content\/uploads\/2023\/09\/13-1024x779.jpg 1024w, http:\/\/site.zile.bel.tr\/wp-content\/uploads\/2023\/09\/13-768x584.jpg 768w, http:\/\/site.zile.bel.tr\/wp-content\/uploads\/2023\/09\/13.jpg 1440w\" sizes=\"auto, (max-width: 800px) 100vw, 800px\" \/><\/div>\n<\/div>\n<div class=\"x11i5rnm xat24cr x1mh8g0r x1vvkbs xtlvy1s x126k92a\">\n<div dir=\"auto\">Roma \u0130mparatoru J\u00fcl Sezar&#8217;\u0131n d\u00fcnyaca \u00fcnl\u00fc VEN\u0130- V\u0130D\u0130- V\u0130C\u0130 s\u00f6z\u00fcn\u00fc s\u00f6yledi\u011fi tarihi Zile Kalesi\u2019nde bulunan Roma Amfitiyatrosu\u2019nda kaz\u0131lar tekrar ba\u015flad\u0131.<\/div>\n<div dir=\"auto\"><img loading=\"lazy\" decoding=\"async\" class=\"alignnone wp-image-6223\" src=\"http:\/\/site.zile.bel.tr\/wp-content\/uploads\/2023\/09\/14-300x228.jpg\" alt=\"\" width=\"800\" height=\"609\" srcset=\"http:\/\/site.zile.bel.tr\/wp-content\/uploads\/2023\/09\/14-300x228.jpg 300w, http:\/\/site.zile.bel.tr\/wp-content\/uploads\/2023\/09\/14-1024x780.jpg 1024w, http:\/\/site.zile.bel.tr\/wp-content\/uploads\/2023\/09\/14-768x585.jpg 768w, http:\/\/site.zile.bel.tr\/wp-content\/uploads\/2023\/09\/14.jpg 1064w\" sizes=\"auto, (max-width: 800px) 100vw, 800px\" \/><\/div>\n<div dir=\"auto\"><\/div>\n<\/div>\n<div class=\"x11i5rnm xat24cr x1mh8g0r x1vvkbs xtlvy1s x126k92a\">\n<div dir=\"auto\">Ge\u00e7en y\u0131l ba\u015flat\u0131lan kaz\u0131larda \u00e7ok \u00f6nemli sonu\u00e7lar elde edilmi\u015f, tiyatronun trib\u00fcn ve orkestra alanlar\u0131 k\u0131smen ortaya \u00e7\u0131kar\u0131lm\u0131\u015ft\u0131.<\/div>\n<div dir=\"auto\">TOG\u00dc \u00dcniversitesi \u00f6\u011fretim \u00fcyesi Arkeolog Dilek \u015eeng\u00fcl Ful ba\u015fkanl\u0131\u011f\u0131nda y\u00fcr\u00fct\u00fclen kaz\u0131lara bug\u00fcn tekrar ba\u015fland\u0131. Tokat Valili\u011fince finansman\u0131 sa\u011flanan kaz\u0131lara TOG\u00dc, STK\u2019 lar ve Zile Belediyesi destek veriyorlar.<\/div>\n<div dir=\"auto\"><img loading=\"lazy\" decoding=\"async\" class=\"alignnone wp-image-6224\" src=\"http:\/\/site.zile.bel.tr\/wp-content\/uploads\/2023\/09\/20-300x228.jpg\" alt=\"\" width=\"800\" height=\"608\" srcset=\"http:\/\/site.zile.bel.tr\/wp-content\/uploads\/2023\/09\/20-300x228.jpg 300w, http:\/\/site.zile.bel.tr\/wp-content\/uploads\/2023\/09\/20-1024x779.jpg 1024w, http:\/\/site.zile.bel.tr\/wp-content\/uploads\/2023\/09\/20-768x584.jpg 768w, http:\/\/site.zile.bel.tr\/wp-content\/uploads\/2023\/09\/20.jpg 1182w\" sizes=\"auto, (max-width: 800px) 100vw, 800px\" \/><\/div>\n<div dir=\"auto\"><\/div>\n<\/div>\n<div class=\"x11i5rnm xat24cr x1mh8g0r x1vvkbs xtlvy1s x126k92a\">\n<div dir=\"auto\">Ge\u00e7en y\u0131l kaz\u0131lara Z\u00fcrih \u00dcniversitesi Arkeoloji B\u00f6l\u00fcm\u00fc Yaz\u0131l\u0131 Ta\u015flar Uzman\u0131 \u00fcnl\u00fc Arkeolog Prof. Dr. Christian Marek Ba\u015fkanl\u0131\u011f\u0131nda bir ekip gelmi\u015f, kaz\u0131 alan\u0131nda inceleme yaparak &#8220;Bu kaz\u0131 sadece T\u00fcrkiye i\u00e7in de\u011fil, d\u00fcnya arkeoloji tarihi i\u00e7in de \u00f6nemli bir kaz\u0131d\u0131r&#8221; demi\u015fti.<\/div>\n<\/div>\n<div class=\"x11i5rnm xat24cr x1mh8g0r x1vvkbs xtlvy1s x126k92a\">\n<div dir=\"auto\">Zile Belediye Ba\u015fkan\u0131 \u015e\u00fckr\u00fc Sarg\u0131n da Zile Kale Tiyatro kaz\u0131s\u0131n\u0131n sadece Tokat i\u00e7in de\u011fil d\u00fcnya medeniyetler tarih \u0130\u00e7in de \u00f6nemli oldu\u011funu belirterek \u201d Ge\u00e7en y\u0131l ba\u015flat\u0131lan kaz\u0131lar da ciddi bulgular elde edildi. \u0130n\u015fallah kayda de\u011fer tarihi kal\u0131nt\u0131lar \u00e7\u0131kar. Kaz\u0131n\u0131n finansman\u0131nda destek olan Say\u0131n Valimiz Numan Hatipo\u011flu\u2019na, kaz\u0131 \u00e7al\u0131\u015fmalar\u0131nda akademik ekibi sa\u011flayan TOG\u00dc \u00dcniversitesi Rekt\u00f6r\u00fcm\u00fcze, Kaz\u0131 akademik ekibi \u00d6\u011fretim G\u00f6revlileri Murat Tekin, \u015eeng\u00fcl Dilek Ful, Hatice Uyan\u0131k hocalar\u0131m\u0131za ve Tokat M\u00fcze M\u00fcd\u00fcr\u00fcm\u00fcze ve \u00f6zellikle bizi bu konuda te\u015fvik edip desteklerini esirgemeyen T\u00fcrk Tarih Kurumu Eski B\u015fk Prof. Dr. Birol \u00c7etin hocam\u0131za te\u015fekk\u00fcr ediyorum\u201d dedi.<\/div>\n<div dir=\"auto\"><img loading=\"lazy\" decoding=\"async\" class=\"alignnone wp-image-6225\" src=\"http:\/\/site.zile.bel.tr\/wp-content\/uploads\/2023\/09\/21-300x228.jpg\" alt=\"\" width=\"800\" height=\"609\" srcset=\"http:\/\/site.zile.bel.tr\/wp-content\/uploads\/2023\/09\/21-300x228.jpg 300w, http:\/\/site.zile.bel.tr\/wp-content\/uploads\/2023\/09\/21-1024x779.jpg 1024w, http:\/\/site.zile.bel.tr\/wp-content\/uploads\/2023\/09\/21-768x585.jpg 768w, http:\/\/site.zile.bel.tr\/wp-content\/uploads\/2023\/09\/21.jpg 1440w\" sizes=\"auto, (max-width: 800px) 100vw, 800px\" \/><\/div>\n<div dir=\"auto\"><\/div>\n<\/div>\n<div class=\"x11i5rnm xat24cr x1mh8g0r x1vvkbs xtlvy1s x126k92a\">\n<div dir=\"auto\">Kaz\u0131n\u0131n mesk\u00fcn mahal b\u00f6lgesinde oldu\u011fu ancak bu seneki yap\u0131lan kaz\u0131lar\u0131n belediyeye ait yol ve Bezirhane Park\u0131nda yap\u0131laca\u011f\u0131ndan kamula\u015ft\u0131rma probleminin olmad\u0131\u011f\u0131, kaz\u0131 alan\u0131n\u0131n b\u00fcy\u00fck oldu\u011fundan kaz\u0131n\u0131n yak\u0131n zamanda bitmesi beklenmiyor. Daha \u00f6nceki kaz\u0131lar insanlar\u0131n i\u00e7inde oturduklar\u0131, ikamet ettikleri bir b\u00f6lgede yap\u0131lm\u0131\u015ft\u0131. Bu sene yap\u0131lacak kaz\u0131lar belediyeye ait yol ve Bezirhane Park\u0131\u2019nda yap\u0131laca\u011f\u0131ndan kamula\u015ft\u0131rma problemi ya\u015fanmayaca\u011f\u0131 ve kaz\u0131 alan\u0131n\u0131n b\u00fcy\u00fck oldu\u011fundan kaz\u0131n\u0131n yak\u0131n zamanda bitmesi beklenmiyor.<\/div>\n<\/div>\n","protected":false},"excerpt":{"rendered":"<p>T\u00dcRK\u0130YE&#8217;N\u0130N EN G\u00dcZEL KALES\u0130NDE KAZI \u00c7ALI\u015eMALARI BA\u015eLADI. Roma \u0130mparatoru J\u00fcl Sezar&#8217;\u0131n d\u00fcnyaca \u00fcnl\u00fc VEN\u0130- V\u0130D\u0130- V\u0130C\u0130 s\u00f6z\u00fcn\u00fc s\u00f6yledi\u011fi tarihi Zile Kalesi\u2019nde bulunan Roma Amfitiyatrosu\u2019nda kaz\u0131lar tekrar ba\u015flad\u0131. Ge\u00e7en y\u0131l ba\u015flat\u0131lan kaz\u0131larda \u00e7ok \u00f6nemli sonu\u00e7lar elde edilmi\u015f, tiyatronun trib\u00fcn ve orkestra alanlar\u0131 k\u0131smen ortaya \u00e7\u0131kar\u0131lm\u0131\u015ft\u0131. TOG\u00dc \u00dcniversitesi \u00f6\u011fretim \u00fcyesi Arkeolog Dilek \u015eeng\u00fcl Ful ba\u015fkanl\u0131\u011f\u0131nda y\u00fcr\u00fct\u00fclen kaz\u0131lara [&hellip;]<\/p>\n","protected":false},"author":1,"featured_media":6225,"comment_status":"open","ping_status":"open","sticky":false,"template":"","format":"standard","meta":{"footnotes":""},"categories":[11],"tags":[],"class_list":["post-6221","post","type-post","status-publish","format-standard","has-post-thumbnail","hentry","category-haberler"],"_links":{"self":[{"href":"http:\/\/site.zile.bel.tr\/index.php\/wp-json\/wp\/v2\/posts\/6221","targetHints":{"allow":["GET"]}}],"collection":[{"href":"http:\/\/site.zile.bel.tr\/index.php\/wp-json\/wp\/v2\/posts"}],"about":[{"href":"http:\/\/site.zile.bel.tr\/index.php\/wp-json\/wp\/v2\/types\/post"}],"author":[{"embeddable":true,"href":"http:\/\/site.zile.bel.tr\/index.php\/wp-json\/wp\/v2\/users\/1"}],"replies":[{"embeddable":true,"href":"http:\/\/site.zile.bel.tr\/index.php\/wp-json\/wp\/v2\/comments?post=6221"}],"version-history":[{"count":1,"href":"http:\/\/site.zile.bel.tr\/index.php\/wp-json\/wp\/v2\/posts\/6221\/revisions"}],"predecessor-version":[{"id":6226,"href":"http:\/\/site.zile.bel.tr\/index.php\/wp-json\/wp\/v2\/posts\/6221\/revisions\/6226"}],"wp:featuredmedia":[{"embeddable":true,"href":"http:\/\/site.zile.bel.tr\/index.php\/wp-json\/wp\/v2\/media\/6225"}],"wp:attachment":[{"href":"http:\/\/site.zile.bel.tr\/index.php\/wp-json\/wp\/v2\/media?parent=6221"}],"wp:term":[{"taxonomy":"category","embeddable":true,"href":"http:\/\/site.zile.bel.tr\/index.php\/wp-json\/wp\/v2\/categories?post=6221"},{"taxonomy":"post_tag","embeddable":true,"href":"http:\/\/site.zile.bel.tr\/index.php\/wp-json\/wp\/v2\/tags?post=6221"}],"curies":[{"name":"wp","href":"https:\/\/api.w.org\/{rel}","templated":true}]}}