{"id":6257,"date":"2023-09-19T09:52:24","date_gmt":"2023-09-19T06:52:24","guid":{"rendered":"https:\/\/site.zile.bel.tr\/?p=6257"},"modified":"2023-09-19T09:52:24","modified_gmt":"2023-09-19T06:52:24","slug":"sezar-zileye-ta-romadan-gelmistir-biz-yurttaslarimizi-da-bekliyoruz","status":"publish","type":"post","link":"http:\/\/site.zile.bel.tr\/index.php\/2023\/09\/19\/sezar-zileye-ta-romadan-gelmistir-biz-yurttaslarimizi-da-bekliyoruz\/","title":{"rendered":"Sezar Zile\u2019ye ta Roma\u2019dan gelmi\u015ftir. Biz yurtta\u015flar\u0131m\u0131z\u0131 da bekliyoruz\u2026"},"content":{"rendered":"<p><strong>Sezar <\/strong><strong>Zile\u2019ye ta Roma\u2019dan gelmi\u015ftir. Biz yurtta\u015flar\u0131m\u0131z\u0131 da bekliyoruz\u2026<\/strong><\/p>\n<p>Yerli ve yabanc\u0131 turistlerin ilgi oda\u011f\u0131 haline gelen Zile yo\u011fun ilgi g\u00f6rmeye devam ediyor.<\/p>\n<p><img loading=\"lazy\" decoding=\"async\" class=\"alignnone wp-image-6258\" src=\"http:\/\/site.zile.bel.tr\/wp-content\/uploads\/2023\/09\/SDFGSD-1980-x-1320-300x200.jpg\" alt=\"\" width=\"800\" height=\"533\" srcset=\"http:\/\/site.zile.bel.tr\/wp-content\/uploads\/2023\/09\/SDFGSD-1980-x-1320-300x200.jpg 300w, http:\/\/site.zile.bel.tr\/wp-content\/uploads\/2023\/09\/SDFGSD-1980-x-1320-1024x683.jpg 1024w, http:\/\/site.zile.bel.tr\/wp-content\/uploads\/2023\/09\/SDFGSD-1980-x-1320-768x512.jpg 768w, http:\/\/site.zile.bel.tr\/wp-content\/uploads\/2023\/09\/SDFGSD-1980-x-1320-1536x1024.jpg 1536w, http:\/\/site.zile.bel.tr\/wp-content\/uploads\/2023\/09\/SDFGSD-1980-x-1320.jpg 1980w\" sizes=\"auto, (max-width: 800px) 100vw, 800px\" \/><\/p>\n<p>Zile\u2019ye y\u00f6nelik artan turist hareketlili\u011fi ile ilgili d\u00fc\u015f\u00fcncelerini ald\u0131\u011f\u0131m\u0131z Zile Belediye Ba\u015fkan\u0131 \u015e\u00fckr\u00fc Sarg\u0131n, turizmin ayak seslerinin Zile\u2019de duyulmaya ba\u015flad\u0131\u011f\u0131na vurgu yapt\u0131.<\/p>\n<p>Zile\u2019nin turizm de\u011ferleri a\u00e7\u0131s\u0131ndan b\u00fcy\u00fck potansiyele sahip \u015fehirlerden birisi oldu\u011funu kaydeden Ba\u015fkan \u015e\u00fckr\u00fc Sarg\u0131n, Zile\u2019nin turizm de\u011ferlerini zenginle\u015ftirmeye ve gezginlerle bulu\u015fturmaya \u00e7al\u0131\u015ft\u0131klar\u0131n\u0131 belirtti.<\/p>\n<p>Bug\u00fcne kadar yeterince de\u011ferlendirilemeyen bu potansiyelin, alt ve \u00fcst yap\u0131 \u00e7al\u0131\u015fmalar\u0131yla de\u011ferlendirilmeye \u00e7al\u0131\u015f\u0131ld\u0131\u011f\u0131n\u0131 ifade eden Ba\u015fkan Sarg\u0131n, \u201cBir plan d\u00e2hilinde ve koruma-kullanma dengesi g\u00f6zetilerek bu potansiyeli ekonomik de\u011fer yaratan \u00e7\u0131kt\u0131lara d\u00f6n\u00fc\u015ft\u00fcrme hedefiyle \u00e7al\u0131\u015f\u0131yoruz. Zile\u2019nin zengin tarihini, k\u00fclt\u00fcrel miras\u0131n\u0131 ve do\u011fal g\u00fczelliklerini ak\u0131lc\u0131 projelerle de\u011ferlendirilmeye \u00e7al\u0131\u015fmaktay\u0131z. Bu ba\u011flamda, uygulamaya ald\u0131\u011f\u0131m\u0131z Veni Vidi Vici Zile Kent M\u00fczesi projesi bunlardan birisidir. Zile, sahip oldu\u011fu kalesi ve arkeolojik kaz\u0131lar\u0131n\u0131 ba\u015flatt\u0131\u011f\u0131m\u0131z do\u011fudaki tek Amfitiyatro ile b\u00fcy\u00fck bir a\u00e7\u0131k hava m\u00fczesidir. Bu a\u00e7\u0131k hava m\u00fczesinin i\u00e7inde olu\u015fturdu\u011fumuz Veni Vidi Vici Kent M\u00fczesi ile bir m\u00fcze kent olma y\u00f6n\u00fcnde emin ad\u0131mlarla ilerlemekteyiz\u201d dedi.<\/p>\n<p><img loading=\"lazy\" decoding=\"async\" class=\"alignnone wp-image-6259\" src=\"http:\/\/site.zile.bel.tr\/wp-content\/uploads\/2023\/09\/YSR_6866-1500-x-1000-300x200.jpg\" alt=\"\" width=\"800\" height=\"533\" srcset=\"http:\/\/site.zile.bel.tr\/wp-content\/uploads\/2023\/09\/YSR_6866-1500-x-1000-300x200.jpg 300w, http:\/\/site.zile.bel.tr\/wp-content\/uploads\/2023\/09\/YSR_6866-1500-x-1000-1024x683.jpg 1024w, http:\/\/site.zile.bel.tr\/wp-content\/uploads\/2023\/09\/YSR_6866-1500-x-1000-768x512.jpg 768w, http:\/\/site.zile.bel.tr\/wp-content\/uploads\/2023\/09\/YSR_6866-1500-x-1000.jpg 1500w\" sizes=\"auto, (max-width: 800px) 100vw, 800px\" \/><\/p>\n<p><strong>M\u00fczeler bir kentin ge\u00e7mi\u015fini, tarihini ortaya koyan bir vitrindir<\/strong><\/p>\n<p>M\u00fczelerin insanlar\u0131n ortak bilincinin gelece\u011fe ta\u015f\u0131nd\u0131\u011f\u0131 yerler oldu\u011funu kaydeden Belediye Ba\u015fkan\u0131 \u015e\u00fckr\u00fc Sarg\u0131n, s\u00f6zlerini \u015f\u00f6yle s\u00fcrd\u00fcrd\u00fc.<\/p>\n<p>\u201cM\u00fczeler bir kentin ge\u00e7mi\u015fini, tarihini ortaya koyan bir vitrindir. Zile, tarihi ve k\u00fclt\u00fcrel miras a\u00e7\u0131s\u0131ndan \u00f6nemli ve zengin bir \u015fehirdir. Zile\u2019nin zenginliklerini T\u00fcrkiye\u2019ye ve d\u00fcnyaya tan\u0131tmak ad\u0131na her t\u00fcrl\u00fc \u00e7al\u0131\u015fmay\u0131 yaparak,\u00a0 Zile\u2019nin turizm a\u00e7\u0131s\u0131ndan da gelece\u011fini in\u015fa etmekte kararl\u0131y\u0131z. Bu ama\u00e7la, kentin tarihi kal\u0131nt\u0131lar\u0131yla, tarihsel dokusunu, Zile\u2019de ya\u015fayanlar ve ziyaret edenlerle bulu\u015fturacak \u00e7al\u0131\u015fmalar\u0131 olanaklar\u0131m\u0131z \u00f6l\u00e7\u00fcs\u00fcnde hayata ge\u00e7irmeye \u00e7al\u0131\u015f\u0131yoruz. Tarihi Zile Kalesi ile kale i\u00e7inde yer alan \u201dVeni Vidi Vici Kent M\u00fczesi Projesi bunlardan birisidir. Zile Kalesi, kaz\u0131 \u00e7al\u0131\u015fmalar\u0131n\u0131 ba\u015flatt\u0131\u011f\u0131m\u0131z ve yak\u0131nda g\u00fcn y\u00fcz\u00fcne \u00e7\u0131kacak olan Do\u011fudaki tek Amfiyatrosu ile bir a\u00e7\u0131k hava m\u00fczesi niteli\u011findedir. Bu \u00f6zelli\u011fi ile de kimlikli bir kenttir. Ger\u00e7ekle\u015ftirdi\u011fimiz Veni Vidi Vici Kent M\u00fczesi, Amfitiyatrosu, eski Zile Evleri diye adland\u0131rd\u0131\u011f\u0131m\u0131z ve Osmanl\u0131 sivil mimarisinin en g\u00fczel \u00f6rneklerinin g\u00f6r\u00fclece\u011fi Amasya Caddesi ve konaklar\u0131m\u0131zla ve daha bir\u00e7ok de\u011ferimizle \u00e7ok g\u00fc\u00e7l\u00fc ge\u00e7mi\u015fimizden yeterince ve gerekti\u011fi kadar nasiplenerek, bir tarih bilinci yoklu\u011funu ortadan kald\u0131raca\u011f\u0131z.\u201d<\/p>\n<p><img loading=\"lazy\" decoding=\"async\" class=\"alignnone wp-image-6260\" src=\"http:\/\/site.zile.bel.tr\/wp-content\/uploads\/2023\/09\/372817003_334279518979804_6180801342282685707_n-300x225.jpg\" alt=\"\" width=\"800\" height=\"600\" srcset=\"http:\/\/site.zile.bel.tr\/wp-content\/uploads\/2023\/09\/372817003_334279518979804_6180801342282685707_n-300x225.jpg 300w, http:\/\/site.zile.bel.tr\/wp-content\/uploads\/2023\/09\/372817003_334279518979804_6180801342282685707_n-1024x768.jpg 1024w, http:\/\/site.zile.bel.tr\/wp-content\/uploads\/2023\/09\/372817003_334279518979804_6180801342282685707_n-768x576.jpg 768w, http:\/\/site.zile.bel.tr\/wp-content\/uploads\/2023\/09\/372817003_334279518979804_6180801342282685707_n-1536x1152.jpg 1536w, http:\/\/site.zile.bel.tr\/wp-content\/uploads\/2023\/09\/372817003_334279518979804_6180801342282685707_n.jpg 1824w\" sizes=\"auto, (max-width: 800px) 100vw, 800px\" \/><\/p>\n<p><strong>Zile\u2019nin bir \u201ck\u00fclt\u00fcr \u015fehri\u201d olmas\u0131 i\u00e7in \u00e7al\u0131\u015f\u0131yoruz<\/strong><\/p>\n<p>Ba\u015fkan \u015e\u00fckr\u00fc Sarg\u0131n, yerel ekonomik kalk\u0131nma ve geli\u015fmenin zorunlu olarak k\u00fclt\u00fcrel kalk\u0131nma ve geli\u015fmeye ba\u011f\u0131ml\u0131 oldu\u011funu belirterek, \u201cGer\u00e7ek ekonomik kalk\u0131nma, temelde insan \u00f6\u011fesine, insan\u0131n verimlili\u011finin artmas\u0131na ba\u011fl\u0131 oldu\u011fundan, do\u011frudan do\u011fruya k\u00fclt\u00fcrel kalk\u0131nman\u0131n bir t\u00fcrevidir. Bu nedenle de Zile Belediyesi olarak ger\u00e7ekle\u015ftirdi\u011fimiz k\u00fclt\u00fcrel ve sanatsal etkinliklerle de bir \u201c<strong>k\u00fclt\u00fcr \u015fehri<\/strong>\u201d \u00f6zelli\u011fi kazanmaya \u00e7al\u0131\u015f\u0131yoruz. Elbette bu kolay olmuyor. \u00d6nce mali a\u00e7\u0131dan kendi kendinize yetecek bir belediye olmak zorundas\u0131n\u0131z. \u00c7ok \u015f\u00fck\u00fcr bunu ger\u00e7ekle\u015ftirdik. B\u00fct\u00e7e disiplini sa\u011flayarak, \u00e7e\u015fitli tasarruf projeleri ve GES gibi gelir getirici projeleri hayata ge\u00e7irerek mali a\u00e7\u0131dan g\u00fc\u00e7lendik. Daha da geli\u015fmek ve g\u00fc\u00e7lenmek zorunday\u0131z. Bu s\u00f6zlerim yanl\u0131\u015f anla\u015f\u0131lmas\u0131n. Biz s\u0131rf ekonomik b\u00fcy\u00fcmeyi hedefleyen, k\u00fclt\u00fcr\u00fc \u00f6nemsizle\u015ftiren politikalardan yana de\u011filiz. \u00a0Ekonomik olarak b\u00fcy\u00fcyen ama k\u00fclt\u00fcrs\u00fczle\u015fen bir \u015fehir in\u015fa etme niyetinde de de\u011filiz. \u00c7\u00fcnk\u00fc k\u00fclt\u00fcrs\u00fczle\u015fen bir toplumda ekonomik kalk\u0131nma ve geli\u015fmenin sa\u011flanmas\u0131 m\u00fcmk\u00fcn de\u011fildir. Ger\u00e7ekle\u015ftirdi\u011fimiz t\u00fcm k\u00fclt\u00fcrel, turistik ve sanatsal etkinliklerin amac\u0131 insana yat\u0131r\u0131m yapmak, bilin\u00e7sizli\u011fin yaratt\u0131\u011f\u0131 kay\u0131ts\u0131zl\u0131k, sorumsuzluk ve vizyonsuzluktan olu\u015fan sosyal bir ivmenin \u00f6n\u00fcn\u00fc almak ve k\u00fclt\u00fcrel geli\u015fmeyi sa\u011flamakt\u0131r. Zile Belediyesi olarak ge\u00e7ti\u011fimiz 4,5 y\u0131ll\u0131k s\u00fcre\u00e7te her y\u0131l fiziki, k\u00fclt\u00fcrel, sosyal, ekonomik, teknik her t\u00fcrl\u00fc geli\u015fmeye ivme kazand\u0131racak, \u015fehrimizi farkl\u0131 k\u0131lacak \u00e7al\u0131\u015fmalara, \u00e7e\u015fitli k\u00fclt\u00fcrel ve sanatsal etkinliklere imza att\u0131k\u201d dedi.<\/p>\n<p><img loading=\"lazy\" decoding=\"async\" class=\"alignnone wp-image-6261\" src=\"http:\/\/site.zile.bel.tr\/wp-content\/uploads\/2023\/09\/371924818_334280295646393_2680262054796712630_n-300x225.jpg\" alt=\"\" width=\"800\" height=\"600\" srcset=\"http:\/\/site.zile.bel.tr\/wp-content\/uploads\/2023\/09\/371924818_334280295646393_2680262054796712630_n-300x225.jpg 300w, http:\/\/site.zile.bel.tr\/wp-content\/uploads\/2023\/09\/371924818_334280295646393_2680262054796712630_n-1024x768.jpg 1024w, http:\/\/site.zile.bel.tr\/wp-content\/uploads\/2023\/09\/371924818_334280295646393_2680262054796712630_n-768x576.jpg 768w, http:\/\/site.zile.bel.tr\/wp-content\/uploads\/2023\/09\/371924818_334280295646393_2680262054796712630_n-1536x1152.jpg 1536w, http:\/\/site.zile.bel.tr\/wp-content\/uploads\/2023\/09\/371924818_334280295646393_2680262054796712630_n.jpg 1824w\" sizes=\"auto, (max-width: 800px) 100vw, 800px\" \/><\/p>\n<p><strong>Sezar ta Roma\u2019dan Zile\u2019ye gelmi\u015ftir. Biz t\u00fcm yurtta\u015flar\u0131m\u0131z\u0131 da Zile\u2019ye bekliyoruz<\/strong><\/p>\n<p>Ba\u015fkan Sarg\u0131n s\u00f6zlerini \u015fu \u015fekilde tamamlad\u0131.<\/p>\n<p>Zile ayr\u0131cal\u0131kl\u0131 bir \u015fehirdir. Zile\u2019nin ge\u00e7mi\u015ften bu yana gelen \u00f6nemini ve de\u011ferini \u015fundan anlayabilirsiniz. Sezar ta Roma\u2019dan Zile\u2019ye gelmi\u015ftir. Giderek artan bu yo\u011fun ilgiye \u015fa\u015f\u0131rmamak gerekir. Biz t\u00fcm yurtta\u015flar\u0131m\u0131z\u0131 da Zile\u2019ye bekliyoruz. Bize d\u00fc\u015fen Zile\u2019nin tarihten gelen \u00f6nemini ve de\u011ferini korumak, \u00f6nce Zilelilere, sonra t\u00fcm Tokat B\u00f6lgesine, sonra T\u00fcrkiye\u2019ye ve en sonunda da d\u00fcnyaya anlatmakt\u0131r. \u00d6n\u00fcm\u00fczdeki d\u00f6nemde de Zileliler yetki verirse Zile\u2019yi gelece\u011fe ta\u015f\u0131yacak projelerimizi haz\u0131rlamaya ve hayata ge\u00e7irmeye devam edece\u011fiz. Ge\u00e7irdi\u011fimiz 4, 5 y\u0131ll\u0131k s\u00fcre\u00e7te ger\u00e7ekle\u015ftirdi\u011fimiz \u00e7al\u0131\u015fmalara ve projelere destek ve katk\u0131 sa\u011flayan t\u00fcm \u00e7al\u0131\u015fanlar\u0131m\u0131za, i\u015fbirli\u011fi yaparak katk\u0131 sa\u011flayan kurum, kurulu\u015f ve ki\u015filere te\u015fekk\u00fcr ediyorum.\u201d<\/p>\n<p><img loading=\"lazy\" decoding=\"async\" class=\"alignnone wp-image-6262\" src=\"http:\/\/site.zile.bel.tr\/wp-content\/uploads\/2023\/09\/370358176_334280368979719_5053505490470293972_n-300x225.jpg\" alt=\"\" width=\"800\" height=\"600\" srcset=\"http:\/\/site.zile.bel.tr\/wp-content\/uploads\/2023\/09\/370358176_334280368979719_5053505490470293972_n-300x225.jpg 300w, http:\/\/site.zile.bel.tr\/wp-content\/uploads\/2023\/09\/370358176_334280368979719_5053505490470293972_n-1024x768.jpg 1024w, http:\/\/site.zile.bel.tr\/wp-content\/uploads\/2023\/09\/370358176_334280368979719_5053505490470293972_n-768x576.jpg 768w, http:\/\/site.zile.bel.tr\/wp-content\/uploads\/2023\/09\/370358176_334280368979719_5053505490470293972_n-1536x1152.jpg 1536w, http:\/\/site.zile.bel.tr\/wp-content\/uploads\/2023\/09\/370358176_334280368979719_5053505490470293972_n.jpg 1824w\" sizes=\"auto, (max-width: 800px) 100vw, 800px\" \/><\/p>\n<p><img loading=\"lazy\" decoding=\"async\" class=\"alignnone wp-image-6263\" src=\"http:\/\/site.zile.bel.tr\/wp-content\/uploads\/2023\/09\/277679336_535702774589389_3126319752653413102_n-300x200.jpg\" alt=\"\" width=\"800\" height=\"533\" srcset=\"http:\/\/site.zile.bel.tr\/wp-content\/uploads\/2023\/09\/277679336_535702774589389_3126319752653413102_n-300x200.jpg 300w, http:\/\/site.zile.bel.tr\/wp-content\/uploads\/2023\/09\/277679336_535702774589389_3126319752653413102_n-768x512.jpg 768w, http:\/\/site.zile.bel.tr\/wp-content\/uploads\/2023\/09\/277679336_535702774589389_3126319752653413102_n.jpg 1024w\" sizes=\"auto, (max-width: 800px) 100vw, 800px\" \/><\/p>\n","protected":false},"excerpt":{"rendered":"<p>Sezar Zile\u2019ye ta Roma\u2019dan gelmi\u015ftir. Biz yurtta\u015flar\u0131m\u0131z\u0131 da bekliyoruz\u2026 Yerli ve yabanc\u0131 turistlerin ilgi oda\u011f\u0131 haline gelen Zile yo\u011fun ilgi g\u00f6rmeye devam ediyor. Zile\u2019ye y\u00f6nelik artan turist hareketlili\u011fi ile ilgili d\u00fc\u015f\u00fcncelerini ald\u0131\u011f\u0131m\u0131z Zile Belediye Ba\u015fkan\u0131 \u015e\u00fckr\u00fc Sarg\u0131n, turizmin ayak seslerinin Zile\u2019de duyulmaya ba\u015flad\u0131\u011f\u0131na vurgu yapt\u0131. Zile\u2019nin turizm de\u011ferleri a\u00e7\u0131s\u0131ndan b\u00fcy\u00fck potansiyele sahip \u015fehirlerden birisi oldu\u011funu [&hellip;]<\/p>\n","protected":false},"author":1,"featured_media":6258,"comment_status":"open","ping_status":"open","sticky":false,"template":"","format":"standard","meta":{"footnotes":""},"categories":[11],"tags":[],"class_list":["post-6257","post","type-post","status-publish","format-standard","has-post-thumbnail","hentry","category-haberler"],"_links":{"self":[{"href":"http:\/\/site.zile.bel.tr\/index.php\/wp-json\/wp\/v2\/posts\/6257","targetHints":{"allow":["GET"]}}],"collection":[{"href":"http:\/\/site.zile.bel.tr\/index.php\/wp-json\/wp\/v2\/posts"}],"about":[{"href":"http:\/\/site.zile.bel.tr\/index.php\/wp-json\/wp\/v2\/types\/post"}],"author":[{"embeddable":true,"href":"http:\/\/site.zile.bel.tr\/index.php\/wp-json\/wp\/v2\/users\/1"}],"replies":[{"embeddable":true,"href":"http:\/\/site.zile.bel.tr\/index.php\/wp-json\/wp\/v2\/comments?post=6257"}],"version-history":[{"count":1,"href":"http:\/\/site.zile.bel.tr\/index.php\/wp-json\/wp\/v2\/posts\/6257\/revisions"}],"predecessor-version":[{"id":6264,"href":"http:\/\/site.zile.bel.tr\/index.php\/wp-json\/wp\/v2\/posts\/6257\/revisions\/6264"}],"wp:featuredmedia":[{"embeddable":true,"href":"http:\/\/site.zile.bel.tr\/index.php\/wp-json\/wp\/v2\/media\/6258"}],"wp:attachment":[{"href":"http:\/\/site.zile.bel.tr\/index.php\/wp-json\/wp\/v2\/media?parent=6257"}],"wp:term":[{"taxonomy":"category","embeddable":true,"href":"http:\/\/site.zile.bel.tr\/index.php\/wp-json\/wp\/v2\/categories?post=6257"},{"taxonomy":"post_tag","embeddable":true,"href":"http:\/\/site.zile.bel.tr\/index.php\/wp-json\/wp\/v2\/tags?post=6257"}],"curies":[{"name":"wp","href":"https:\/\/api.w.org\/{rel}","templated":true}]}}