{"id":6291,"date":"2023-09-26T13:28:47","date_gmt":"2023-09-26T10:28:47","guid":{"rendered":"https:\/\/site.zile.bel.tr\/?p=6291"},"modified":"2023-09-26T13:28:47","modified_gmt":"2023-09-26T10:28:47","slug":"iste-universitesi-zileyi-masaya-yatirdi","status":"publish","type":"post","link":"http:\/\/site.zile.bel.tr\/index.php\/2023\/09\/26\/iste-universitesi-zileyi-masaya-yatirdi\/","title":{"rendered":"\u0130STE \u00dcN\u0130VERS\u0130TES\u0130 Z\u0130LE&#8217;Y\u0130 MASAYA YATIRDI"},"content":{"rendered":"<p>\u0130STE \u00dcN\u0130VERS\u0130TES\u0130 Z\u0130LE&#8217;Y\u0130 MASAYA YATIRDI<\/p>\n<p><img loading=\"lazy\" decoding=\"async\" class=\"alignnone wp-image-6292\" src=\"http:\/\/site.zile.bel.tr\/wp-content\/uploads\/2023\/09\/3-3-300x200.jpg\" alt=\"\" width=\"800\" height=\"533\" srcset=\"http:\/\/site.zile.bel.tr\/wp-content\/uploads\/2023\/09\/3-3-300x200.jpg 300w, http:\/\/site.zile.bel.tr\/wp-content\/uploads\/2023\/09\/3-3-768x512.jpg 768w, http:\/\/site.zile.bel.tr\/wp-content\/uploads\/2023\/09\/3-3.jpg 1024w\" sizes=\"auto, (max-width: 800px) 100vw, 800px\" \/><\/p>\n<p>\u0130skenderun Teknik \u00dcniversitesi Mimarl\u0131k Fak\u00fcltesi \u015eehir B\u00f6lge Planlama B\u00f6l\u00fcm\u00fc akademisyen ve \u00f6\u011frencileri Zile&#8217;yi \u015fehircilik a\u00e7\u0131s\u0131ndan incelemek \u00fczere mercek alt\u0131na ald\u0131lar.<\/p>\n<p><img loading=\"lazy\" decoding=\"async\" class=\"alignnone wp-image-6293\" src=\"http:\/\/site.zile.bel.tr\/wp-content\/uploads\/2023\/09\/2-5-300x200.jpg\" alt=\"\" width=\"800\" height=\"533\" srcset=\"http:\/\/site.zile.bel.tr\/wp-content\/uploads\/2023\/09\/2-5-300x200.jpg 300w, http:\/\/site.zile.bel.tr\/wp-content\/uploads\/2023\/09\/2-5-768x512.jpg 768w, http:\/\/site.zile.bel.tr\/wp-content\/uploads\/2023\/09\/2-5.jpg 1024w\" sizes=\"auto, (max-width: 800px) 100vw, 800px\" \/><\/p>\n<p>Zile Belediyesi&#8217;n\u0131n daveti \u00fczerine Zile&#8217;ye gelen 16 ki\u015filik ilk teknik gurup saha anketleri, riskli kav\u015faklar, imar hareketleri ile ilgili \u00e7al\u0131\u015fmaya ba\u015flad\u0131lar.<\/p>\n<p><img loading=\"lazy\" decoding=\"async\" class=\"alignnone wp-image-6294\" src=\"http:\/\/site.zile.bel.tr\/wp-content\/uploads\/2023\/09\/6-4-300x200.jpg\" alt=\"\" width=\"800\" height=\"533\" srcset=\"http:\/\/site.zile.bel.tr\/wp-content\/uploads\/2023\/09\/6-4-300x200.jpg 300w, http:\/\/site.zile.bel.tr\/wp-content\/uploads\/2023\/09\/6-4-768x512.jpg 768w, http:\/\/site.zile.bel.tr\/wp-content\/uploads\/2023\/09\/6-4.jpg 1024w\" sizes=\"auto, (max-width: 800px) 100vw, 800px\" \/><\/p>\n<p>37 ki\u015filik ikinci teknik ekibin 1 Ekim&#8217;de Zile&#8217;ye gelece\u011fini belirten yetkililer, deprem, imar planlar\u0131 ve kentin geli\u015fimi ile ilgili \u00e7al\u0131\u015facaklar\u0131 ifade edildi.<\/p>\n<p><img loading=\"lazy\" decoding=\"async\" class=\"alignnone wp-image-6295\" src=\"http:\/\/site.zile.bel.tr\/wp-content\/uploads\/2023\/09\/10-1-300x200.jpg\" alt=\"\" width=\"800\" height=\"533\" srcset=\"http:\/\/site.zile.bel.tr\/wp-content\/uploads\/2023\/09\/10-1-300x200.jpg 300w, http:\/\/site.zile.bel.tr\/wp-content\/uploads\/2023\/09\/10-1-768x512.jpg 768w, http:\/\/site.zile.bel.tr\/wp-content\/uploads\/2023\/09\/10-1.jpg 1024w\" sizes=\"auto, (max-width: 800px) 100vw, 800px\" \/><\/p>\n<p>Zile Bel. B\u015fk \u015e\u00fckr\u00fc Sarg\u0131n &#8221; Saha incelemelerinden sonra yakla\u015f\u0131k bir y\u0131l s\u00fcrecek \u00e7al\u0131\u015fmalar Zile&#8217;nin sa\u011fl\u0131kl\u0131 geli\u015fimi i\u00e7in bize yol haritas\u0131 olacakt\u0131r. \u0130skenderun Teknik \u00dcniversitesi Rekt\u00f6r\u00fc nezdinde t\u00fcm \u00f6\u011fretim g\u00f6revlisi ve \u00f6\u011frencilerine te\u015fekk\u00fcr ediyorum&#8221; dedi.<\/p>\n<p><img loading=\"lazy\" decoding=\"async\" class=\"alignnone wp-image-6296\" src=\"http:\/\/site.zile.bel.tr\/wp-content\/uploads\/2023\/09\/5-4-300x200.jpg\" alt=\"\" width=\"800\" height=\"533\" srcset=\"http:\/\/site.zile.bel.tr\/wp-content\/uploads\/2023\/09\/5-4-300x200.jpg 300w, http:\/\/site.zile.bel.tr\/wp-content\/uploads\/2023\/09\/5-4-768x512.jpg 768w, http:\/\/site.zile.bel.tr\/wp-content\/uploads\/2023\/09\/5-4.jpg 1024w\" sizes=\"auto, (max-width: 800px) 100vw, 800px\" \/><\/p>\n<p>\u00d6te yandan kap\u0131 kap\u0131 gezerek saha analizi yapan \u00f6\u011frencilere hem\u015ferilerimizin yard\u0131mc\u0131 olmalar\u0131 istendi<\/p>\n<p><img loading=\"lazy\" decoding=\"async\" class=\"alignnone wp-image-6297\" src=\"http:\/\/site.zile.bel.tr\/wp-content\/uploads\/2023\/09\/8-2-300x200.jpg\" alt=\"\" width=\"800\" height=\"533\" srcset=\"http:\/\/site.zile.bel.tr\/wp-content\/uploads\/2023\/09\/8-2-300x200.jpg 300w, http:\/\/site.zile.bel.tr\/wp-content\/uploads\/2023\/09\/8-2-768x512.jpg 768w, http:\/\/site.zile.bel.tr\/wp-content\/uploads\/2023\/09\/8-2.jpg 1024w\" sizes=\"auto, (max-width: 800px) 100vw, 800px\" \/><\/p>\n","protected":false},"excerpt":{"rendered":"<p>\u0130STE \u00dcN\u0130VERS\u0130TES\u0130 Z\u0130LE&#8217;Y\u0130 MASAYA YATIRDI \u0130skenderun Teknik \u00dcniversitesi Mimarl\u0131k Fak\u00fcltesi \u015eehir B\u00f6lge Planlama B\u00f6l\u00fcm\u00fc akademisyen ve \u00f6\u011frencileri Zile&#8217;yi \u015fehircilik a\u00e7\u0131s\u0131ndan incelemek \u00fczere mercek alt\u0131na ald\u0131lar. Zile Belediyesi&#8217;n\u0131n daveti \u00fczerine Zile&#8217;ye gelen 16 ki\u015filik ilk teknik gurup saha anketleri, riskli kav\u015faklar, imar hareketleri ile ilgili \u00e7al\u0131\u015fmaya ba\u015flad\u0131lar. 37 ki\u015filik ikinci teknik ekibin 1 Ekim&#8217;de Zile&#8217;ye gelece\u011fini [&hellip;]<\/p>\n","protected":false},"author":1,"featured_media":6292,"comment_status":"open","ping_status":"open","sticky":false,"template":"","format":"standard","meta":{"footnotes":""},"categories":[11],"tags":[],"class_list":["post-6291","post","type-post","status-publish","format-standard","has-post-thumbnail","hentry","category-haberler"],"_links":{"self":[{"href":"http:\/\/site.zile.bel.tr\/index.php\/wp-json\/wp\/v2\/posts\/6291","targetHints":{"allow":["GET"]}}],"collection":[{"href":"http:\/\/site.zile.bel.tr\/index.php\/wp-json\/wp\/v2\/posts"}],"about":[{"href":"http:\/\/site.zile.bel.tr\/index.php\/wp-json\/wp\/v2\/types\/post"}],"author":[{"embeddable":true,"href":"http:\/\/site.zile.bel.tr\/index.php\/wp-json\/wp\/v2\/users\/1"}],"replies":[{"embeddable":true,"href":"http:\/\/site.zile.bel.tr\/index.php\/wp-json\/wp\/v2\/comments?post=6291"}],"version-history":[{"count":1,"href":"http:\/\/site.zile.bel.tr\/index.php\/wp-json\/wp\/v2\/posts\/6291\/revisions"}],"predecessor-version":[{"id":6298,"href":"http:\/\/site.zile.bel.tr\/index.php\/wp-json\/wp\/v2\/posts\/6291\/revisions\/6298"}],"wp:featuredmedia":[{"embeddable":true,"href":"http:\/\/site.zile.bel.tr\/index.php\/wp-json\/wp\/v2\/media\/6292"}],"wp:attachment":[{"href":"http:\/\/site.zile.bel.tr\/index.php\/wp-json\/wp\/v2\/media?parent=6291"}],"wp:term":[{"taxonomy":"category","embeddable":true,"href":"http:\/\/site.zile.bel.tr\/index.php\/wp-json\/wp\/v2\/categories?post=6291"},{"taxonomy":"post_tag","embeddable":true,"href":"http:\/\/site.zile.bel.tr\/index.php\/wp-json\/wp\/v2\/tags?post=6291"}],"curies":[{"name":"wp","href":"https:\/\/api.w.org\/{rel}","templated":true}]}}