{"id":6302,"date":"2023-09-27T16:53:39","date_gmt":"2023-09-27T13:53:39","guid":{"rendered":"https:\/\/site.zile.bel.tr\/?p=6302"},"modified":"2023-09-27T16:53:39","modified_gmt":"2023-09-27T13:53:39","slug":"baskan-sargin-yemekte-itfaiye-erleri-ile-bir-araya-geldi","status":"publish","type":"post","link":"http:\/\/site.zile.bel.tr\/index.php\/2023\/09\/27\/baskan-sargin-yemekte-itfaiye-erleri-ile-bir-araya-geldi\/","title":{"rendered":"Ba\u015fkan Sarg\u0131n, Yemekte \u0130tfaiye Erleri \u0130le Bir Araya Geldi"},"content":{"rendered":"<p>Ba\u015fkan Sarg\u0131n, Yemekte \u0130tfaiye Erleri \u0130le Bir Araya Geldi<\/p>\n<p>Zile Belediye Ba\u015fkan\u0131m\u0131z \u015e\u00fckr\u00fc Sarg\u0131n, \u0130tfaiye Haftas\u0131 m\u00fcnasebetiyle d\u00fczenlenen \u00f6\u011fle yeme\u011finde itfaiye \u00e7al\u0131\u015fanlar\u0131 ile bir araya geldi.<br \/>\nYemek \u00f6ncesinde konu\u015fan Ba\u015fkan Sarg\u0131n, itfaiye personellerinin haftas\u0131n\u0131 kutlayarak, g\u00f6revlerinde ba\u015far\u0131lar diledi. Ba\u015fkan Sarg\u0131n, \u201c\u0130tfaiye Haftan\u0131z\u0131 tebrik ediyorum. Her zaman s\u00f6yledi\u011fimiz gibi ger\u00e7ekten kutsal bir g\u00f6revi \u00fcstlendiniz. Vatanda\u015flar\u0131m\u0131z\u0131n en zor g\u00fcn\u00fcnde onlar\u0131n yan\u0131 ba\u015f\u0131nda olmak, s\u0131k\u0131nt\u0131lar\u0131n\u0131 gidermek, ac\u0131lar\u0131n\u0131 payla\u015fmak ve o andaki psikolojik konumlar\u0131n\u0131 rahatlatmak \u015feklinde bir g\u00f6rev s\u00fcrd\u00fcr\u00fcyorsunuz. \u0130\u015finiz kolay de\u011fil zor\u201d dedi.<\/p>\n<p><img loading=\"lazy\" decoding=\"async\" class=\"alignnone wp-image-6303\" src=\"http:\/\/site.zile.bel.tr\/wp-content\/uploads\/2023\/09\/baskan1-300x200.jpg\" alt=\"\" width=\"800\" height=\"533\" srcset=\"http:\/\/site.zile.bel.tr\/wp-content\/uploads\/2023\/09\/baskan1-300x200.jpg 300w, http:\/\/site.zile.bel.tr\/wp-content\/uploads\/2023\/09\/baskan1-1024x682.jpg 1024w, http:\/\/site.zile.bel.tr\/wp-content\/uploads\/2023\/09\/baskan1-768x512.jpg 768w, http:\/\/site.zile.bel.tr\/wp-content\/uploads\/2023\/09\/baskan1-1536x1023.jpg 1536w, http:\/\/site.zile.bel.tr\/wp-content\/uploads\/2023\/09\/baskan1.jpg 1600w\" sizes=\"auto, (max-width: 800px) 100vw, 800px\" \/><\/p>\n<p>\u201cBelediyecilik insanlar\u0131n en zor an\u0131nda yan\u0131nda olabilmektir\u201d<\/p>\n<p>Belediyecili\u011fin kolay bir taraf\u0131 olmad\u0131\u011f\u0131ndan s\u00f6z eden Ba\u015fkan sarg\u0131n, \u201cBelediyecilik zora tabi olmakt\u0131r. Belediyecilik vatanda\u015f\u0131n hayat\u0131n\u0131 kolayla\u015ft\u0131rmakt\u0131r. Belediyecilik insanlar\u0131n en zor an\u0131nda yan\u0131nda olabilmektir, dertlerini payla\u015fabilmektir. Bir taraftan kentin fiziki hizmetlerini yerine getirirken, vatanda\u015f\u0131n hayat\u0131n\u0131 kolayla\u015ft\u0131r\u0131rken, di\u011fer taraftan da onlar\u0131n dertlerini payla\u015fmak, s\u0131k\u0131nt\u0131lar\u0131n\u0131 gidermek i\u00e7in gece-g\u00fcnd\u00fcz \u00e7al\u0131\u015fmakt\u0131r\u201d \u015feklinde konu\u015ftu.<\/p>\n<p>\u201cB\u00f6lgede \u00f6rnek al\u0131nan bir yerel y\u00f6netim bi\u00e7imi ortaya koyduk\u201d<\/p>\n<p>Zile Belediyesi\u2019nin bir\u00e7ok konuda b\u00f6lgede \u00e7\u0131\u011f\u0131r a\u00e7t\u0131\u011f\u0131n\u0131 ve \u00f6nc\u00fcl\u00fck etti\u011fini dile getiren Ba\u015fkan Sarg\u0131n, \u201cZile Belediyesi, verdi\u011fi hizmetlerle, ortaya koydu\u011fu projelerle ger\u00e7ekten b\u00f6lgede \u00f6rnek al\u0131nan bir yerel y\u00f6netim bi\u00e7imi ortaya koymu\u015ftur. Bu yolculukta, bu m\u00fccadelede bizimle beraber yol y\u00fcr\u00fcyen b\u00fct\u00fcn arkada\u015flar\u0131m\u0131za te\u015fekk\u00fcr ediyorum. Bize gece-g\u00fcnd\u00fcz demeden dua eden, desteklerini esirgemeyen b\u00fct\u00fcn halk\u0131m\u0131za te\u015fekk\u00fcr ediyorum. Tabi ki bizler kutsal bir g\u00f6revi \u00fcstlenmi\u015fiz. \u0130n\u015fallah bu m\u00fccadele, bu vatanda\u015fla kayna\u015fma ve birlikte y\u00fcr\u00fcme, Zile\u2019yi bir yerlere ta\u015f\u0131ma m\u00fccadelesi bundan sonra da devam eder\u201d diye belirtti.<\/p>\n","protected":false},"excerpt":{"rendered":"<p>Ba\u015fkan Sarg\u0131n, Yemekte \u0130tfaiye Erleri \u0130le Bir Araya Geldi Zile Belediye Ba\u015fkan\u0131m\u0131z \u015e\u00fckr\u00fc Sarg\u0131n, \u0130tfaiye Haftas\u0131 m\u00fcnasebetiyle d\u00fczenlenen \u00f6\u011fle yeme\u011finde itfaiye \u00e7al\u0131\u015fanlar\u0131 ile bir araya geldi. Yemek \u00f6ncesinde konu\u015fan Ba\u015fkan Sarg\u0131n, itfaiye personellerinin haftas\u0131n\u0131 kutlayarak, g\u00f6revlerinde ba\u015far\u0131lar diledi. Ba\u015fkan Sarg\u0131n, \u201c\u0130tfaiye Haftan\u0131z\u0131 tebrik ediyorum. Her zaman s\u00f6yledi\u011fimiz gibi ger\u00e7ekten kutsal bir g\u00f6revi \u00fcstlendiniz. Vatanda\u015flar\u0131m\u0131z\u0131n en [&hellip;]<\/p>\n","protected":false},"author":1,"featured_media":6303,"comment_status":"open","ping_status":"open","sticky":false,"template":"","format":"standard","meta":{"footnotes":""},"categories":[11],"tags":[],"class_list":["post-6302","post","type-post","status-publish","format-standard","has-post-thumbnail","hentry","category-haberler"],"_links":{"self":[{"href":"http:\/\/site.zile.bel.tr\/index.php\/wp-json\/wp\/v2\/posts\/6302","targetHints":{"allow":["GET"]}}],"collection":[{"href":"http:\/\/site.zile.bel.tr\/index.php\/wp-json\/wp\/v2\/posts"}],"about":[{"href":"http:\/\/site.zile.bel.tr\/index.php\/wp-json\/wp\/v2\/types\/post"}],"author":[{"embeddable":true,"href":"http:\/\/site.zile.bel.tr\/index.php\/wp-json\/wp\/v2\/users\/1"}],"replies":[{"embeddable":true,"href":"http:\/\/site.zile.bel.tr\/index.php\/wp-json\/wp\/v2\/comments?post=6302"}],"version-history":[{"count":1,"href":"http:\/\/site.zile.bel.tr\/index.php\/wp-json\/wp\/v2\/posts\/6302\/revisions"}],"predecessor-version":[{"id":6304,"href":"http:\/\/site.zile.bel.tr\/index.php\/wp-json\/wp\/v2\/posts\/6302\/revisions\/6304"}],"wp:featuredmedia":[{"embeddable":true,"href":"http:\/\/site.zile.bel.tr\/index.php\/wp-json\/wp\/v2\/media\/6303"}],"wp:attachment":[{"href":"http:\/\/site.zile.bel.tr\/index.php\/wp-json\/wp\/v2\/media?parent=6302"}],"wp:term":[{"taxonomy":"category","embeddable":true,"href":"http:\/\/site.zile.bel.tr\/index.php\/wp-json\/wp\/v2\/categories?post=6302"},{"taxonomy":"post_tag","embeddable":true,"href":"http:\/\/site.zile.bel.tr\/index.php\/wp-json\/wp\/v2\/tags?post=6302"}],"curies":[{"name":"wp","href":"https:\/\/api.w.org\/{rel}","templated":true}]}}