{"id":6334,"date":"2023-10-06T11:01:12","date_gmt":"2023-10-06T08:01:12","guid":{"rendered":"https:\/\/site.zile.bel.tr\/?p=6334"},"modified":"2023-10-09T11:03:32","modified_gmt":"2023-10-09T08:03:32","slug":"izmir-milletvekili-murat-bakandan-baskan-sarginna-ziyaret","status":"publish","type":"post","link":"http:\/\/site.zile.bel.tr\/index.php\/2023\/10\/06\/izmir-milletvekili-murat-bakandan-baskan-sarginna-ziyaret\/","title":{"rendered":"\u0130ZM\u0130R M\u0130LLETVEK\u0130L\u0130 MURAT BAKAN\u2019DAN BA\u015eKAN SARGIN\u2019NA Z\u0130YARET"},"content":{"rendered":"<div class=\"xdj266r x11i5rnm xat24cr x1mh8g0r x1vvkbs x126k92a\">\n<div dir=\"auto\">\n<p>\u0130ZM\u0130R M\u0130LLETVEK\u0130L\u0130 MURAT BAKAN\u2019DAN BA\u015eKAN SARGIN\u2019NA Z\u0130YARET<\/p>\n<p><img loading=\"lazy\" decoding=\"async\" class=\"alignnone wp-image-6335\" src=\"http:\/\/site.zile.bel.tr\/wp-content\/uploads\/2023\/10\/1-4-300x200.jpg\" alt=\"\" width=\"800\" height=\"533\" srcset=\"http:\/\/site.zile.bel.tr\/wp-content\/uploads\/2023\/10\/1-4-300x200.jpg 300w, http:\/\/site.zile.bel.tr\/wp-content\/uploads\/2023\/10\/1-4-1024x682.jpg 1024w, http:\/\/site.zile.bel.tr\/wp-content\/uploads\/2023\/10\/1-4-768x511.jpg 768w, http:\/\/site.zile.bel.tr\/wp-content\/uploads\/2023\/10\/1-4.jpg 1440w\" sizes=\"auto, (max-width: 800px) 100vw, 800px\" \/><\/p>\n<\/div>\n<\/div>\n<div class=\"x11i5rnm xat24cr x1mh8g0r x1vvkbs xtlvy1s x126k92a\">\n<div dir=\"auto\">Cumhuriyet Halk Partisi (CHP) \u0130zmir Milletvekili Murat Bakan, Zile Belediye Ba\u015fkan\u0131 \u015e\u00fckr\u00fc Sarg\u0131n\u2019\u0131 makam\u0131nda ziyaret ederek yap\u0131lan projeleri dinledi. Milletvekili Murat Bakan yap\u0131lan \u00e7al\u0131\u015fmalardan mutlu oldu\u011funu dile getirdi.<\/div>\n<div dir=\"auto\">\n<p>Ziyaretten duydu\u011fu memnuniyeti ifade eden Ba\u015fkan Sarg\u0131n, Vekil Bakan\u2019a te\u015fekk\u00fcr ederek kendilerini Zile\u2019de a\u011f\u0131rlamaktan mutluluk duyduklar\u0131n\u0131 s\u00f6yledi.<\/p>\n<p><img loading=\"lazy\" decoding=\"async\" class=\"alignnone wp-image-6336\" src=\"http:\/\/site.zile.bel.tr\/wp-content\/uploads\/2023\/10\/2-3-300x200.jpg\" alt=\"\" width=\"800\" height=\"533\" srcset=\"http:\/\/site.zile.bel.tr\/wp-content\/uploads\/2023\/10\/2-3-300x200.jpg 300w, http:\/\/site.zile.bel.tr\/wp-content\/uploads\/2023\/10\/2-3-1024x682.jpg 1024w, http:\/\/site.zile.bel.tr\/wp-content\/uploads\/2023\/10\/2-3-768x511.jpg 768w, http:\/\/site.zile.bel.tr\/wp-content\/uploads\/2023\/10\/2-3.jpg 1440w\" sizes=\"auto, (max-width: 800px) 100vw, 800px\" \/><\/p>\n<\/div>\n<\/div>\n","protected":false},"excerpt":{"rendered":"<p>\u0130ZM\u0130R M\u0130LLETVEK\u0130L\u0130 MURAT BAKAN\u2019DAN BA\u015eKAN SARGIN\u2019NA Z\u0130YARET Cumhuriyet Halk Partisi (CHP) \u0130zmir Milletvekili Murat Bakan, Zile Belediye Ba\u015fkan\u0131 \u015e\u00fckr\u00fc Sarg\u0131n\u2019\u0131 makam\u0131nda ziyaret ederek yap\u0131lan projeleri dinledi. Milletvekili Murat Bakan yap\u0131lan \u00e7al\u0131\u015fmalardan mutlu oldu\u011funu dile getirdi. Ziyaretten duydu\u011fu memnuniyeti ifade eden Ba\u015fkan Sarg\u0131n, Vekil Bakan\u2019a te\u015fekk\u00fcr ederek kendilerini Zile\u2019de a\u011f\u0131rlamaktan mutluluk duyduklar\u0131n\u0131 s\u00f6yledi.<\/p>\n","protected":false},"author":1,"featured_media":6335,"comment_status":"open","ping_status":"open","sticky":false,"template":"","format":"standard","meta":{"footnotes":""},"categories":[11],"tags":[],"class_list":["post-6334","post","type-post","status-publish","format-standard","has-post-thumbnail","hentry","category-haberler"],"_links":{"self":[{"href":"http:\/\/site.zile.bel.tr\/index.php\/wp-json\/wp\/v2\/posts\/6334","targetHints":{"allow":["GET"]}}],"collection":[{"href":"http:\/\/site.zile.bel.tr\/index.php\/wp-json\/wp\/v2\/posts"}],"about":[{"href":"http:\/\/site.zile.bel.tr\/index.php\/wp-json\/wp\/v2\/types\/post"}],"author":[{"embeddable":true,"href":"http:\/\/site.zile.bel.tr\/index.php\/wp-json\/wp\/v2\/users\/1"}],"replies":[{"embeddable":true,"href":"http:\/\/site.zile.bel.tr\/index.php\/wp-json\/wp\/v2\/comments?post=6334"}],"version-history":[{"count":2,"href":"http:\/\/site.zile.bel.tr\/index.php\/wp-json\/wp\/v2\/posts\/6334\/revisions"}],"predecessor-version":[{"id":6338,"href":"http:\/\/site.zile.bel.tr\/index.php\/wp-json\/wp\/v2\/posts\/6334\/revisions\/6338"}],"wp:featuredmedia":[{"embeddable":true,"href":"http:\/\/site.zile.bel.tr\/index.php\/wp-json\/wp\/v2\/media\/6335"}],"wp:attachment":[{"href":"http:\/\/site.zile.bel.tr\/index.php\/wp-json\/wp\/v2\/media?parent=6334"}],"wp:term":[{"taxonomy":"category","embeddable":true,"href":"http:\/\/site.zile.bel.tr\/index.php\/wp-json\/wp\/v2\/categories?post=6334"},{"taxonomy":"post_tag","embeddable":true,"href":"http:\/\/site.zile.bel.tr\/index.php\/wp-json\/wp\/v2\/tags?post=6334"}],"curies":[{"name":"wp","href":"https:\/\/api.w.org\/{rel}","templated":true}]}}