{"id":6375,"date":"2023-10-09T11:18:24","date_gmt":"2023-10-09T08:18:24","guid":{"rendered":"https:\/\/site.zile.bel.tr\/?p=6375"},"modified":"2023-10-09T11:18:24","modified_gmt":"2023-10-09T08:18:24","slug":"iste-universitesi-37-ogrencisi-ile-zilede","status":"publish","type":"post","link":"http:\/\/site.zile.bel.tr\/index.php\/2023\/10\/09\/iste-universitesi-37-ogrencisi-ile-zilede\/","title":{"rendered":"\u0130STE \u00dcniversitesi 37 \u00f6\u011frencisi ile Zile\u2019de"},"content":{"rendered":"<div class=\"xdj266r x11i5rnm xat24cr x1mh8g0r x1vvkbs x126k92a\">\n<div dir=\"auto\">\u0130STE \u00dcniversitesi 37 \u00f6\u011frencisi ile Zile\u2019de<\/p>\n<p><img loading=\"lazy\" decoding=\"async\" class=\"alignnone wp-image-6376\" src=\"http:\/\/site.zile.bel.tr\/wp-content\/uploads\/2023\/10\/1jpg-300x200.jpg\" alt=\"\" width=\"800\" height=\"533\" srcset=\"http:\/\/site.zile.bel.tr\/wp-content\/uploads\/2023\/10\/1jpg-300x200.jpg 300w, http:\/\/site.zile.bel.tr\/wp-content\/uploads\/2023\/10\/1jpg-768x512.jpg 768w, http:\/\/site.zile.bel.tr\/wp-content\/uploads\/2023\/10\/1jpg.jpg 1024w\" sizes=\"auto, (max-width: 800px) 100vw, 800px\" \/><\/p>\n<\/div>\n<\/div>\n<div class=\"x11i5rnm xat24cr x1mh8g0r x1vvkbs xtlvy1s x126k92a\">\n<div dir=\"auto\">\u0130skenderun Teknik \u00dcniversitesi Mimarl\u0131k Fak\u00fcltesi \u015eehir B\u00f6lge Planlama B\u00f6l\u00fcm\u00fc akademisyen ve \u00f6\u011frencileri Zile\u2019yi \u015fehircilik a\u00e7\u0131s\u0131ndan incelemek \u00fczere 37 \u00f6\u011frencisi ile saha \u00e7al\u0131\u015fmalar\u0131na devam ediyor.<\/div>\n<div dir=\"auto\">Belediye \u00e7al\u0131\u015fmalar\u0131nda bilimin \u00f6nemini vurgulayan Zile Belediye Ba\u015fkan\u0131 \u015e\u00fckr\u00fc Sarg\u0131n, 37 \u00f6\u011frenci ve akademisyenlerle belediye meclis salonunda toplant\u0131 ger\u00e7ekle\u015ftirdi.<\/p>\n<\/div>\n<div dir=\"auto\"><img loading=\"lazy\" decoding=\"async\" class=\"alignnone wp-image-6377\" src=\"http:\/\/site.zile.bel.tr\/wp-content\/uploads\/2023\/10\/2-7-300x200.jpg\" alt=\"\" width=\"800\" height=\"533\" srcset=\"http:\/\/site.zile.bel.tr\/wp-content\/uploads\/2023\/10\/2-7-300x200.jpg 300w, http:\/\/site.zile.bel.tr\/wp-content\/uploads\/2023\/10\/2-7-768x512.jpg 768w, http:\/\/site.zile.bel.tr\/wp-content\/uploads\/2023\/10\/2-7.jpg 1024w\" sizes=\"auto, (max-width: 800px) 100vw, 800px\" \/><\/div>\n<div dir=\"auto\">37 ki\u015filik ikinci teknik ekip 1 Ekim\u2019de Zile\u2019ye gelerek sahada deprem, imar planlar\u0131 ve kentin geli\u015fimi ile ilgili \u00e7al\u0131\u015facaklar\u0131na ba\u015flad\u0131.<\/p>\n<p><img loading=\"lazy\" decoding=\"async\" class=\"alignnone wp-image-6378\" src=\"http:\/\/site.zile.bel.tr\/wp-content\/uploads\/2023\/10\/4-6-300x200.jpg\" alt=\"\" width=\"800\" height=\"533\" srcset=\"http:\/\/site.zile.bel.tr\/wp-content\/uploads\/2023\/10\/4-6-300x200.jpg 300w, http:\/\/site.zile.bel.tr\/wp-content\/uploads\/2023\/10\/4-6-768x512.jpg 768w, http:\/\/site.zile.bel.tr\/wp-content\/uploads\/2023\/10\/4-6.jpg 1024w\" sizes=\"auto, (max-width: 800px) 100vw, 800px\" \/><\/p>\n<\/div>\n<div dir=\"auto\">Belediye \u00e7al\u0131\u015fmalar\u0131nda e\u011fitim ve biliminin \u00f6nemini belirten Ba\u015fkan Sarg\u0131n, \u201c\u0130skenderun Teknik \u00dcniversitesi\u2019nin yapm\u0131\u015f oldu\u011funu \u00e7al\u0131\u015fmay\u0131 \u00f6nemsiyoruz. Belediyelerde e\u011fitim ve bilimin kullan\u0131lmas\u0131 \u00e7ok \u00f6nemli. Ulu \u00f6nderimiz Mustafa Kemal Atat\u00fcrk\u2019\u00fcn dedi\u011fi gibi \u2018E\u011fer bir g\u00fcn benim s\u00f6zlerim bilim ile ters d\u00fc\u015ferse bilimi se\u00e7in\u2019 s\u00f6zlerinden hareket ederek bizde \u00e7al\u0131\u015fmalar\u0131m\u0131za bilim \u0131\u015f\u0131\u011f\u0131nda y\u00f6n veriyoruz. \u00d6\u011frencilerimizin akademik d\u00fczeyde yapm\u0131\u015f oldu\u011fu bu \u00e7al\u0131\u015fma \u015fehir planlamas\u0131 a\u00e7\u0131s\u0131ndan Zile\u2019nin gelece\u011finin \u015fekillendirilmesinde bize rehber olacakt\u0131r.\u201d dedi.<\/div>\n<div dir=\"auto\">Toplant\u0131 sonras\u0131, \u0130skenderun Teknik \u00dcniversitesi (ISTE) Mimarl\u0131k Fak\u00fcltesi \u015eehir ve B\u00f6lge Planlama B\u00f6l\u00fcm\u00fc\u2019nden \u00d6\u011fretim \u00dcyesi Do\u00e7. Dr. Yelda Mert ile Ara\u015ft\u0131rma G\u00f6revlisi Z\u00fcbeyde Tu\u011fba Alkan \u00c7elik, Ba\u015fkan Sarg\u0131n\u2019a \u00e7i\u00e7ek takdim etti.<\/p>\n<p><img loading=\"lazy\" decoding=\"async\" class=\"alignnone wp-image-6379\" src=\"http:\/\/site.zile.bel.tr\/wp-content\/uploads\/2023\/10\/3-6-300x200.jpg\" alt=\"\" width=\"800\" height=\"533\" srcset=\"http:\/\/site.zile.bel.tr\/wp-content\/uploads\/2023\/10\/3-6-300x200.jpg 300w, http:\/\/site.zile.bel.tr\/wp-content\/uploads\/2023\/10\/3-6-768x512.jpg 768w, http:\/\/site.zile.bel.tr\/wp-content\/uploads\/2023\/10\/3-6.jpg 1024w\" sizes=\"auto, (max-width: 800px) 100vw, 800px\" \/><\/div>\n<\/div>\n","protected":false},"excerpt":{"rendered":"<p>\u0130STE \u00dcniversitesi 37 \u00f6\u011frencisi ile Zile\u2019de \u0130skenderun Teknik \u00dcniversitesi Mimarl\u0131k Fak\u00fcltesi \u015eehir B\u00f6lge Planlama B\u00f6l\u00fcm\u00fc akademisyen ve \u00f6\u011frencileri Zile\u2019yi \u015fehircilik a\u00e7\u0131s\u0131ndan incelemek \u00fczere 37 \u00f6\u011frencisi ile saha \u00e7al\u0131\u015fmalar\u0131na devam ediyor. Belediye \u00e7al\u0131\u015fmalar\u0131nda bilimin \u00f6nemini vurgulayan Zile Belediye Ba\u015fkan\u0131 \u015e\u00fckr\u00fc Sarg\u0131n, 37 \u00f6\u011frenci ve akademisyenlerle belediye meclis salonunda toplant\u0131 ger\u00e7ekle\u015ftirdi. 37 ki\u015filik ikinci teknik ekip 1 [&hellip;]<\/p>\n","protected":false},"author":1,"featured_media":6376,"comment_status":"open","ping_status":"open","sticky":false,"template":"","format":"standard","meta":{"footnotes":""},"categories":[11],"tags":[],"class_list":["post-6375","post","type-post","status-publish","format-standard","has-post-thumbnail","hentry","category-haberler"],"_links":{"self":[{"href":"http:\/\/site.zile.bel.tr\/index.php\/wp-json\/wp\/v2\/posts\/6375","targetHints":{"allow":["GET"]}}],"collection":[{"href":"http:\/\/site.zile.bel.tr\/index.php\/wp-json\/wp\/v2\/posts"}],"about":[{"href":"http:\/\/site.zile.bel.tr\/index.php\/wp-json\/wp\/v2\/types\/post"}],"author":[{"embeddable":true,"href":"http:\/\/site.zile.bel.tr\/index.php\/wp-json\/wp\/v2\/users\/1"}],"replies":[{"embeddable":true,"href":"http:\/\/site.zile.bel.tr\/index.php\/wp-json\/wp\/v2\/comments?post=6375"}],"version-history":[{"count":1,"href":"http:\/\/site.zile.bel.tr\/index.php\/wp-json\/wp\/v2\/posts\/6375\/revisions"}],"predecessor-version":[{"id":6380,"href":"http:\/\/site.zile.bel.tr\/index.php\/wp-json\/wp\/v2\/posts\/6375\/revisions\/6380"}],"wp:featuredmedia":[{"embeddable":true,"href":"http:\/\/site.zile.bel.tr\/index.php\/wp-json\/wp\/v2\/media\/6376"}],"wp:attachment":[{"href":"http:\/\/site.zile.bel.tr\/index.php\/wp-json\/wp\/v2\/media?parent=6375"}],"wp:term":[{"taxonomy":"category","embeddable":true,"href":"http:\/\/site.zile.bel.tr\/index.php\/wp-json\/wp\/v2\/categories?post=6375"},{"taxonomy":"post_tag","embeddable":true,"href":"http:\/\/site.zile.bel.tr\/index.php\/wp-json\/wp\/v2\/tags?post=6375"}],"curies":[{"name":"wp","href":"https:\/\/api.w.org\/{rel}","templated":true}]}}