{"id":6389,"date":"2023-10-18T09:04:28","date_gmt":"2023-10-18T06:04:28","guid":{"rendered":"https:\/\/site.zile.bel.tr\/?p=6389"},"modified":"2024-01-24T13:27:47","modified_gmt":"2024-01-24T10:27:47","slug":"esvap-cayi-kentpark","status":"publish","type":"post","link":"http:\/\/site.zile.bel.tr\/index.php\/2023\/10\/18\/esvap-cayi-kentpark\/","title":{"rendered":"ESVAP \u00c7AYI KENTPARK"},"content":{"rendered":"<div class=\"xdj266r x11i5rnm xat24cr x1mh8g0r x1vvkbs x126k92a\">\n<div dir=\"auto\">ESVAP \u00c7AYI KENTPARK<\/div>\n<\/div>\n<div dir=\"auto\"><img loading=\"lazy\" decoding=\"async\" class=\"alignnone wp-image-6397 size-full\" src=\"http:\/\/site.zile.bel.tr\/wp-content\/uploads\/2023\/10\/387768610_355473820193707_256486257825746230_n.jpg\" alt=\"\" width=\"548\" height=\"410\" srcset=\"http:\/\/site.zile.bel.tr\/wp-content\/uploads\/2023\/10\/387768610_355473820193707_256486257825746230_n.jpg 548w, http:\/\/site.zile.bel.tr\/wp-content\/uploads\/2023\/10\/387768610_355473820193707_256486257825746230_n-300x224.jpg 300w\" sizes=\"auto, (max-width: 548px) 100vw, 548px\" \/><\/div>\n<div class=\"xdj266r x11i5rnm xat24cr x1mh8g0r x1vvkbs x126k92a\">\n<div dir=\"auto\"><\/div>\n<\/div>\n<div class=\"x11i5rnm xat24cr x1mh8g0r x1vvkbs xtlvy1s x126k92a\">\n<div dir=\"auto\">Y\u0131ld\u0131ztepe yolu \u00fczerinde \u015fehir merkezine 2km mesafede bulunan Tarihi Esvap \u00c7ay\u0131 mesire alan\u0131nda Kentpark \u00e7al\u0131\u015fmalar\u0131na start verildi.<\/div>\n<\/div>\n<div dir=\"auto\"><img loading=\"lazy\" decoding=\"async\" class=\"alignnone wp-image-6396\" src=\"http:\/\/site.zile.bel.tr\/wp-content\/uploads\/2023\/10\/387764528_355473776860378_5097182170795182643_n-300x225.jpg\" alt=\"\" width=\"800\" height=\"600\" srcset=\"http:\/\/site.zile.bel.tr\/wp-content\/uploads\/2023\/10\/387764528_355473776860378_5097182170795182643_n-300x225.jpg 300w, http:\/\/site.zile.bel.tr\/wp-content\/uploads\/2023\/10\/387764528_355473776860378_5097182170795182643_n-768x576.jpg 768w, http:\/\/site.zile.bel.tr\/wp-content\/uploads\/2023\/10\/387764528_355473776860378_5097182170795182643_n.jpg 960w\" sizes=\"auto, (max-width: 800px) 100vw, 800px\" \/><\/div>\n<div class=\"x11i5rnm xat24cr x1mh8g0r x1vvkbs xtlvy1s x126k92a\">\n<div dir=\"auto\"><\/div>\n<div dir=\"auto\">Belediyemiz m\u00fclkiyetinde olan 52.000m2 Esvap\u00e7ay\u0131 piknik alan\u0131 uzun zamand\u0131r at\u0131l durumda idi.<\/div>\n<div dir=\"auto\"><\/div>\n<\/div>\n<div class=\"x11i5rnm xat24cr x1mh8g0r x1vvkbs xtlvy1s x126k92a\">\n<div dir=\"auto\">Belediyemizce yeniden d\u00fczenlenecek olan Esvap \u00c7ay\u0131nda yakla\u015f\u0131k 1000m2 l\u0131k bio g\u00f6let, kamelyalar, Macerapark, Engelsiz park, piknik ve barbek\u00fc alanlar\u0131, kapal\u0131 kolayl\u0131k tesisleri, nostaljik k\u00f6pr\u00fc, zipline, \u00e7ocuk oyun guruplar\u0131, endemik meyve \u00fcretim merkezi, Park ve Bah\u00e7eler M\u00fcd\u00fcrl\u00fc\u011f\u00fc \u00e7i\u00e7ek ve s\u00fcs bitkisi yeti\u015ftirme alanlar\u0131 yap\u0131lacak. Zile Belediyesi ekipleri alanda yabanc\u0131 bitki, b\u00fck, kuru a\u011fa\u00e7 temizleme cal\u0131\u015fmalar\u0131 yap\u0131yor.<\/div>\n<\/div>\n<div dir=\"auto\"><img loading=\"lazy\" decoding=\"async\" class=\"alignnone wp-image-6393\" src=\"http:\/\/site.zile.bel.tr\/wp-content\/uploads\/2023\/10\/386737352_355474670193622_4037527728919763583_n-300x225.jpg\" alt=\"\" width=\"800\" height=\"600\" srcset=\"http:\/\/site.zile.bel.tr\/wp-content\/uploads\/2023\/10\/386737352_355474670193622_4037527728919763583_n-300x225.jpg 300w, http:\/\/site.zile.bel.tr\/wp-content\/uploads\/2023\/10\/386737352_355474670193622_4037527728919763583_n-1024x768.jpg 1024w, http:\/\/site.zile.bel.tr\/wp-content\/uploads\/2023\/10\/386737352_355474670193622_4037527728919763583_n-768x576.jpg 768w, http:\/\/site.zile.bel.tr\/wp-content\/uploads\/2023\/10\/386737352_355474670193622_4037527728919763583_n.jpg 1199w\" sizes=\"auto, (max-width: 800px) 100vw, 800px\" \/><\/div>\n<div class=\"x11i5rnm xat24cr x1mh8g0r x1vvkbs xtlvy1s x126k92a\">\n<div dir=\"auto\"><\/div>\n<div dir=\"auto\">Zile Belediye Ba\u015fkan\u0131 \u015e\u00fckr\u00fc Sarg\u0131n b\u00f6lgenin en g\u00fczel ve prestijli park\u0131n\u0131 yapacaklar\u0131n\u0131 ifade ederek &#8220;Esvap\u00e7ay\u0131 olduk\u00e7a sulak ve mikro klima etkisi olan verimli bir b\u00f6lge. \u00dcstelik bu alanda t\u00fcm Zile&#8217;lilerin an\u0131lar\u0131 var. Kent Park\u0131m\u0131z\u0131n tamamlanmas\u0131 ile buray\u0131 bir cazibe merkezi haline getirece\u011fiz. \u00c7al\u0131\u015fmalar\u0131m\u0131z\u0131 ba\u015flatt\u0131k. Zile&#8217;mize hay\u0131rl\u0131 olsun&#8221; dedi<\/div>\n<div dir=\"auto\"><\/div>\n<\/div>\n<div class=\"x11i5rnm xat24cr x1mh8g0r x1vvkbs xtlvy1s x126k92a\">\n<div dir=\"auto\">Esvap \u00c7ay\u0131 Kent Park\u0131n yap\u0131lmas\u0131 ile \u00e7evre il ve il\u00e7elerden de \u00e7ok say\u0131da ziyaret\u00e7inin gelmesi hedefleniyor.<\/div>\n<div dir=\"auto\">\n\n\t\t<style type=\"text\/css\">\n\t\t\t#gallery-1 {\n\t\t\t\tmargin: auto;\n\t\t\t}\n\t\t\t#gallery-1 .gallery-item {\n\t\t\t\tfloat: left;\n\t\t\t\tmargin-top: 10px;\n\t\t\t\ttext-align: center;\n\t\t\t\twidth: 33%;\n\t\t\t}\n\t\t\t#gallery-1 img {\n\t\t\t\tborder: 2px solid #cfcfcf;\n\t\t\t}\n\t\t\t#gallery-1 .gallery-caption {\n\t\t\t\tmargin-left: 0;\n\t\t\t}\n\t\t\t\/* see gallery_shortcode() in wp-includes\/media.php *\/\n\t\t<\/style>\n\t\t<div id='gallery-1' class='gallery galleryid-6389 gallery-columns-3 gallery-size-thumbnail'><dl class='gallery-item'>\n\t\t\t<dt class='gallery-icon landscape'>\n\t\t\t\t<a href='http:\/\/site.zile.bel.tr\/wp-content\/uploads\/2023\/10\/386491137_355474426860313_5251731523398194626_n.jpg'><img loading=\"lazy\" decoding=\"async\" width=\"150\" height=\"150\" src=\"http:\/\/site.zile.bel.tr\/wp-content\/uploads\/2023\/10\/386491137_355474426860313_5251731523398194626_n-150x150.jpg\" class=\"attachment-thumbnail size-thumbnail\" alt=\"\" \/><\/a>\n\t\t\t<\/dt><\/dl><dl class='gallery-item'>\n\t\t\t<dt class='gallery-icon landscape'>\n\t\t\t\t<a href='http:\/\/site.zile.bel.tr\/wp-content\/uploads\/2023\/10\/386642185_355474290193660_6988010818826818047_n.jpg'><img loading=\"lazy\" decoding=\"async\" width=\"150\" height=\"150\" src=\"http:\/\/site.zile.bel.tr\/wp-content\/uploads\/2023\/10\/386642185_355474290193660_6988010818826818047_n-150x150.jpg\" class=\"attachment-thumbnail size-thumbnail\" alt=\"\" \/><\/a>\n\t\t\t<\/dt><\/dl><dl class='gallery-item'>\n\t\t\t<dt class='gallery-icon landscape'>\n\t\t\t\t<a href='http:\/\/site.zile.bel.tr\/wp-content\/uploads\/2023\/10\/386724490_355474396860316_3657119719750161021_n.jpg'><img loading=\"lazy\" decoding=\"async\" width=\"150\" height=\"150\" src=\"http:\/\/site.zile.bel.tr\/wp-content\/uploads\/2023\/10\/386724490_355474396860316_3657119719750161021_n-150x150.jpg\" class=\"attachment-thumbnail size-thumbnail\" alt=\"\" \/><\/a>\n\t\t\t<\/dt><\/dl><br style=\"clear: both\" \/><dl class='gallery-item'>\n\t\t\t<dt class='gallery-icon landscape'>\n\t\t\t\t<a href='http:\/\/site.zile.bel.tr\/wp-content\/uploads\/2023\/10\/386737352_355474670193622_4037527728919763583_n.jpg'><img loading=\"lazy\" decoding=\"async\" width=\"150\" height=\"150\" src=\"http:\/\/site.zile.bel.tr\/wp-content\/uploads\/2023\/10\/386737352_355474670193622_4037527728919763583_n-150x150.jpg\" class=\"attachment-thumbnail size-thumbnail\" alt=\"\" \/><\/a>\n\t\t\t<\/dt><\/dl><dl class='gallery-item'>\n\t\t\t<dt class='gallery-icon landscape'>\n\t\t\t\t<a href='http:\/\/site.zile.bel.tr\/wp-content\/uploads\/2023\/10\/386744791_355474483526974_3984601862455735112_n.jpg'><img loading=\"lazy\" decoding=\"async\" width=\"150\" height=\"150\" src=\"http:\/\/site.zile.bel.tr\/wp-content\/uploads\/2023\/10\/386744791_355474483526974_3984601862455735112_n-150x150.jpg\" class=\"attachment-thumbnail size-thumbnail\" alt=\"\" \/><\/a>\n\t\t\t<\/dt><\/dl><dl class='gallery-item'>\n\t\t\t<dt class='gallery-icon landscape'>\n\t\t\t\t<a href='http:\/\/site.zile.bel.tr\/wp-content\/uploads\/2023\/10\/387143723_355474546860301_9104430605651626568_n.jpg'><img loading=\"lazy\" decoding=\"async\" width=\"150\" height=\"150\" src=\"http:\/\/site.zile.bel.tr\/wp-content\/uploads\/2023\/10\/387143723_355474546860301_9104430605651626568_n-150x150.jpg\" class=\"attachment-thumbnail size-thumbnail\" alt=\"\" \/><\/a>\n\t\t\t<\/dt><\/dl><br style=\"clear: both\" \/><dl class='gallery-item'>\n\t\t\t<dt class='gallery-icon landscape'>\n\t\t\t\t<a href='http:\/\/site.zile.bel.tr\/wp-content\/uploads\/2023\/10\/387764528_355473776860378_5097182170795182643_n.jpg'><img loading=\"lazy\" decoding=\"async\" width=\"150\" height=\"150\" src=\"http:\/\/site.zile.bel.tr\/wp-content\/uploads\/2023\/10\/387764528_355473776860378_5097182170795182643_n-150x150.jpg\" class=\"attachment-thumbnail size-thumbnail\" alt=\"\" \/><\/a>\n\t\t\t<\/dt><\/dl><dl class='gallery-item'>\n\t\t\t<dt class='gallery-icon landscape'>\n\t\t\t\t<a href='http:\/\/site.zile.bel.tr\/wp-content\/uploads\/2023\/10\/387768610_355473820193707_256486257825746230_n.jpg'><img loading=\"lazy\" decoding=\"async\" width=\"150\" height=\"150\" src=\"http:\/\/site.zile.bel.tr\/wp-content\/uploads\/2023\/10\/387768610_355473820193707_256486257825746230_n-150x150.jpg\" class=\"attachment-thumbnail size-thumbnail\" alt=\"\" \/><\/a>\n\t\t\t<\/dt><\/dl><dl class='gallery-item'>\n\t\t\t<dt class='gallery-icon landscape'>\n\t\t\t\t<a href='http:\/\/site.zile.bel.tr\/wp-content\/uploads\/2023\/10\/387793962_355474446860311_8198487321461422048_n.jpg'><img loading=\"lazy\" decoding=\"async\" width=\"150\" height=\"150\" src=\"http:\/\/site.zile.bel.tr\/wp-content\/uploads\/2023\/10\/387793962_355474446860311_8198487321461422048_n-150x150.jpg\" class=\"attachment-thumbnail size-thumbnail\" alt=\"\" \/><\/a>\n\t\t\t<\/dt><\/dl><br style=\"clear: both\" \/>\n\t\t<\/div>\n\n<\/div>\n<\/div>\n","protected":false},"excerpt":{"rendered":"<p>ESVAP \u00c7AYI KENTPARK Y\u0131ld\u0131ztepe yolu \u00fczerinde \u015fehir merkezine 2km mesafede bulunan Tarihi Esvap \u00c7ay\u0131 mesire alan\u0131nda Kentpark \u00e7al\u0131\u015fmalar\u0131na start verildi. Belediyemiz m\u00fclkiyetinde olan 52.000m2 Esvap\u00e7ay\u0131 piknik alan\u0131 uzun zamand\u0131r at\u0131l durumda idi. Belediyemizce yeniden d\u00fczenlenecek olan Esvap \u00c7ay\u0131nda yakla\u015f\u0131k 1000m2 l\u0131k bio g\u00f6let, kamelyalar, Macerapark, Engelsiz park, piknik ve barbek\u00fc alanlar\u0131, kapal\u0131 kolayl\u0131k tesisleri, nostaljik [&hellip;]<\/p>\n","protected":false},"author":1,"featured_media":6396,"comment_status":"open","ping_status":"open","sticky":false,"template":"","format":"standard","meta":{"footnotes":""},"categories":[9,11,10],"tags":[],"class_list":["post-6389","post","type-post","status-publish","format-standard","has-post-thumbnail","hentry","category-devam-eden-projeler","category-haberler","category-planlanan-projeler"],"_links":{"self":[{"href":"http:\/\/site.zile.bel.tr\/index.php\/wp-json\/wp\/v2\/posts\/6389","targetHints":{"allow":["GET"]}}],"collection":[{"href":"http:\/\/site.zile.bel.tr\/index.php\/wp-json\/wp\/v2\/posts"}],"about":[{"href":"http:\/\/site.zile.bel.tr\/index.php\/wp-json\/wp\/v2\/types\/post"}],"author":[{"embeddable":true,"href":"http:\/\/site.zile.bel.tr\/index.php\/wp-json\/wp\/v2\/users\/1"}],"replies":[{"embeddable":true,"href":"http:\/\/site.zile.bel.tr\/index.php\/wp-json\/wp\/v2\/comments?post=6389"}],"version-history":[{"count":1,"href":"http:\/\/site.zile.bel.tr\/index.php\/wp-json\/wp\/v2\/posts\/6389\/revisions"}],"predecessor-version":[{"id":6399,"href":"http:\/\/site.zile.bel.tr\/index.php\/wp-json\/wp\/v2\/posts\/6389\/revisions\/6399"}],"wp:featuredmedia":[{"embeddable":true,"href":"http:\/\/site.zile.bel.tr\/index.php\/wp-json\/wp\/v2\/media\/6396"}],"wp:attachment":[{"href":"http:\/\/site.zile.bel.tr\/index.php\/wp-json\/wp\/v2\/media?parent=6389"}],"wp:term":[{"taxonomy":"category","embeddable":true,"href":"http:\/\/site.zile.bel.tr\/index.php\/wp-json\/wp\/v2\/categories?post=6389"},{"taxonomy":"post_tag","embeddable":true,"href":"http:\/\/site.zile.bel.tr\/index.php\/wp-json\/wp\/v2\/tags?post=6389"}],"curies":[{"name":"wp","href":"https:\/\/api.w.org\/{rel}","templated":true}]}}