{"id":6409,"date":"2023-10-18T09:13:00","date_gmt":"2023-10-18T06:13:00","guid":{"rendered":"https:\/\/site.zile.bel.tr\/?p=6409"},"modified":"2023-10-18T09:14:05","modified_gmt":"2023-10-18T06:14:05","slug":"vali-hatipoglu-tarihi-zile-panayirini-gezdi","status":"publish","type":"post","link":"http:\/\/site.zile.bel.tr\/index.php\/2023\/10\/18\/vali-hatipoglu-tarihi-zile-panayirini-gezdi\/","title":{"rendered":"Vali Hatipo\u011flu Tarihi Zile Panay\u0131r\u0131n\u0131 Gezdi"},"content":{"rendered":"<div class=\"xdj266r x11i5rnm xat24cr x1mh8g0r x1vvkbs x126k92a\">\n<div dir=\"auto\">Vali Hatipo\u011flu Tarihi Zile Panay\u0131r\u0131n\u0131 Gezdi<\/div>\n<\/div>\n<div dir=\"auto\"><img loading=\"lazy\" decoding=\"async\" class=\"alignnone wp-image-6410\" src=\"http:\/\/site.zile.bel.tr\/wp-content\/uploads\/2023\/10\/393431357_360595723014850_2533192165549939835_n-300x200.jpg\" alt=\"\" width=\"800\" height=\"533\" srcset=\"http:\/\/site.zile.bel.tr\/wp-content\/uploads\/2023\/10\/393431357_360595723014850_2533192165549939835_n-300x200.jpg 300w, http:\/\/site.zile.bel.tr\/wp-content\/uploads\/2023\/10\/393431357_360595723014850_2533192165549939835_n-1024x682.jpg 1024w, http:\/\/site.zile.bel.tr\/wp-content\/uploads\/2023\/10\/393431357_360595723014850_2533192165549939835_n-768x512.jpg 768w, http:\/\/site.zile.bel.tr\/wp-content\/uploads\/2023\/10\/393431357_360595723014850_2533192165549939835_n-1536x1023.jpg 1536w, http:\/\/site.zile.bel.tr\/wp-content\/uploads\/2023\/10\/393431357_360595723014850_2533192165549939835_n.jpg 1600w\" sizes=\"auto, (max-width: 800px) 100vw, 800px\" \/><\/div>\n<div class=\"xdj266r x11i5rnm xat24cr x1mh8g0r x1vvkbs x126k92a\">\n<div dir=\"auto\"><\/div>\n<\/div>\n<div class=\"x11i5rnm xat24cr x1mh8g0r x1vvkbs xtlvy1s x126k92a\">\n<div dir=\"auto\">Anadolu&#8217;nun en eski panay\u0131r\u0131 \u00f6zelli\u011fini ta\u015f\u0131yan Tarihi Zile Panay\u0131r\u0131 bug\u00fcn Tokat Valisi Numan Hatipo\u011flu\u2019nu a\u011f\u0131rlad\u0131.<\/div>\n<div dir=\"auto\"><img loading=\"lazy\" decoding=\"async\" class=\"alignnone wp-image-6411\" src=\"http:\/\/site.zile.bel.tr\/wp-content\/uploads\/2023\/10\/393342889_360596303014792_8459746493932788042_n-300x200.jpg\" alt=\"\" width=\"800\" height=\"533\" srcset=\"http:\/\/site.zile.bel.tr\/wp-content\/uploads\/2023\/10\/393342889_360596303014792_8459746493932788042_n-300x200.jpg 300w, http:\/\/site.zile.bel.tr\/wp-content\/uploads\/2023\/10\/393342889_360596303014792_8459746493932788042_n-1024x682.jpg 1024w, http:\/\/site.zile.bel.tr\/wp-content\/uploads\/2023\/10\/393342889_360596303014792_8459746493932788042_n-768x512.jpg 768w, http:\/\/site.zile.bel.tr\/wp-content\/uploads\/2023\/10\/393342889_360596303014792_8459746493932788042_n-1536x1023.jpg 1536w, http:\/\/site.zile.bel.tr\/wp-content\/uploads\/2023\/10\/393342889_360596303014792_8459746493932788042_n.jpg 1600w\" sizes=\"auto, (max-width: 800px) 100vw, 800px\" \/><\/div>\n<div dir=\"auto\"><\/div>\n<\/div>\n<div class=\"x11i5rnm xat24cr x1mh8g0r x1vvkbs xtlvy1s x126k92a\">\n<div dir=\"auto\">Vali Hatipo\u011flu Zile Panay\u0131r\u0131n\u0131 gezerek esnaf ve vatanda\u015flarla sohbet etti. Panay\u0131r gezisine, Zile Kaymakam\u0131 Mehmet Ali Aky\u00fcz ve Zile Belediye Ba\u015fkan\u0131 \u015e\u00fckr\u00fc Sarg\u0131n e\u015flik ettiler.<\/div>\n<\/div>\n<div class=\"x11i5rnm xat24cr x1mh8g0r x1vvkbs xtlvy1s x126k92a\">\n<div dir=\"auto\">Panay\u0131r ziyaretinde vatanda\u015flar ve esnaf, Vali Numan Hatipo\u011flu\u2019nun ziyaretlerinden memnuniyetlerini ifade ettiler.<\/div>\n<div dir=\"auto\"><img loading=\"lazy\" decoding=\"async\" class=\"alignnone wp-image-6412\" src=\"http:\/\/site.zile.bel.tr\/wp-content\/uploads\/2023\/10\/393347308_360595889681500_7628299951457555577_n-300x200.jpg\" alt=\"\" width=\"800\" height=\"533\" srcset=\"http:\/\/site.zile.bel.tr\/wp-content\/uploads\/2023\/10\/393347308_360595889681500_7628299951457555577_n-300x200.jpg 300w, http:\/\/site.zile.bel.tr\/wp-content\/uploads\/2023\/10\/393347308_360595889681500_7628299951457555577_n-1024x682.jpg 1024w, http:\/\/site.zile.bel.tr\/wp-content\/uploads\/2023\/10\/393347308_360595889681500_7628299951457555577_n-768x512.jpg 768w, http:\/\/site.zile.bel.tr\/wp-content\/uploads\/2023\/10\/393347308_360595889681500_7628299951457555577_n-1536x1023.jpg 1536w, http:\/\/site.zile.bel.tr\/wp-content\/uploads\/2023\/10\/393347308_360595889681500_7628299951457555577_n.jpg 1600w\" sizes=\"auto, (max-width: 800px) 100vw, 800px\" \/><\/div>\n<div dir=\"auto\"><\/div>\n<\/div>\n<div class=\"x11i5rnm xat24cr x1mh8g0r x1vvkbs xtlvy1s x126k92a\">\n<div dir=\"auto\">Belediye Ba\u015fkan\u0131 \u015e\u00fckr\u00fc Sarg\u0131n, Vali Hatipo\u011flu&#8217;na Zile Panay\u0131r\u0131n\u0131n tarihsel s\u00fcrecini anlatarak Zile Panay\u0131r\u0131n\u0131n sadece Zile i\u00e7in de\u011fil \u00e7evre il ve il\u00e7elerin \u00f6nemini belirtti. Ba\u015fkan Sarg\u0131n, 22 Ekimde yap\u0131lacak olan Geleneksel Karakucak G\u00fcre\u015flerine vali Hatipo\u011flu&#8217;nu davet etti.<\/div>\n<div dir=\"auto\"><img loading=\"lazy\" decoding=\"async\" class=\"alignnone wp-image-6413\" src=\"http:\/\/site.zile.bel.tr\/wp-content\/uploads\/2023\/10\/393301302_360596336348122_3503692864045106036_n-300x200.jpg\" alt=\"\" width=\"800\" height=\"533\" srcset=\"http:\/\/site.zile.bel.tr\/wp-content\/uploads\/2023\/10\/393301302_360596336348122_3503692864045106036_n-300x200.jpg 300w, http:\/\/site.zile.bel.tr\/wp-content\/uploads\/2023\/10\/393301302_360596336348122_3503692864045106036_n-1024x682.jpg 1024w, http:\/\/site.zile.bel.tr\/wp-content\/uploads\/2023\/10\/393301302_360596336348122_3503692864045106036_n-768x512.jpg 768w, http:\/\/site.zile.bel.tr\/wp-content\/uploads\/2023\/10\/393301302_360596336348122_3503692864045106036_n-1536x1023.jpg 1536w, http:\/\/site.zile.bel.tr\/wp-content\/uploads\/2023\/10\/393301302_360596336348122_3503692864045106036_n.jpg 1600w\" sizes=\"auto, (max-width: 800px) 100vw, 800px\" \/><\/div>\n<div dir=\"auto\"><\/div>\n<\/div>\n<div class=\"x11i5rnm xat24cr x1mh8g0r x1vvkbs xtlvy1s x126k92a\">\n<div dir=\"auto\">Tokat&#8217; Valisi Numan Hatipo\u011flu da &#8220;Bin y\u0131ll\u0131k bir tarihi olan bu panay\u0131ra Zilelilerin sahip \u00e7\u0131kmas\u0131n\u0131n \u00f6nemli oldu\u011funu belirterek&#8221; Bu t\u00fcr de\u011ferlerin ya\u015fat\u0131lmas\u0131 ger\u00e7ekten \u00e7ok \u00f6nemli. Zile kadim bir il\u00e7emiz. K\u00fclt\u00fcrel ve tarihi zenginliklerini koruyarak ya\u015fat\u0131yorlar&#8221; dedi.<\/div>\n<\/div>\n<div class=\"x11i5rnm xat24cr x1mh8g0r x1vvkbs xtlvy1s x126k92a\">\n<div dir=\"auto\">Hatipo\u011flu t\u00fcm esnaf\u0131 tek tek gezerek hat\u0131rlar\u0131n\u0131 sordu.<\/div>\n<\/div>\n<div dir=\"auto\"><img loading=\"lazy\" decoding=\"async\" class=\"alignnone wp-image-6416\" src=\"http:\/\/site.zile.bel.tr\/wp-content\/uploads\/2023\/10\/393296528_360596259681463_6441837643296542118_n-300x200.jpg\" alt=\"\" width=\"800\" height=\"533\" srcset=\"http:\/\/site.zile.bel.tr\/wp-content\/uploads\/2023\/10\/393296528_360596259681463_6441837643296542118_n-300x200.jpg 300w, http:\/\/site.zile.bel.tr\/wp-content\/uploads\/2023\/10\/393296528_360596259681463_6441837643296542118_n-1024x682.jpg 1024w, http:\/\/site.zile.bel.tr\/wp-content\/uploads\/2023\/10\/393296528_360596259681463_6441837643296542118_n-768x512.jpg 768w, http:\/\/site.zile.bel.tr\/wp-content\/uploads\/2023\/10\/393296528_360596259681463_6441837643296542118_n-1536x1023.jpg 1536w, http:\/\/site.zile.bel.tr\/wp-content\/uploads\/2023\/10\/393296528_360596259681463_6441837643296542118_n.jpg 1600w\" sizes=\"auto, (max-width: 800px) 100vw, 800px\" \/><\/div>\n<div dir=\"auto\"><img loading=\"lazy\" decoding=\"async\" class=\"alignnone wp-image-6414\" src=\"http:\/\/site.zile.bel.tr\/wp-content\/uploads\/2023\/10\/393351351_360596246348131_1778708281872999491_n-300x200.jpg\" alt=\"\" width=\"800\" height=\"533\" srcset=\"http:\/\/site.zile.bel.tr\/wp-content\/uploads\/2023\/10\/393351351_360596246348131_1778708281872999491_n-300x200.jpg 300w, http:\/\/site.zile.bel.tr\/wp-content\/uploads\/2023\/10\/393351351_360596246348131_1778708281872999491_n-1024x682.jpg 1024w, http:\/\/site.zile.bel.tr\/wp-content\/uploads\/2023\/10\/393351351_360596246348131_1778708281872999491_n-768x512.jpg 768w, http:\/\/site.zile.bel.tr\/wp-content\/uploads\/2023\/10\/393351351_360596246348131_1778708281872999491_n-1536x1023.jpg 1536w, http:\/\/site.zile.bel.tr\/wp-content\/uploads\/2023\/10\/393351351_360596246348131_1778708281872999491_n.jpg 1600w\" sizes=\"auto, (max-width: 800px) 100vw, 800px\" \/><\/div>\n","protected":false},"excerpt":{"rendered":"<p>Vali Hatipo\u011flu Tarihi Zile Panay\u0131r\u0131n\u0131 Gezdi Anadolu&#8217;nun en eski panay\u0131r\u0131 \u00f6zelli\u011fini ta\u015f\u0131yan Tarihi Zile Panay\u0131r\u0131 bug\u00fcn Tokat Valisi Numan Hatipo\u011flu\u2019nu a\u011f\u0131rlad\u0131. Vali Hatipo\u011flu Zile Panay\u0131r\u0131n\u0131 gezerek esnaf ve vatanda\u015flarla sohbet etti. Panay\u0131r gezisine, Zile Kaymakam\u0131 Mehmet Ali Aky\u00fcz ve Zile Belediye Ba\u015fkan\u0131 \u015e\u00fckr\u00fc Sarg\u0131n e\u015flik ettiler. Panay\u0131r ziyaretinde vatanda\u015flar ve esnaf, Vali Numan Hatipo\u011flu\u2019nun ziyaretlerinden [&hellip;]<\/p>\n","protected":false},"author":1,"featured_media":6410,"comment_status":"open","ping_status":"open","sticky":false,"template":"","format":"standard","meta":{"footnotes":""},"categories":[11],"tags":[],"class_list":["post-6409","post","type-post","status-publish","format-standard","has-post-thumbnail","hentry","category-haberler"],"_links":{"self":[{"href":"http:\/\/site.zile.bel.tr\/index.php\/wp-json\/wp\/v2\/posts\/6409","targetHints":{"allow":["GET"]}}],"collection":[{"href":"http:\/\/site.zile.bel.tr\/index.php\/wp-json\/wp\/v2\/posts"}],"about":[{"href":"http:\/\/site.zile.bel.tr\/index.php\/wp-json\/wp\/v2\/types\/post"}],"author":[{"embeddable":true,"href":"http:\/\/site.zile.bel.tr\/index.php\/wp-json\/wp\/v2\/users\/1"}],"replies":[{"embeddable":true,"href":"http:\/\/site.zile.bel.tr\/index.php\/wp-json\/wp\/v2\/comments?post=6409"}],"version-history":[{"count":3,"href":"http:\/\/site.zile.bel.tr\/index.php\/wp-json\/wp\/v2\/posts\/6409\/revisions"}],"predecessor-version":[{"id":6418,"href":"http:\/\/site.zile.bel.tr\/index.php\/wp-json\/wp\/v2\/posts\/6409\/revisions\/6418"}],"wp:featuredmedia":[{"embeddable":true,"href":"http:\/\/site.zile.bel.tr\/index.php\/wp-json\/wp\/v2\/media\/6410"}],"wp:attachment":[{"href":"http:\/\/site.zile.bel.tr\/index.php\/wp-json\/wp\/v2\/media?parent=6409"}],"wp:term":[{"taxonomy":"category","embeddable":true,"href":"http:\/\/site.zile.bel.tr\/index.php\/wp-json\/wp\/v2\/categories?post=6409"},{"taxonomy":"post_tag","embeddable":true,"href":"http:\/\/site.zile.bel.tr\/index.php\/wp-json\/wp\/v2\/tags?post=6409"}],"curies":[{"name":"wp","href":"https:\/\/api.w.org\/{rel}","templated":true}]}}