{"id":6425,"date":"2023-10-20T11:44:00","date_gmt":"2023-10-20T08:44:00","guid":{"rendered":"https:\/\/site.zile.bel.tr\/?p=6425"},"modified":"2024-01-24T13:28:36","modified_gmt":"2024-01-24T10:28:36","slug":"dis-kaynak-degil-ic-kaynak-kullaniyoruz","status":"publish","type":"post","link":"http:\/\/site.zile.bel.tr\/index.php\/2023\/10\/20\/dis-kaynak-degil-ic-kaynak-kullaniyoruz\/","title":{"rendered":"D\u0131\u015f Kaynak de\u011fil, i\u00e7 kaynak kullan\u0131yoruz"},"content":{"rendered":"<p><strong>D\u0131\u015f Kaynak de\u011fil, i\u00e7 kaynak kullan\u0131yoruz<\/strong><\/p>\n<p><img loading=\"lazy\" decoding=\"async\" class=\"alignnone wp-image-6426\" src=\"http:\/\/site.zile.bel.tr\/wp-content\/uploads\/2023\/10\/394042330_362331216174634_8974396076890815740_n-255x300.jpg\" alt=\"\" width=\"800\" height=\"939\" srcset=\"http:\/\/site.zile.bel.tr\/wp-content\/uploads\/2023\/10\/394042330_362331216174634_8974396076890815740_n-255x300.jpg 255w, http:\/\/site.zile.bel.tr\/wp-content\/uploads\/2023\/10\/394042330_362331216174634_8974396076890815740_n-872x1024.jpg 872w, http:\/\/site.zile.bel.tr\/wp-content\/uploads\/2023\/10\/394042330_362331216174634_8974396076890815740_n-768x902.jpg 768w, http:\/\/site.zile.bel.tr\/wp-content\/uploads\/2023\/10\/394042330_362331216174634_8974396076890815740_n-1308x1536.jpg 1308w, http:\/\/site.zile.bel.tr\/wp-content\/uploads\/2023\/10\/394042330_362331216174634_8974396076890815740_n.jpg 1744w\" sizes=\"auto, (max-width: 800px) 100vw, 800px\" \/><\/p>\n<p>Zile Belediye Ba\u015fkan\u0131 \u015e\u00fckr\u00fc Sarg\u0131n, belediyenin ihtiya\u00e7 duydu\u011fu ve kendi d\u00f6nemlerine kadar d\u0131\u015fardan y\u00fcksek bedeller \u00f6denerek temin edilen hizmetleri kurum i\u00e7inde ve teknolojik d\u00fczeyde \u00fcreterek, bu yolla tasarruf sa\u011flad\u0131klar\u0131n\u0131 belirtti.<\/p>\n<p>Ba\u015fkan Sarg\u0131n bu yolla belediye giderlerini azaltarak, belediyenin bor\u00e7lanmas\u0131n\u0131 \u00f6nlediklerini ve belediyenin finansal s\u00fcrd\u00fcr\u00fclebilirli\u011fini sa\u011flad\u0131klar\u0131n\u0131 kaydetti.<\/p>\n<p><img loading=\"lazy\" decoding=\"async\" class=\"alignnone wp-image-6427\" src=\"http:\/\/site.zile.bel.tr\/wp-content\/uploads\/2023\/10\/8-2-300x270.jpg\" alt=\"\" width=\"800\" height=\"719\" srcset=\"http:\/\/site.zile.bel.tr\/wp-content\/uploads\/2023\/10\/8-2-300x270.jpg 300w, http:\/\/site.zile.bel.tr\/wp-content\/uploads\/2023\/10\/8-2-1024x921.jpg 1024w, http:\/\/site.zile.bel.tr\/wp-content\/uploads\/2023\/10\/8-2-768x690.jpg 768w, http:\/\/site.zile.bel.tr\/wp-content\/uploads\/2023\/10\/8-2.jpg 1080w\" sizes=\"auto, (max-width: 800px) 100vw, 800px\" \/><\/p>\n<p><strong>B\u00f6lgede bir ilki ger\u00e7ekle\u015ftirdik <\/strong><\/p>\n<p>Ba\u015fkan Sarg\u0131n kurumun teknoloji ve yaz\u0131l\u0131m alt yap\u0131s\u0131n\u0131 g\u00fc\u00e7lendirdiklerine vurgu yaparak, \u201cBu konularda d\u0131\u015f kaynak kullan\u0131m\u0131n\u0131n \u00f6n\u00fcne ge\u00e7ip, finansal yap\u0131s\u0131 g\u00fc\u00e7l\u00fc bir belediye olu\u015fturduk. Bu yolla yap\u0131lan tasarruflar\u0131, Zileli hem\u015ferilerimizin ihtiya\u00e7 duydu\u011fu hizmet \u00fcretiminde kullanmay\u0131 ve bunu Zile\u2019nin yararlanaca\u011f\u0131 \u015fekilde s\u00fcrd\u00fcr\u00fclebilir k\u0131lmay\u0131 ama\u00e7lad\u0131k.\u00a0 \u00d6rne\u011fin; <strong>Otob\u00fcslerimizde kullan\u0131lan halk kartlar\u0131 her y\u0131l d\u0131\u015far\u0131dan hizmet olarak sat\u0131n al\u0131yorduk. Bunun i\u00e7in de hat\u0131r\u0131 say\u0131l\u0131r para \u00f6d\u00fcyorduk. Art\u0131k hem halk kartlar\u0131n\u0131, hem de cihaz\u0131n\u0131 ve yaz\u0131l\u0131m\u0131n\u0131 kendimiz \u00fcrettik. Bu konuda da b\u00f6lgede bir ilki ger\u00e7ekle\u015ftirdik. <u>Bu yolla \u00f6nemli tutarda tasarruf sa\u011flad\u0131k<\/u>. Zile\u2019yi gelece\u011fe ta\u015f\u0131maya devam ediyoruz<\/strong>\u201d dedi.<\/p>\n<p>Uygulamaya ald\u0131klar\u0131 bu projenin hedefinin, belediyenin d\u0131\u015f sat\u0131n alma yoluyla elde etti\u011fi kamusal hizmetlerden m\u00fcmk\u00fcn olanlar\u0131n\u0131 belediye b\u00fcnyesinde \u00fcreterek tasarruf etmek oldu\u011funu s\u00f6yleyen Ba\u015fkan Sarg\u0131n s\u00f6zlerini \u015f\u00f6yle s\u00fcrd\u00fcrd\u00fc.<\/p>\n<p><img loading=\"lazy\" decoding=\"async\" class=\"alignnone wp-image-6428\" src=\"http:\/\/site.zile.bel.tr\/wp-content\/uploads\/2023\/10\/3-7-300x200.jpg\" alt=\"\" width=\"800\" height=\"533\" srcset=\"http:\/\/site.zile.bel.tr\/wp-content\/uploads\/2023\/10\/3-7-300x200.jpg 300w, http:\/\/site.zile.bel.tr\/wp-content\/uploads\/2023\/10\/3-7-1024x682.jpg 1024w, http:\/\/site.zile.bel.tr\/wp-content\/uploads\/2023\/10\/3-7-768x512.jpg 768w, http:\/\/site.zile.bel.tr\/wp-content\/uploads\/2023\/10\/3-7-1536x1023.jpg 1536w, http:\/\/site.zile.bel.tr\/wp-content\/uploads\/2023\/10\/3-7.jpg 1600w\" sizes=\"auto, (max-width: 800px) 100vw, 800px\" \/><\/p>\n<p><strong>Halk Kart Cihaz\u0131 ve Yaz\u0131l\u0131m\u0131<\/strong><\/p>\n<p>\u201cB\u00f6ylelikle hem kurumun teknolojik kapasitesini ve becerilerini art\u0131rd\u0131k, hem de kurumu y\u00fcksek maliyetli d\u0131\u015f sat\u0131m al\u0131mlardan koruyarak, pahal\u0131 ekonomik i\u015f modellerini ve e\u011filimlerini kurumun ve toplumun yarar\u0131na y\u00f6nettik. Toplu ula\u015f\u0131mda kullan\u0131lan ve daha \u00f6nce \u00f6zel sekt\u00f6rden al\u0131nan ve her y\u0131l y\u00fcksek \u00fccretler \u00f6denen \u2018Halk Kart Cihaz\u0131 ve Yaz\u0131l\u0131m\u0131\u2019 belediyemiz b\u00fcnyesinde \u00fcretilerek, y\u0131ll\u0131k 1.000.000.-TL tasarruf sa\u011flad\u0131k.\u201d<\/p>\n<p><img loading=\"lazy\" decoding=\"async\" class=\"alignnone wp-image-6429\" src=\"http:\/\/site.zile.bel.tr\/wp-content\/uploads\/2023\/10\/1-kopya-225x300.jpg\" alt=\"\" width=\"800\" height=\"1067\" srcset=\"http:\/\/site.zile.bel.tr\/wp-content\/uploads\/2023\/10\/1-kopya-225x300.jpg 225w, http:\/\/site.zile.bel.tr\/wp-content\/uploads\/2023\/10\/1-kopya-768x1024.jpg 768w, http:\/\/site.zile.bel.tr\/wp-content\/uploads\/2023\/10\/1-kopya-1152x1536.jpg 1152w, http:\/\/site.zile.bel.tr\/wp-content\/uploads\/2023\/10\/1-kopya.jpg 1500w\" sizes=\"auto, (max-width: 800px) 100vw, 800px\" \/><\/p>\n<p><strong>Su Saya\u00e7lar\u0131 \u00d6l\u00e7\u00fcm ve Kalibrasyon \u0130stasyonu<\/strong><\/p>\n<p>\u201cYine bu kapsamda b\u00f6lgede bir ilk olan bakanl\u0131k onayl\u0131 tek Su Saya\u00e7lar\u0131 \u00d6l\u00e7\u00fcm ve Kalibrasyon \u0130stasyonu kurulmu\u015f ve \u00f6nemli tutarda tasarruf sa\u011flanm\u0131\u015ft\u0131r. Elektronik su saya\u00e7lar\u0131 da d\u00e2hil olmak \u00fczere belediyemiz b\u00fcnyesinde onar\u0131larak ekonomik d\u00f6n\u00fc\u015f\u00fcm sa\u011flanmaktad\u0131r. Bu \u00e7al\u0131\u015fmadan y\u0131ll\u0131k 1.5000.000.-TL tasarruf sa\u011flanm\u0131\u015ft\u0131r.\u201d<\/p>\n<p><img loading=\"lazy\" decoding=\"async\" class=\"alignnone wp-image-6430\" src=\"http:\/\/site.zile.bel.tr\/wp-content\/uploads\/2023\/10\/5-5-300x200.jpg\" alt=\"\" width=\"800\" height=\"534\" srcset=\"http:\/\/site.zile.bel.tr\/wp-content\/uploads\/2023\/10\/5-5-300x200.jpg 300w, http:\/\/site.zile.bel.tr\/wp-content\/uploads\/2023\/10\/5-5-1024x683.jpg 1024w, http:\/\/site.zile.bel.tr\/wp-content\/uploads\/2023\/10\/5-5-768x512.jpg 768w, http:\/\/site.zile.bel.tr\/wp-content\/uploads\/2023\/10\/5-5-1536x1024.jpg 1536w, http:\/\/site.zile.bel.tr\/wp-content\/uploads\/2023\/10\/5-5.jpg 1600w\" sizes=\"auto, (max-width: 800px) 100vw, 800px\" \/><\/p>\n<p><strong>Belediyemizi gelece\u011fe ta\u015f\u0131yan projelerimiz devam edecektir<\/strong><\/p>\n<p>Ba\u015fkan Sarg\u0131n \u201cD\u0131\u015f Kaynak De\u011fil \u0130\u00e7 Kaynak Kullan\u201d anlay\u0131\u015f\u0131 ile hareket ettiklerinin alt\u0131n\u0131 \u00e7izerek, \u201c Ses kirlili\u011fini \u00f6nleyen Sesli Anons Sistemi Yaz\u0131l\u0131m\u0131, Halk Masas\u0131 Sistem Yaz\u0131l\u0131m\u0131, Kurumsal \u0130leti\u015fim Sistem Yaz\u0131l\u0131m\u0131 gibi yaz\u0131l\u0131mlar da belediyemiz b\u00fcnyesinde \u00fcretilmi\u015f ve \u00f6nemli tutarlarda tasarruf sa\u011flanm\u0131\u015ft\u0131r. Belediyemizi gelece\u011fe ta\u015f\u0131yan projelerimiz devam edecektir \u201cdedi.<\/p>\n","protected":false},"excerpt":{"rendered":"<p>D\u0131\u015f Kaynak de\u011fil, i\u00e7 kaynak kullan\u0131yoruz Zile Belediye Ba\u015fkan\u0131 \u015e\u00fckr\u00fc Sarg\u0131n, belediyenin ihtiya\u00e7 duydu\u011fu ve kendi d\u00f6nemlerine kadar d\u0131\u015fardan y\u00fcksek bedeller \u00f6denerek temin edilen hizmetleri kurum i\u00e7inde ve teknolojik d\u00fczeyde \u00fcreterek, bu yolla tasarruf sa\u011flad\u0131klar\u0131n\u0131 belirtti. Ba\u015fkan Sarg\u0131n bu yolla belediye giderlerini azaltarak, belediyenin bor\u00e7lanmas\u0131n\u0131 \u00f6nlediklerini ve belediyenin finansal s\u00fcrd\u00fcr\u00fclebilirli\u011fini sa\u011flad\u0131klar\u0131n\u0131 kaydetti. B\u00f6lgede bir ilki [&hellip;]<\/p>\n","protected":false},"author":1,"featured_media":6426,"comment_status":"open","ping_status":"open","sticky":false,"template":"","format":"standard","meta":{"footnotes":""},"categories":[11,8],"tags":[],"class_list":["post-6425","post","type-post","status-publish","format-standard","has-post-thumbnail","hentry","category-haberler","category-tamamlanan-projeler"],"_links":{"self":[{"href":"http:\/\/site.zile.bel.tr\/index.php\/wp-json\/wp\/v2\/posts\/6425","targetHints":{"allow":["GET"]}}],"collection":[{"href":"http:\/\/site.zile.bel.tr\/index.php\/wp-json\/wp\/v2\/posts"}],"about":[{"href":"http:\/\/site.zile.bel.tr\/index.php\/wp-json\/wp\/v2\/types\/post"}],"author":[{"embeddable":true,"href":"http:\/\/site.zile.bel.tr\/index.php\/wp-json\/wp\/v2\/users\/1"}],"replies":[{"embeddable":true,"href":"http:\/\/site.zile.bel.tr\/index.php\/wp-json\/wp\/v2\/comments?post=6425"}],"version-history":[{"count":1,"href":"http:\/\/site.zile.bel.tr\/index.php\/wp-json\/wp\/v2\/posts\/6425\/revisions"}],"predecessor-version":[{"id":6431,"href":"http:\/\/site.zile.bel.tr\/index.php\/wp-json\/wp\/v2\/posts\/6425\/revisions\/6431"}],"wp:featuredmedia":[{"embeddable":true,"href":"http:\/\/site.zile.bel.tr\/index.php\/wp-json\/wp\/v2\/media\/6426"}],"wp:attachment":[{"href":"http:\/\/site.zile.bel.tr\/index.php\/wp-json\/wp\/v2\/media?parent=6425"}],"wp:term":[{"taxonomy":"category","embeddable":true,"href":"http:\/\/site.zile.bel.tr\/index.php\/wp-json\/wp\/v2\/categories?post=6425"},{"taxonomy":"post_tag","embeddable":true,"href":"http:\/\/site.zile.bel.tr\/index.php\/wp-json\/wp\/v2\/tags?post=6425"}],"curies":[{"name":"wp","href":"https:\/\/api.w.org\/{rel}","templated":true}]}}