{"id":6532,"date":"2023-10-30T16:20:39","date_gmt":"2023-10-30T13:20:39","guid":{"rendered":"https:\/\/site.zile.bel.tr\/?p=6532"},"modified":"2023-10-30T16:20:39","modified_gmt":"2023-10-30T13:20:39","slug":"baskan-sargin-siir-okuyarak-cumhuriyeti-kutlayan-koyde-kadinlari-ziyaret-etti","status":"publish","type":"post","link":"http:\/\/site.zile.bel.tr\/index.php\/2023\/10\/30\/baskan-sargin-siir-okuyarak-cumhuriyeti-kutlayan-koyde-kadinlari-ziyaret-etti\/","title":{"rendered":"Ba\u015fkan Sarg\u0131n, \u015eiir Okuyarak Cumhuriyeti Kutlayan K\u00f6yde Kad\u0131nlar\u0131 Ziyaret Etti"},"content":{"rendered":"<div class=\"xdj266r x11i5rnm xat24cr x1mh8g0r x1vvkbs x126k92a\">\n<div dir=\"auto\">Ba\u015fkan Sarg\u0131n, \u015eiir Okuyarak Cumhuriyeti Kutlayan K\u00f6yde Kad\u0131nlar\u0131 Ziyaret Etti<\/div>\n<div dir=\"auto\"><img loading=\"lazy\" decoding=\"async\" class=\"alignnone wp-image-6533\" src=\"http:\/\/site.zile.bel.tr\/wp-content\/uploads\/2023\/10\/2-11-300x200.jpg\" alt=\"\" width=\"800\" height=\"533\" srcset=\"http:\/\/site.zile.bel.tr\/wp-content\/uploads\/2023\/10\/2-11-300x200.jpg 300w, http:\/\/site.zile.bel.tr\/wp-content\/uploads\/2023\/10\/2-11-1024x682.jpg 1024w, http:\/\/site.zile.bel.tr\/wp-content\/uploads\/2023\/10\/2-11-768x512.jpg 768w, http:\/\/site.zile.bel.tr\/wp-content\/uploads\/2023\/10\/2-11-1536x1023.jpg 1536w, http:\/\/site.zile.bel.tr\/wp-content\/uploads\/2023\/10\/2-11.jpg 1600w\" sizes=\"auto, (max-width: 800px) 100vw, 800px\" \/><\/div>\n<div dir=\"auto\"><\/div>\n<\/div>\n<div class=\"x11i5rnm xat24cr x1mh8g0r x1vvkbs xtlvy1s x126k92a\">\n<div dir=\"auto\">Zile il\u00e7esine ba\u011fl\u0131 \u00c7iftlik k\u00f6y\u00fcnde ilk\u00f6\u011fretim okulunda toplanan ya\u015flar\u0131 50 ile 70 aras\u0131nda de\u011fi\u015fen k\u00f6yl\u00fc kad\u0131nlar\u0131, ellerinde T\u00fcrk bayraklar\u0131 ile \u00e7ocukken \u00f6\u011frendikleri \u015fiirleri okuyarak Cumhuriyet&#8217;in 100&#8217;\u00fcnc\u00fc y\u0131l\u0131n\u0131 kutlad\u0131. K\u00f6yl\u00fc kad\u0131nlar\u0131 ziyaret eden Zile Belediye Ba\u015fkan\u0131 \u015e\u00fckr\u00fc Sarg\u0131n, k\u00f6ydeki vatanda\u015flara T\u00fcrk Bayra\u011f\u0131 ve 100. Y\u0131l logolu \u015fapka da\u011f\u0131tarak co\u015fkulu kutlamalar\u0131na ortak oldu.<\/div>\n<div dir=\"auto\"><img loading=\"lazy\" decoding=\"async\" class=\"alignnone wp-image-6534\" src=\"http:\/\/site.zile.bel.tr\/wp-content\/uploads\/2023\/10\/4-10-300x200.jpg\" alt=\"\" width=\"800\" height=\"533\" srcset=\"http:\/\/site.zile.bel.tr\/wp-content\/uploads\/2023\/10\/4-10-300x200.jpg 300w, http:\/\/site.zile.bel.tr\/wp-content\/uploads\/2023\/10\/4-10-1024x682.jpg 1024w, http:\/\/site.zile.bel.tr\/wp-content\/uploads\/2023\/10\/4-10-768x512.jpg 768w, http:\/\/site.zile.bel.tr\/wp-content\/uploads\/2023\/10\/4-10-1536x1023.jpg 1536w, http:\/\/site.zile.bel.tr\/wp-content\/uploads\/2023\/10\/4-10.jpg 1600w\" sizes=\"auto, (max-width: 800px) 100vw, 800px\" \/><\/div>\n<div dir=\"auto\"><\/div>\n<\/div>\n<div class=\"x11i5rnm xat24cr x1mh8g0r x1vvkbs xtlvy1s x126k92a\">\n<div dir=\"auto\">Zile \u0130l\u00e7esine ba\u011fl\u0131 \u00c7iftlik k\u00f6y\u00fcnde kad\u0131nlar, Cumhuriyet&#8217;in 100&#8217;\u00fcnc\u00fc y\u0131l\u0131 dolay\u0131s\u0131yla duygu dolu bir etkinlik d\u00fczenledi. \u0130lk\u00f6\u011fretim okulunun ta\u015f\u0131mal\u0131 e\u011fitime ge\u00e7mesi nedeniyle kapal\u0131 bulunan k\u00f6y okulunun bah\u00e7esinde toplanan kad\u0131nlar, \u00e7ocukken ezberledikleri \u015fiirleri okuyarak Cumhuriyet Bayram\u0131n\u0131 kutlad\u0131. Yanlar\u0131nda torunlar\u0131 da bulunan kad\u0131nlar\u0131n sosyal medyada payla\u015f\u0131lan g\u00f6r\u00fcnt\u00fcleri b\u00fcy\u00fck be\u011feni toplad\u0131.<\/div>\n<div dir=\"auto\"><img loading=\"lazy\" decoding=\"async\" class=\"alignnone wp-image-6535\" src=\"http:\/\/site.zile.bel.tr\/wp-content\/uploads\/2023\/10\/1-12-300x200.jpg\" alt=\"\" width=\"800\" height=\"533\" srcset=\"http:\/\/site.zile.bel.tr\/wp-content\/uploads\/2023\/10\/1-12-300x200.jpg 300w, http:\/\/site.zile.bel.tr\/wp-content\/uploads\/2023\/10\/1-12-1024x682.jpg 1024w, http:\/\/site.zile.bel.tr\/wp-content\/uploads\/2023\/10\/1-12-768x512.jpg 768w, http:\/\/site.zile.bel.tr\/wp-content\/uploads\/2023\/10\/1-12-1536x1023.jpg 1536w, http:\/\/site.zile.bel.tr\/wp-content\/uploads\/2023\/10\/1-12.jpg 1600w\" sizes=\"auto, (max-width: 800px) 100vw, 800px\" \/><\/div>\n<div dir=\"auto\"><\/div>\n<\/div>\n<div class=\"x11i5rnm xat24cr x1mh8g0r x1vvkbs xtlvy1s x126k92a\">\n<div dir=\"auto\">Payla\u015f\u0131lan bu g\u00f6r\u00fcnt\u00fclerle duygulanan Zile Belediye Ba\u015fkan\u0131 \u015e\u00fckr\u00fc Sarg\u0131n, \u201cCumhuriyeti nas\u0131l kazand\u0131\u011f\u0131m\u0131z\u0131 g\u00f6r\u00fcyorsunuz. Bug\u00fcn kendilerini ziyaret ederek sevin\u00e7lerine ortak olmak istedik. Atam sen rahat uyu, senin a\u00e7t\u0131\u011f\u0131n yolda, eli \u00f6p\u00fclesi bu kad\u0131nlar\u0131m\u0131z oldu\u011fu s\u00fcrece T\u00fcrkiye Cumhuriyeti ya\u015famaya devam edecektir\u201d dedi.<\/div>\n<div dir=\"auto\">\n\n\t\t<style type=\"text\/css\">\n\t\t\t#gallery-1 {\n\t\t\t\tmargin: auto;\n\t\t\t}\n\t\t\t#gallery-1 .gallery-item {\n\t\t\t\tfloat: left;\n\t\t\t\tmargin-top: 10px;\n\t\t\t\ttext-align: center;\n\t\t\t\twidth: 33%;\n\t\t\t}\n\t\t\t#gallery-1 img {\n\t\t\t\tborder: 2px solid #cfcfcf;\n\t\t\t}\n\t\t\t#gallery-1 .gallery-caption {\n\t\t\t\tmargin-left: 0;\n\t\t\t}\n\t\t\t\/* see gallery_shortcode() in wp-includes\/media.php *\/\n\t\t<\/style>\n\t\t<div id='gallery-1' class='gallery galleryid-6532 gallery-columns-3 gallery-size-thumbnail'><dl class='gallery-item'>\n\t\t\t<dt class='gallery-icon landscape'>\n\t\t\t\t<a href='http:\/\/site.zile.bel.tr\/wp-content\/uploads\/2023\/10\/1-13.jpg'><img loading=\"lazy\" decoding=\"async\" width=\"150\" height=\"150\" src=\"http:\/\/site.zile.bel.tr\/wp-content\/uploads\/2023\/10\/1-13-150x150.jpg\" class=\"attachment-thumbnail size-thumbnail\" alt=\"\" \/><\/a>\n\t\t\t<\/dt><\/dl><dl class='gallery-item'>\n\t\t\t<dt class='gallery-icon landscape'>\n\t\t\t\t<a href='http:\/\/site.zile.bel.tr\/wp-content\/uploads\/2023\/10\/2-12.jpg'><img loading=\"lazy\" decoding=\"async\" width=\"150\" height=\"150\" src=\"http:\/\/site.zile.bel.tr\/wp-content\/uploads\/2023\/10\/2-12-150x150.jpg\" class=\"attachment-thumbnail size-thumbnail\" alt=\"\" \/><\/a>\n\t\t\t<\/dt><\/dl><dl class='gallery-item'>\n\t\t\t<dt class='gallery-icon landscape'>\n\t\t\t\t<a href='http:\/\/site.zile.bel.tr\/wp-content\/uploads\/2023\/10\/3-13.jpg'><img loading=\"lazy\" decoding=\"async\" width=\"150\" height=\"150\" src=\"http:\/\/site.zile.bel.tr\/wp-content\/uploads\/2023\/10\/3-13-150x150.jpg\" class=\"attachment-thumbnail size-thumbnail\" alt=\"\" \/><\/a>\n\t\t\t<\/dt><\/dl><br style=\"clear: both\" \/><dl class='gallery-item'>\n\t\t\t<dt class='gallery-icon landscape'>\n\t\t\t\t<a href='http:\/\/site.zile.bel.tr\/wp-content\/uploads\/2023\/10\/4-11.jpg'><img loading=\"lazy\" decoding=\"async\" width=\"150\" height=\"150\" src=\"http:\/\/site.zile.bel.tr\/wp-content\/uploads\/2023\/10\/4-11-150x150.jpg\" class=\"attachment-thumbnail size-thumbnail\" alt=\"\" \/><\/a>\n\t\t\t<\/dt><\/dl><dl class='gallery-item'>\n\t\t\t<dt class='gallery-icon landscape'>\n\t\t\t\t<a href='http:\/\/site.zile.bel.tr\/wp-content\/uploads\/2023\/10\/5-9.jpg'><img loading=\"lazy\" decoding=\"async\" width=\"150\" height=\"150\" src=\"http:\/\/site.zile.bel.tr\/wp-content\/uploads\/2023\/10\/5-9-150x150.jpg\" class=\"attachment-thumbnail size-thumbnail\" alt=\"\" \/><\/a>\n\t\t\t<\/dt><\/dl><dl class='gallery-item'>\n\t\t\t<dt class='gallery-icon landscape'>\n\t\t\t\t<a href='http:\/\/site.zile.bel.tr\/wp-content\/uploads\/2023\/10\/6-7.jpg'><img loading=\"lazy\" decoding=\"async\" width=\"150\" height=\"150\" src=\"http:\/\/site.zile.bel.tr\/wp-content\/uploads\/2023\/10\/6-7-150x150.jpg\" class=\"attachment-thumbnail size-thumbnail\" alt=\"\" \/><\/a>\n\t\t\t<\/dt><\/dl><br style=\"clear: both\" \/><dl class='gallery-item'>\n\t\t\t<dt class='gallery-icon landscape'>\n\t\t\t\t<a href='http:\/\/site.zile.bel.tr\/wp-content\/uploads\/2023\/10\/7-6.jpg'><img loading=\"lazy\" decoding=\"async\" width=\"150\" height=\"150\" src=\"http:\/\/site.zile.bel.tr\/wp-content\/uploads\/2023\/10\/7-6-150x150.jpg\" class=\"attachment-thumbnail size-thumbnail\" alt=\"\" \/><\/a>\n\t\t\t<\/dt><\/dl><dl class='gallery-item'>\n\t\t\t<dt class='gallery-icon landscape'>\n\t\t\t\t<a href='http:\/\/site.zile.bel.tr\/wp-content\/uploads\/2023\/10\/8-7.jpg'><img loading=\"lazy\" decoding=\"async\" width=\"150\" height=\"150\" src=\"http:\/\/site.zile.bel.tr\/wp-content\/uploads\/2023\/10\/8-7-150x150.jpg\" class=\"attachment-thumbnail size-thumbnail\" alt=\"\" \/><\/a>\n\t\t\t<\/dt><\/dl><dl class='gallery-item'>\n\t\t\t<dt class='gallery-icon landscape'>\n\t\t\t\t<a href='http:\/\/site.zile.bel.tr\/wp-content\/uploads\/2023\/10\/9-7.jpg'><img loading=\"lazy\" decoding=\"async\" width=\"150\" height=\"150\" src=\"http:\/\/site.zile.bel.tr\/wp-content\/uploads\/2023\/10\/9-7-150x150.jpg\" class=\"attachment-thumbnail size-thumbnail\" alt=\"\" \/><\/a>\n\t\t\t<\/dt><\/dl><br style=\"clear: both\" \/>\n\t\t<\/div>\n\n<\/div>\n<\/div>\n","protected":false},"excerpt":{"rendered":"<p>Ba\u015fkan Sarg\u0131n, \u015eiir Okuyarak Cumhuriyeti Kutlayan K\u00f6yde Kad\u0131nlar\u0131 Ziyaret Etti Zile il\u00e7esine ba\u011fl\u0131 \u00c7iftlik k\u00f6y\u00fcnde ilk\u00f6\u011fretim okulunda toplanan ya\u015flar\u0131 50 ile 70 aras\u0131nda de\u011fi\u015fen k\u00f6yl\u00fc kad\u0131nlar\u0131, ellerinde T\u00fcrk bayraklar\u0131 ile \u00e7ocukken \u00f6\u011frendikleri \u015fiirleri okuyarak Cumhuriyet&#8217;in 100&#8217;\u00fcnc\u00fc y\u0131l\u0131n\u0131 kutlad\u0131. K\u00f6yl\u00fc kad\u0131nlar\u0131 ziyaret eden Zile Belediye Ba\u015fkan\u0131 \u015e\u00fckr\u00fc Sarg\u0131n, k\u00f6ydeki vatanda\u015flara T\u00fcrk Bayra\u011f\u0131 ve 100. Y\u0131l logolu [&hellip;]<\/p>\n","protected":false},"author":1,"featured_media":6533,"comment_status":"open","ping_status":"open","sticky":false,"template":"","format":"standard","meta":{"footnotes":""},"categories":[11],"tags":[],"class_list":["post-6532","post","type-post","status-publish","format-standard","has-post-thumbnail","hentry","category-haberler"],"_links":{"self":[{"href":"http:\/\/site.zile.bel.tr\/index.php\/wp-json\/wp\/v2\/posts\/6532","targetHints":{"allow":["GET"]}}],"collection":[{"href":"http:\/\/site.zile.bel.tr\/index.php\/wp-json\/wp\/v2\/posts"}],"about":[{"href":"http:\/\/site.zile.bel.tr\/index.php\/wp-json\/wp\/v2\/types\/post"}],"author":[{"embeddable":true,"href":"http:\/\/site.zile.bel.tr\/index.php\/wp-json\/wp\/v2\/users\/1"}],"replies":[{"embeddable":true,"href":"http:\/\/site.zile.bel.tr\/index.php\/wp-json\/wp\/v2\/comments?post=6532"}],"version-history":[{"count":1,"href":"http:\/\/site.zile.bel.tr\/index.php\/wp-json\/wp\/v2\/posts\/6532\/revisions"}],"predecessor-version":[{"id":6545,"href":"http:\/\/site.zile.bel.tr\/index.php\/wp-json\/wp\/v2\/posts\/6532\/revisions\/6545"}],"wp:featuredmedia":[{"embeddable":true,"href":"http:\/\/site.zile.bel.tr\/index.php\/wp-json\/wp\/v2\/media\/6533"}],"wp:attachment":[{"href":"http:\/\/site.zile.bel.tr\/index.php\/wp-json\/wp\/v2\/media?parent=6532"}],"wp:term":[{"taxonomy":"category","embeddable":true,"href":"http:\/\/site.zile.bel.tr\/index.php\/wp-json\/wp\/v2\/categories?post=6532"},{"taxonomy":"post_tag","embeddable":true,"href":"http:\/\/site.zile.bel.tr\/index.php\/wp-json\/wp\/v2\/tags?post=6532"}],"curies":[{"name":"wp","href":"https:\/\/api.w.org\/{rel}","templated":true}]}}