{"id":6546,"date":"2023-10-31T08:31:32","date_gmt":"2023-10-31T05:31:32","guid":{"rendered":"https:\/\/site.zile.bel.tr\/?p=6546"},"modified":"2023-10-31T08:31:32","modified_gmt":"2023-10-31T05:31:32","slug":"veni-vidi-vici-muzesine-odul","status":"publish","type":"post","link":"http:\/\/site.zile.bel.tr\/index.php\/2023\/10\/31\/veni-vidi-vici-muzesine-odul\/","title":{"rendered":"VEN\u0130 V\u0130D\u0130 V\u0130C\u0130 M\u00dcZES\u0130NE \u00d6D\u00dcL"},"content":{"rendered":"<div class=\"xdj266r x11i5rnm xat24cr x1mh8g0r x1vvkbs x126k92a\">\n<div dir=\"auto\">VEN\u0130 V\u0130D\u0130 V\u0130C\u0130 M\u00dcZES\u0130NE \u00d6D\u00dcL<\/div>\n<div dir=\"auto\"><img loading=\"lazy\" decoding=\"async\" class=\"alignnone wp-image-6547\" src=\"http:\/\/site.zile.bel.tr\/wp-content\/uploads\/2023\/10\/1-14-300x225.jpg\" alt=\"\" width=\"800\" height=\"600\" srcset=\"http:\/\/site.zile.bel.tr\/wp-content\/uploads\/2023\/10\/1-14-300x225.jpg 300w, http:\/\/site.zile.bel.tr\/wp-content\/uploads\/2023\/10\/1-14-768x576.jpg 768w, http:\/\/site.zile.bel.tr\/wp-content\/uploads\/2023\/10\/1-14.jpg 1024w\" sizes=\"auto, (max-width: 800px) 100vw, 800px\" \/><\/div>\n<\/div>\n<div class=\"x11i5rnm xat24cr x1mh8g0r x1vvkbs xtlvy1s x126k92a\">\n<div dir=\"auto\">Zile Kalesinde belediyemizce yap\u0131lan ve VEN\u0130 V\u0130D\u0130 V\u0130C\u0130 KENT M\u00dcZES\u0130 OKA taraf\u0131ndan desteklenen vizyon projesi olarak \u00f6d\u00fcl ald\u0131.<\/div>\n<div dir=\"auto\"><img loading=\"lazy\" decoding=\"async\" class=\"alignnone wp-image-6548\" src=\"http:\/\/site.zile.bel.tr\/wp-content\/uploads\/2023\/10\/2-13-300x225.jpg\" alt=\"\" width=\"800\" height=\"600\" srcset=\"http:\/\/site.zile.bel.tr\/wp-content\/uploads\/2023\/10\/2-13-300x225.jpg 300w, http:\/\/site.zile.bel.tr\/wp-content\/uploads\/2023\/10\/2-13-768x576.jpg 768w, http:\/\/site.zile.bel.tr\/wp-content\/uploads\/2023\/10\/2-13.jpg 1024w\" sizes=\"auto, (max-width: 800px) 100vw, 800px\" \/><\/div>\n<div dir=\"auto\">OKA taraf\u0131ndan desteklenen M\u00fczemizin \u00f6d\u00fcl\u00fcn\u00fc Tokat Belediye Ba\u015fkan\u0131 Ey\u00fcp Ero\u011flu ve OKA Genel Sekreteri \u0130brahim Etem \u015eahin Zile Belediye Ba\u015fkan\u0131 \u015e\u00fckr\u00fc Sarg\u0131na verdi. Ba\u015fkan Sarg\u0131n, \u201cBa\u015flamak bitirmenin yar\u0131s\u0131 derler. M\u00fcze Projemizin ba\u015flamas\u0131nda OKA\u2019n\u0131n deste\u011fi bu projemizi ba\u015flamam\u0131za sebep oldu. M\u00fczemizi binlerce insan geziyor. Kent M\u00fczemiz b\u00f6lge turizminde bir destinasyon noktas\u0131 oldu\u201d dedi.<\/div>\n<div dir=\"auto\"><img loading=\"lazy\" decoding=\"async\" class=\"alignnone wp-image-6549\" src=\"http:\/\/site.zile.bel.tr\/wp-content\/uploads\/2023\/10\/3-14-300x225.jpg\" alt=\"\" width=\"800\" height=\"600\" srcset=\"http:\/\/site.zile.bel.tr\/wp-content\/uploads\/2023\/10\/3-14-300x225.jpg 300w, http:\/\/site.zile.bel.tr\/wp-content\/uploads\/2023\/10\/3-14-768x576.jpg 768w, http:\/\/site.zile.bel.tr\/wp-content\/uploads\/2023\/10\/3-14.jpg 1024w\" sizes=\"auto, (max-width: 800px) 100vw, 800px\" \/><\/div>\n<div dir=\"auto\"><\/div>\n<div dir=\"auto\">Tokat Ya\u011f\u0131basan Medresesinde yap\u0131lan \u00f6d\u00fcl t\u00f6renine Tokat Valisi Numan Hatipo\u011flu, OKA Genel Sekreteri \u0130brahim Etem \u015eahin, Tokat Belediye Ba\u015fkan\u0131 Ey\u00fcp Ero\u011flu, STK temsilcileri ve birim m\u00fcd\u00fcrleri kat\u0131ld\u0131.<\/div>\n<\/div>\n","protected":false},"excerpt":{"rendered":"<p>VEN\u0130 V\u0130D\u0130 V\u0130C\u0130 M\u00dcZES\u0130NE \u00d6D\u00dcL Zile Kalesinde belediyemizce yap\u0131lan ve VEN\u0130 V\u0130D\u0130 V\u0130C\u0130 KENT M\u00dcZES\u0130 OKA taraf\u0131ndan desteklenen vizyon projesi olarak \u00f6d\u00fcl ald\u0131. OKA taraf\u0131ndan desteklenen M\u00fczemizin \u00f6d\u00fcl\u00fcn\u00fc Tokat Belediye Ba\u015fkan\u0131 Ey\u00fcp Ero\u011flu ve OKA Genel Sekreteri \u0130brahim Etem \u015eahin Zile Belediye Ba\u015fkan\u0131 \u015e\u00fckr\u00fc Sarg\u0131na verdi. Ba\u015fkan Sarg\u0131n, \u201cBa\u015flamak bitirmenin yar\u0131s\u0131 derler. M\u00fcze Projemizin ba\u015flamas\u0131nda [&hellip;]<\/p>\n","protected":false},"author":1,"featured_media":6547,"comment_status":"open","ping_status":"open","sticky":false,"template":"","format":"standard","meta":{"footnotes":""},"categories":[11],"tags":[],"class_list":["post-6546","post","type-post","status-publish","format-standard","has-post-thumbnail","hentry","category-haberler"],"_links":{"self":[{"href":"http:\/\/site.zile.bel.tr\/index.php\/wp-json\/wp\/v2\/posts\/6546","targetHints":{"allow":["GET"]}}],"collection":[{"href":"http:\/\/site.zile.bel.tr\/index.php\/wp-json\/wp\/v2\/posts"}],"about":[{"href":"http:\/\/site.zile.bel.tr\/index.php\/wp-json\/wp\/v2\/types\/post"}],"author":[{"embeddable":true,"href":"http:\/\/site.zile.bel.tr\/index.php\/wp-json\/wp\/v2\/users\/1"}],"replies":[{"embeddable":true,"href":"http:\/\/site.zile.bel.tr\/index.php\/wp-json\/wp\/v2\/comments?post=6546"}],"version-history":[{"count":1,"href":"http:\/\/site.zile.bel.tr\/index.php\/wp-json\/wp\/v2\/posts\/6546\/revisions"}],"predecessor-version":[{"id":6550,"href":"http:\/\/site.zile.bel.tr\/index.php\/wp-json\/wp\/v2\/posts\/6546\/revisions\/6550"}],"wp:featuredmedia":[{"embeddable":true,"href":"http:\/\/site.zile.bel.tr\/index.php\/wp-json\/wp\/v2\/media\/6547"}],"wp:attachment":[{"href":"http:\/\/site.zile.bel.tr\/index.php\/wp-json\/wp\/v2\/media?parent=6546"}],"wp:term":[{"taxonomy":"category","embeddable":true,"href":"http:\/\/site.zile.bel.tr\/index.php\/wp-json\/wp\/v2\/categories?post=6546"},{"taxonomy":"post_tag","embeddable":true,"href":"http:\/\/site.zile.bel.tr\/index.php\/wp-json\/wp\/v2\/tags?post=6546"}],"curies":[{"name":"wp","href":"https:\/\/api.w.org\/{rel}","templated":true}]}}