{"id":6587,"date":"2023-11-09T16:41:43","date_gmt":"2023-11-09T13:41:43","guid":{"rendered":"https:\/\/site.zile.bel.tr\/?p=6587"},"modified":"2023-11-09T16:41:44","modified_gmt":"2023-11-09T13:41:44","slug":"baskan-sargindan-sosyal-genclik-kulubune-destek","status":"publish","type":"post","link":"http:\/\/site.zile.bel.tr\/index.php\/2023\/11\/09\/baskan-sargindan-sosyal-genclik-kulubune-destek\/","title":{"rendered":"Ba\u015fkan Sarg\u0131n\u2019dan Sosyal Gen\u00e7lik Kul\u00fcb\u00fcne Destek"},"content":{"rendered":"<p>Ba\u015fkan Sarg\u0131n\u2019dan Sosyal Gen\u00e7lik Kul\u00fcb\u00fcne Destek<\/p>\n<p><img loading=\"lazy\" decoding=\"async\" class=\"alignnone wp-image-6588\" src=\"http:\/\/site.zile.bel.tr\/wp-content\/uploads\/2023\/11\/b-300x200.jpg\" alt=\"\" width=\"800\" height=\"533\" srcset=\"http:\/\/site.zile.bel.tr\/wp-content\/uploads\/2023\/11\/b-300x200.jpg 300w, http:\/\/site.zile.bel.tr\/wp-content\/uploads\/2023\/11\/b-768x512.jpg 768w, http:\/\/site.zile.bel.tr\/wp-content\/uploads\/2023\/11\/b.jpg 1024w\" sizes=\"auto, (max-width: 800px) 100vw, 800px\" \/><\/p>\n<p>Tokat Gaziosmanpa\u015fa \u00dcniversitesi Zile Meslek Y\u00fcksek Okulu \u00f6\u011frencilerinin kurmu\u015f oldu\u011fu Sosyal Gen\u00e7lik kul\u00fcb\u00fc, Zile Belediye Ba\u015fkan\u0131 \u015e\u00fckr\u00fc Sarg\u0131n\u2019\u0131 makam\u0131nda ziyaret etti. Yapacaklar\u0131 \u00e7al\u0131\u015fmalar\u0131 ba\u015fkan Sarg\u0131n\u2019a anlatan \u00f6\u011frenciler, daha aktif \u00e7al\u0131\u015fmalar\u0131 i\u00e7in ba\u015fkandan destek s\u00f6z\u00fc ald\u0131lar.<\/p>\n<p><img loading=\"lazy\" decoding=\"async\" class=\"alignnone wp-image-6589\" src=\"http:\/\/site.zile.bel.tr\/wp-content\/uploads\/2023\/11\/c-300x200.jpg\" alt=\"\" width=\"800\" height=\"533\" srcset=\"http:\/\/site.zile.bel.tr\/wp-content\/uploads\/2023\/11\/c-300x200.jpg 300w, http:\/\/site.zile.bel.tr\/wp-content\/uploads\/2023\/11\/c-768x512.jpg 768w, http:\/\/site.zile.bel.tr\/wp-content\/uploads\/2023\/11\/c.jpg 1024w\" sizes=\"auto, (max-width: 800px) 100vw, 800px\" \/><br \/>\n\u00d6\u011frencilerin olu\u015fturmu\u015f oldu\u011fu Sosyal Gen\u00e7lik Kul\u00fcb\u00fcne destek vereceklerini ifade eden ba\u015fkan Sarg\u0131n, \u201c\u0130l\u00e7emizde bulunan \u00fcniversitemize \u00f6\u011frenci talebinin artmas\u0131 bizleri de mutlu edecektir. Bu anlamada \u00f6\u011frencilerimizin yapm\u0131\u015f oldu\u011fu bu giri\u015fimi destekliyoruz. \u0130l\u00e7emiz i\u00e7in faydal\u0131 olacak her \u00e7al\u0131\u015fman\u0131n alt\u0131na elimizi koymaktan imtina etmeyiz\u201d dedi.<\/p>\n<p><img loading=\"lazy\" decoding=\"async\" class=\"alignnone wp-image-6590\" src=\"http:\/\/site.zile.bel.tr\/wp-content\/uploads\/2023\/11\/a-300x200.jpg\" alt=\"\" width=\"800\" height=\"533\" srcset=\"http:\/\/site.zile.bel.tr\/wp-content\/uploads\/2023\/11\/a-300x200.jpg 300w, http:\/\/site.zile.bel.tr\/wp-content\/uploads\/2023\/11\/a-768x512.jpg 768w, http:\/\/site.zile.bel.tr\/wp-content\/uploads\/2023\/11\/a.jpg 1024w\" sizes=\"auto, (max-width: 800px) 100vw, 800px\" \/><br \/>\nBa\u015fkan Sarg\u0131n, \u00f6\u011frencilere 100. Y\u0131l logolu \u015fapka ve Atat\u00fcrk rozeti hediye etti.<\/p>\n","protected":false},"excerpt":{"rendered":"<p>Ba\u015fkan Sarg\u0131n\u2019dan Sosyal Gen\u00e7lik Kul\u00fcb\u00fcne Destek Tokat Gaziosmanpa\u015fa \u00dcniversitesi Zile Meslek Y\u00fcksek Okulu \u00f6\u011frencilerinin kurmu\u015f oldu\u011fu Sosyal Gen\u00e7lik kul\u00fcb\u00fc, Zile Belediye Ba\u015fkan\u0131 \u015e\u00fckr\u00fc Sarg\u0131n\u2019\u0131 makam\u0131nda ziyaret etti. Yapacaklar\u0131 \u00e7al\u0131\u015fmalar\u0131 ba\u015fkan Sarg\u0131n\u2019a anlatan \u00f6\u011frenciler, daha aktif \u00e7al\u0131\u015fmalar\u0131 i\u00e7in ba\u015fkandan destek s\u00f6z\u00fc ald\u0131lar. \u00d6\u011frencilerin olu\u015fturmu\u015f oldu\u011fu Sosyal Gen\u00e7lik Kul\u00fcb\u00fcne destek vereceklerini ifade eden ba\u015fkan Sarg\u0131n, \u201c\u0130l\u00e7emizde bulunan [&hellip;]<\/p>\n","protected":false},"author":1,"featured_media":6588,"comment_status":"open","ping_status":"open","sticky":false,"template":"","format":"standard","meta":{"footnotes":""},"categories":[11],"tags":[],"class_list":["post-6587","post","type-post","status-publish","format-standard","has-post-thumbnail","hentry","category-haberler"],"_links":{"self":[{"href":"http:\/\/site.zile.bel.tr\/index.php\/wp-json\/wp\/v2\/posts\/6587","targetHints":{"allow":["GET"]}}],"collection":[{"href":"http:\/\/site.zile.bel.tr\/index.php\/wp-json\/wp\/v2\/posts"}],"about":[{"href":"http:\/\/site.zile.bel.tr\/index.php\/wp-json\/wp\/v2\/types\/post"}],"author":[{"embeddable":true,"href":"http:\/\/site.zile.bel.tr\/index.php\/wp-json\/wp\/v2\/users\/1"}],"replies":[{"embeddable":true,"href":"http:\/\/site.zile.bel.tr\/index.php\/wp-json\/wp\/v2\/comments?post=6587"}],"version-history":[{"count":1,"href":"http:\/\/site.zile.bel.tr\/index.php\/wp-json\/wp\/v2\/posts\/6587\/revisions"}],"predecessor-version":[{"id":6591,"href":"http:\/\/site.zile.bel.tr\/index.php\/wp-json\/wp\/v2\/posts\/6587\/revisions\/6591"}],"wp:featuredmedia":[{"embeddable":true,"href":"http:\/\/site.zile.bel.tr\/index.php\/wp-json\/wp\/v2\/media\/6588"}],"wp:attachment":[{"href":"http:\/\/site.zile.bel.tr\/index.php\/wp-json\/wp\/v2\/media?parent=6587"}],"wp:term":[{"taxonomy":"category","embeddable":true,"href":"http:\/\/site.zile.bel.tr\/index.php\/wp-json\/wp\/v2\/categories?post=6587"},{"taxonomy":"post_tag","embeddable":true,"href":"http:\/\/site.zile.bel.tr\/index.php\/wp-json\/wp\/v2\/tags?post=6587"}],"curies":[{"name":"wp","href":"https:\/\/api.w.org\/{rel}","templated":true}]}}