{"id":6617,"date":"2023-11-20T16:29:41","date_gmt":"2023-11-20T13:29:41","guid":{"rendered":"https:\/\/site.zile.bel.tr\/?p=6617"},"modified":"2023-11-24T16:31:46","modified_gmt":"2023-11-24T13:31:46","slug":"togu-rektoru-yilmaz-baskan-sargini-ziyaret-etti","status":"publish","type":"post","link":"http:\/\/site.zile.bel.tr\/index.php\/2023\/11\/20\/togu-rektoru-yilmaz-baskan-sargini-ziyaret-etti\/","title":{"rendered":"TOG\u00dc Rekt\u00f6r\u00fc Y\u0131lmaz, Ba\u015fkan Sarg\u0131n\u2019\u0131 Ziyaret Etti"},"content":{"rendered":"<div class=\"xdj266r x11i5rnm xat24cr x1mh8g0r x1vvkbs x126k92a\">\n<div dir=\"auto\">TOG\u00dc Rekt\u00f6r\u00fc Y\u0131lmaz, Ba\u015fkan Sarg\u0131n\u2019\u0131 Ziyaret Etti<\/div>\n<div dir=\"auto\"><img loading=\"lazy\" decoding=\"async\" class=\"alignnone wp-image-6618\" src=\"http:\/\/site.zile.bel.tr\/wp-content\/uploads\/2023\/11\/1-4-300x200.jpg\" alt=\"\" width=\"800\" height=\"533\" srcset=\"http:\/\/site.zile.bel.tr\/wp-content\/uploads\/2023\/11\/1-4-300x200.jpg 300w, http:\/\/site.zile.bel.tr\/wp-content\/uploads\/2023\/11\/1-4-1024x682.jpg 1024w, http:\/\/site.zile.bel.tr\/wp-content\/uploads\/2023\/11\/1-4-768x511.jpg 768w, http:\/\/site.zile.bel.tr\/wp-content\/uploads\/2023\/11\/1-4.jpg 1440w\" sizes=\"auto, (max-width: 800px) 100vw, 800px\" \/><\/div>\n<\/div>\n<div class=\"x11i5rnm xat24cr x1mh8g0r x1vvkbs xtlvy1s x126k92a\">\n<div dir=\"auto\">Tokat Gaziosmanpa\u015fa \u00dcniversitesi (TOG\u00dc) Rekt\u00f6r\u00fc Prof. Dr. Fatih Y\u0131lmaz, kendisine hay\u0131rl\u0131 olsun ziyaretine gelen Zile Belediye Ba\u015fkan\u0131 \u015e\u00fckr\u00fc Sarg\u0131n\u2019\u0131 makam\u0131nda ziyaret etti.<\/div>\n<div dir=\"auto\"><img loading=\"lazy\" decoding=\"async\" class=\"alignnone wp-image-6619\" src=\"http:\/\/site.zile.bel.tr\/wp-content\/uploads\/2023\/11\/2-4-300x206.jpg\" alt=\"\" width=\"800\" height=\"549\" srcset=\"http:\/\/site.zile.bel.tr\/wp-content\/uploads\/2023\/11\/2-4-300x206.jpg 300w, http:\/\/site.zile.bel.tr\/wp-content\/uploads\/2023\/11\/2-4-1024x703.jpg 1024w, http:\/\/site.zile.bel.tr\/wp-content\/uploads\/2023\/11\/2-4-768x527.jpg 768w, http:\/\/site.zile.bel.tr\/wp-content\/uploads\/2023\/11\/2-4.jpg 1440w\" sizes=\"auto, (max-width: 800px) 100vw, 800px\" \/><\/div>\n<\/div>\n<div class=\"x11i5rnm xat24cr x1mh8g0r x1vvkbs xtlvy1s x126k92a\">\n<div dir=\"auto\">Belediye makam\u0131nda yap\u0131lan g\u00f6r\u00fc\u015fmede Ba\u015fkan Sarg\u0131n, Zile Din\u00e7erler Turizm \u0130\u015fletmecili\u011fi ve Otelcilik Y\u00fcksekokulu&#8217;nun fak\u00fclte olmas\u0131 talebini rekt\u00f6r Y\u0131lmaz\u2019a iletti. Rekt\u00f6r Y\u0131lmaz ise \u00fcniversite ile belediye aras\u0131ndaki i\u015fbirliklerinin artarak devam edece\u011fini ifade ederek ba\u015fkan Sarg\u0131n\u2019a te\u015fekk\u00fcr etti.<\/div>\n<div dir=\"auto\"><img loading=\"lazy\" decoding=\"async\" class=\"alignnone wp-image-6620\" src=\"http:\/\/site.zile.bel.tr\/wp-content\/uploads\/2023\/11\/3-3-300x200.jpg\" alt=\"\" width=\"800\" height=\"533\" srcset=\"http:\/\/site.zile.bel.tr\/wp-content\/uploads\/2023\/11\/3-3-300x200.jpg 300w, http:\/\/site.zile.bel.tr\/wp-content\/uploads\/2023\/11\/3-3-1024x683.jpg 1024w, http:\/\/site.zile.bel.tr\/wp-content\/uploads\/2023\/11\/3-3-768x512.jpg 768w, http:\/\/site.zile.bel.tr\/wp-content\/uploads\/2023\/11\/3-3.jpg 1440w\" sizes=\"auto, (max-width: 800px) 100vw, 800px\" \/><\/div>\n<\/div>\n","protected":false},"excerpt":{"rendered":"<p>TOG\u00dc Rekt\u00f6r\u00fc Y\u0131lmaz, Ba\u015fkan Sarg\u0131n\u2019\u0131 Ziyaret Etti Tokat Gaziosmanpa\u015fa \u00dcniversitesi (TOG\u00dc) Rekt\u00f6r\u00fc Prof. Dr. Fatih Y\u0131lmaz, kendisine hay\u0131rl\u0131 olsun ziyaretine gelen Zile Belediye Ba\u015fkan\u0131 \u015e\u00fckr\u00fc Sarg\u0131n\u2019\u0131 makam\u0131nda ziyaret etti. Belediye makam\u0131nda yap\u0131lan g\u00f6r\u00fc\u015fmede Ba\u015fkan Sarg\u0131n, Zile Din\u00e7erler Turizm \u0130\u015fletmecili\u011fi ve Otelcilik Y\u00fcksekokulu&#8217;nun fak\u00fclte olmas\u0131 talebini rekt\u00f6r Y\u0131lmaz\u2019a iletti. Rekt\u00f6r Y\u0131lmaz ise \u00fcniversite ile belediye aras\u0131ndaki [&hellip;]<\/p>\n","protected":false},"author":1,"featured_media":6618,"comment_status":"open","ping_status":"open","sticky":false,"template":"","format":"standard","meta":{"footnotes":""},"categories":[11],"tags":[],"class_list":["post-6617","post","type-post","status-publish","format-standard","has-post-thumbnail","hentry","category-haberler"],"_links":{"self":[{"href":"http:\/\/site.zile.bel.tr\/index.php\/wp-json\/wp\/v2\/posts\/6617","targetHints":{"allow":["GET"]}}],"collection":[{"href":"http:\/\/site.zile.bel.tr\/index.php\/wp-json\/wp\/v2\/posts"}],"about":[{"href":"http:\/\/site.zile.bel.tr\/index.php\/wp-json\/wp\/v2\/types\/post"}],"author":[{"embeddable":true,"href":"http:\/\/site.zile.bel.tr\/index.php\/wp-json\/wp\/v2\/users\/1"}],"replies":[{"embeddable":true,"href":"http:\/\/site.zile.bel.tr\/index.php\/wp-json\/wp\/v2\/comments?post=6617"}],"version-history":[{"count":1,"href":"http:\/\/site.zile.bel.tr\/index.php\/wp-json\/wp\/v2\/posts\/6617\/revisions"}],"predecessor-version":[{"id":6621,"href":"http:\/\/site.zile.bel.tr\/index.php\/wp-json\/wp\/v2\/posts\/6617\/revisions\/6621"}],"wp:featuredmedia":[{"embeddable":true,"href":"http:\/\/site.zile.bel.tr\/index.php\/wp-json\/wp\/v2\/media\/6618"}],"wp:attachment":[{"href":"http:\/\/site.zile.bel.tr\/index.php\/wp-json\/wp\/v2\/media?parent=6617"}],"wp:term":[{"taxonomy":"category","embeddable":true,"href":"http:\/\/site.zile.bel.tr\/index.php\/wp-json\/wp\/v2\/categories?post=6617"},{"taxonomy":"post_tag","embeddable":true,"href":"http:\/\/site.zile.bel.tr\/index.php\/wp-json\/wp\/v2\/tags?post=6617"}],"curies":[{"name":"wp","href":"https:\/\/api.w.org\/{rel}","templated":true}]}}