{"id":6622,"date":"2023-11-21T16:32:19","date_gmt":"2023-11-21T13:32:19","guid":{"rendered":"https:\/\/site.zile.bel.tr\/?p=6622"},"modified":"2023-11-24T16:33:01","modified_gmt":"2023-11-24T13:33:01","slug":"asik-veysel-ve-asik-sadik-doganayi-anma-ve-turku-gecesi","status":"publish","type":"post","link":"http:\/\/site.zile.bel.tr\/index.php\/2023\/11\/21\/asik-veysel-ve-asik-sadik-doganayi-anma-ve-turku-gecesi\/","title":{"rendered":"A\u015f\u0131k Veysel ve A\u015f\u0131k Sad\u0131k Do\u011fanay\u2019\u0131 Anma ve T\u00fcrk\u00fc Gecesi"},"content":{"rendered":"<div class=\"xdj266r x11i5rnm xat24cr x1mh8g0r x1vvkbs x126k92a\">\n<div dir=\"auto\">T\u00dcRK\u00dc GECES\u0130<\/div>\n<div dir=\"auto\">A\u015f\u0131k Veysel ve A\u015f\u0131k Sad\u0131k Do\u011fanay\u2019\u0131 Anma ve T\u00fcrk\u00fc Gecesi<\/div>\n<\/div>\n<div dir=\"auto\"><img loading=\"lazy\" decoding=\"async\" class=\"alignnone wp-image-6623\" src=\"http:\/\/site.zile.bel.tr\/wp-content\/uploads\/2023\/11\/001-300x300.jpg\" alt=\"\" width=\"800\" height=\"800\" srcset=\"http:\/\/site.zile.bel.tr\/wp-content\/uploads\/2023\/11\/001-300x300.jpg 300w, http:\/\/site.zile.bel.tr\/wp-content\/uploads\/2023\/11\/001-1024x1024.jpg 1024w, http:\/\/site.zile.bel.tr\/wp-content\/uploads\/2023\/11\/001-150x150.jpg 150w, http:\/\/site.zile.bel.tr\/wp-content\/uploads\/2023\/11\/001-768x768.jpg 768w, http:\/\/site.zile.bel.tr\/wp-content\/uploads\/2023\/11\/001.jpg 1200w\" sizes=\"auto, (max-width: 800px) 100vw, 800px\" \/><\/div>\n<div class=\"x11i5rnm xat24cr x1mh8g0r x1vvkbs xtlvy1s x126k92a\">\n<div dir=\"auto\">2023 A\u015f\u0131k Veysel Y\u0131l\u0131 olmas\u0131 nedeniyle Zile Belediyesi taraf\u0131ndan 24 Kas\u0131m 2023 Cuma g\u00fcn\u00fc ak\u015fam\u0131 Zile Saray Sinema Salonunda \u201c A\u015f\u0131k Veysel &amp; Sad\u0131k Do\u011fanay\u0131 Anma ve T\u00fcrk\u00fc Gecesi\u201d d\u00fczenlenecek.<\/div>\n<div dir=\"auto\">Ayn\u0131 zamanda 24 Kas\u0131m \u00d6\u011fretmenler g\u00fcn\u00fc olmas\u0131 nedeniyle K\u00fclt\u00fcr ve Turizm Bakanl\u0131\u011f\u0131 T\u00fcrk Halk M\u00fczi\u011fi sanat\u00e7\u0131lar\u0131 G\u0130ZEM SAMSA- SA\u0130T D\u00d6\u015eKAYA-\u00d6MER G\u00dcVEN\u00c7- MEHMET AL\u0130 \u00dcNALMI\u015eER ve Ara\u015ft\u0131rmac\u0131 M\u00fczikolog NECDET KURT t\u00fcrk\u00fcleri ile sahne alacaklar.<\/div>\n<div dir=\"auto\">Belediye Ba\u015fkan\u0131 \u015e\u00fckr\u00fc SARGIN 2023 Y\u0131l\u0131n\u0131n A\u015f\u0131k Veysel y\u0131l\u0131 ilan edildi\u011fini belirterek \u201d Veysel bu topraklar\u0131n yeti\u015ftirdi\u011fi en b\u00fcy\u00fck ozanlar\u0131m\u0131zdan biridir. Yine Zile\u2019n\u0131n Veyseli olarak tabir edilen A\u015f\u0131k Sad\u0131k Do\u011fanay da bizim en \u00f6nemli de\u011ferlerimizdendir. Bu iki b\u00fcy\u00fck ozan\u0131m\u0131z\u0131 hem anal\u0131m, hem de t\u00fcrk\u00fclerini usta sanat\u00e7\u0131lardan dinleyelim istedik. K\u00fclt\u00fcr ve Turizm Bakanl\u0131\u011f\u0131m\u0131z\u0131n THM sanat\u00e7\u0131lar\u0131n\u0131 davet ettik. \u00d6\u011fretmenlerimiz ba\u015fta olmak \u00fczere t\u00fcm hem\u015ferilerimizi davet ediyorum\u201d dedi.<\/div>\n<\/div>\n","protected":false},"excerpt":{"rendered":"<p>T\u00dcRK\u00dc GECES\u0130 A\u015f\u0131k Veysel ve A\u015f\u0131k Sad\u0131k Do\u011fanay\u2019\u0131 Anma ve T\u00fcrk\u00fc Gecesi 2023 A\u015f\u0131k Veysel Y\u0131l\u0131 olmas\u0131 nedeniyle Zile Belediyesi taraf\u0131ndan 24 Kas\u0131m 2023 Cuma g\u00fcn\u00fc ak\u015fam\u0131 Zile Saray Sinema Salonunda \u201c A\u015f\u0131k Veysel &amp; Sad\u0131k Do\u011fanay\u0131 Anma ve T\u00fcrk\u00fc Gecesi\u201d d\u00fczenlenecek. Ayn\u0131 zamanda 24 Kas\u0131m \u00d6\u011fretmenler g\u00fcn\u00fc olmas\u0131 nedeniyle K\u00fclt\u00fcr ve Turizm Bakanl\u0131\u011f\u0131 T\u00fcrk [&hellip;]<\/p>\n","protected":false},"author":1,"featured_media":6623,"comment_status":"open","ping_status":"open","sticky":false,"template":"","format":"standard","meta":{"footnotes":""},"categories":[11],"tags":[],"class_list":["post-6622","post","type-post","status-publish","format-standard","has-post-thumbnail","hentry","category-haberler"],"_links":{"self":[{"href":"http:\/\/site.zile.bel.tr\/index.php\/wp-json\/wp\/v2\/posts\/6622","targetHints":{"allow":["GET"]}}],"collection":[{"href":"http:\/\/site.zile.bel.tr\/index.php\/wp-json\/wp\/v2\/posts"}],"about":[{"href":"http:\/\/site.zile.bel.tr\/index.php\/wp-json\/wp\/v2\/types\/post"}],"author":[{"embeddable":true,"href":"http:\/\/site.zile.bel.tr\/index.php\/wp-json\/wp\/v2\/users\/1"}],"replies":[{"embeddable":true,"href":"http:\/\/site.zile.bel.tr\/index.php\/wp-json\/wp\/v2\/comments?post=6622"}],"version-history":[{"count":1,"href":"http:\/\/site.zile.bel.tr\/index.php\/wp-json\/wp\/v2\/posts\/6622\/revisions"}],"predecessor-version":[{"id":6624,"href":"http:\/\/site.zile.bel.tr\/index.php\/wp-json\/wp\/v2\/posts\/6622\/revisions\/6624"}],"wp:featuredmedia":[{"embeddable":true,"href":"http:\/\/site.zile.bel.tr\/index.php\/wp-json\/wp\/v2\/media\/6623"}],"wp:attachment":[{"href":"http:\/\/site.zile.bel.tr\/index.php\/wp-json\/wp\/v2\/media?parent=6622"}],"wp:term":[{"taxonomy":"category","embeddable":true,"href":"http:\/\/site.zile.bel.tr\/index.php\/wp-json\/wp\/v2\/categories?post=6622"},{"taxonomy":"post_tag","embeddable":true,"href":"http:\/\/site.zile.bel.tr\/index.php\/wp-json\/wp\/v2\/tags?post=6622"}],"curies":[{"name":"wp","href":"https:\/\/api.w.org\/{rel}","templated":true}]}}