{"id":6638,"date":"2023-11-24T12:58:36","date_gmt":"2023-11-24T09:58:36","guid":{"rendered":"https:\/\/site.zile.bel.tr\/?p=6638"},"modified":"2023-11-24T17:01:18","modified_gmt":"2023-11-24T14:01:18","slug":"baskan-sargin-emekli-ogretmenleri-ziyaret-etti","status":"publish","type":"post","link":"http:\/\/site.zile.bel.tr\/index.php\/2023\/11\/24\/baskan-sargin-emekli-ogretmenleri-ziyaret-etti\/","title":{"rendered":"Ba\u015fkan Sarg\u0131n Emekli \u00d6\u011fretmenleri Ziyaret Etti"},"content":{"rendered":"<div class=\"xdj266r x11i5rnm xat24cr x1mh8g0r x1vvkbs x126k92a\">\n<div dir=\"auto\">Ba\u015fkan Sarg\u0131n Emekli \u00d6\u011fretmenleri Ziyaret Etti<\/div>\n<div dir=\"auto\"><img loading=\"lazy\" decoding=\"async\" class=\"alignnone wp-image-6639\" src=\"http:\/\/site.zile.bel.tr\/wp-content\/uploads\/2023\/11\/1-8-300x233.jpg\" alt=\"\" width=\"800\" height=\"621\" srcset=\"http:\/\/site.zile.bel.tr\/wp-content\/uploads\/2023\/11\/1-8-300x233.jpg 300w, http:\/\/site.zile.bel.tr\/wp-content\/uploads\/2023\/11\/1-8-1024x795.jpg 1024w, http:\/\/site.zile.bel.tr\/wp-content\/uploads\/2023\/11\/1-8-768x596.jpg 768w, http:\/\/site.zile.bel.tr\/wp-content\/uploads\/2023\/11\/1-8-1536x1192.jpg 1536w, http:\/\/site.zile.bel.tr\/wp-content\/uploads\/2023\/11\/1-8.jpg 1600w\" sizes=\"auto, (max-width: 800px) 100vw, 800px\" \/><\/div>\n<\/div>\n<div class=\"x11i5rnm xat24cr x1mh8g0r x1vvkbs xtlvy1s x126k92a\">\n<div dir=\"auto\">Zile Belediye Ba\u015fkan\u0131 \u015e\u00fckr\u00fc Sarg\u0131n, \u00d6\u011fretmenler G\u00fcn\u00fc an\u0131s\u0131na il\u00e7ede ya\u015fayan emekli ve uzun y\u0131llar g\u00f6rev yapm\u0131\u015f \u00f6\u011fretmenleri ziyarette bulundu.<\/div>\n<div dir=\"auto\"><img loading=\"lazy\" decoding=\"async\" class=\"alignnone wp-image-6640\" src=\"http:\/\/site.zile.bel.tr\/wp-content\/uploads\/2023\/11\/2-7-300x200.jpg\" alt=\"\" width=\"800\" height=\"533\" srcset=\"http:\/\/site.zile.bel.tr\/wp-content\/uploads\/2023\/11\/2-7-300x200.jpg 300w, http:\/\/site.zile.bel.tr\/wp-content\/uploads\/2023\/11\/2-7-1024x682.jpg 1024w, http:\/\/site.zile.bel.tr\/wp-content\/uploads\/2023\/11\/2-7-768x512.jpg 768w, http:\/\/site.zile.bel.tr\/wp-content\/uploads\/2023\/11\/2-7-1536x1023.jpg 1536w, http:\/\/site.zile.bel.tr\/wp-content\/uploads\/2023\/11\/2-7.jpg 1600w\" sizes=\"auto, (max-width: 800px) 100vw, 800px\" \/><\/div>\n<div dir=\"auto\">Emekli \u00f6\u011fretmen Mehmet Karakalkan, \u0130nci Alpayd\u0131n ve Bekir \u00d6zkalay\u2019\u0131 evlerinde ziyaret eden Ba\u015fkan Sarg\u0131n, \u201c\u00d6\u011fretmenlerimize \u00e7ok \u015fey bor\u00e7luyuz, onlar i\u00e7in ne yapsak azd\u0131r. Ba\u015f\u00f6\u011fretmenimiz B\u00fcy\u00fck \u00d6nder Atat\u00fcrk\u2019\u00fcn vurgulad\u0131\u011f\u0131 gibi \u2018D\u00fcnyan\u0131n her taraf\u0131nda \u00f6\u011fretmenler insan toplulu\u011funun en \u00f6zverili ve sayg\u0131de\u011fer unsurlar\u0131d\u0131r.\u2019 Biz de bu anlay\u0131\u015fla y\u0131llar\u0131n\u0131 e\u011fitime adam\u0131\u015f ve binlerce \u00f6\u011frenci yeti\u015ftirmi\u015f \u00f6\u011fretmenlerimizi evlerinde ziyaret ettik. T\u00fcm \u00f6\u011fretmenlerimizin 24 Kas\u0131m \u00d6\u011fretmenler G\u00fcn\u00fc\u2019n\u00fc can\u0131 g\u00f6n\u00fclden kutluyorum\u201d dedi.<\/div>\n<div dir=\"auto\"><img loading=\"lazy\" decoding=\"async\" class=\"alignnone wp-image-6641\" src=\"http:\/\/site.zile.bel.tr\/wp-content\/uploads\/2023\/11\/3-5-300x200.jpg\" alt=\"\" width=\"800\" height=\"533\" srcset=\"http:\/\/site.zile.bel.tr\/wp-content\/uploads\/2023\/11\/3-5-300x200.jpg 300w, http:\/\/site.zile.bel.tr\/wp-content\/uploads\/2023\/11\/3-5-1024x682.jpg 1024w, http:\/\/site.zile.bel.tr\/wp-content\/uploads\/2023\/11\/3-5-768x512.jpg 768w, http:\/\/site.zile.bel.tr\/wp-content\/uploads\/2023\/11\/3-5-1536x1023.jpg 1536w, http:\/\/site.zile.bel.tr\/wp-content\/uploads\/2023\/11\/3-5.jpg 1600w\" sizes=\"auto, (max-width: 800px) 100vw, 800px\" \/><\/div>\n<\/div>\n","protected":false},"excerpt":{"rendered":"<p>Ba\u015fkan Sarg\u0131n Emekli \u00d6\u011fretmenleri Ziyaret Etti Zile Belediye Ba\u015fkan\u0131 \u015e\u00fckr\u00fc Sarg\u0131n, \u00d6\u011fretmenler G\u00fcn\u00fc an\u0131s\u0131na il\u00e7ede ya\u015fayan emekli ve uzun y\u0131llar g\u00f6rev yapm\u0131\u015f \u00f6\u011fretmenleri ziyarette bulundu. Emekli \u00f6\u011fretmen Mehmet Karakalkan, \u0130nci Alpayd\u0131n ve Bekir \u00d6zkalay\u2019\u0131 evlerinde ziyaret eden Ba\u015fkan Sarg\u0131n, \u201c\u00d6\u011fretmenlerimize \u00e7ok \u015fey bor\u00e7luyuz, onlar i\u00e7in ne yapsak azd\u0131r. Ba\u015f\u00f6\u011fretmenimiz B\u00fcy\u00fck \u00d6nder Atat\u00fcrk\u2019\u00fcn vurgulad\u0131\u011f\u0131 gibi \u2018D\u00fcnyan\u0131n [&hellip;]<\/p>\n","protected":false},"author":1,"featured_media":6639,"comment_status":"open","ping_status":"open","sticky":false,"template":"","format":"standard","meta":{"footnotes":""},"categories":[11],"tags":[],"class_list":["post-6638","post","type-post","status-publish","format-standard","has-post-thumbnail","hentry","category-haberler"],"_links":{"self":[{"href":"http:\/\/site.zile.bel.tr\/index.php\/wp-json\/wp\/v2\/posts\/6638","targetHints":{"allow":["GET"]}}],"collection":[{"href":"http:\/\/site.zile.bel.tr\/index.php\/wp-json\/wp\/v2\/posts"}],"about":[{"href":"http:\/\/site.zile.bel.tr\/index.php\/wp-json\/wp\/v2\/types\/post"}],"author":[{"embeddable":true,"href":"http:\/\/site.zile.bel.tr\/index.php\/wp-json\/wp\/v2\/users\/1"}],"replies":[{"embeddable":true,"href":"http:\/\/site.zile.bel.tr\/index.php\/wp-json\/wp\/v2\/comments?post=6638"}],"version-history":[{"count":1,"href":"http:\/\/site.zile.bel.tr\/index.php\/wp-json\/wp\/v2\/posts\/6638\/revisions"}],"predecessor-version":[{"id":6642,"href":"http:\/\/site.zile.bel.tr\/index.php\/wp-json\/wp\/v2\/posts\/6638\/revisions\/6642"}],"wp:featuredmedia":[{"embeddable":true,"href":"http:\/\/site.zile.bel.tr\/index.php\/wp-json\/wp\/v2\/media\/6639"}],"wp:attachment":[{"href":"http:\/\/site.zile.bel.tr\/index.php\/wp-json\/wp\/v2\/media?parent=6638"}],"wp:term":[{"taxonomy":"category","embeddable":true,"href":"http:\/\/site.zile.bel.tr\/index.php\/wp-json\/wp\/v2\/categories?post=6638"},{"taxonomy":"post_tag","embeddable":true,"href":"http:\/\/site.zile.bel.tr\/index.php\/wp-json\/wp\/v2\/tags?post=6638"}],"curies":[{"name":"wp","href":"https:\/\/api.w.org\/{rel}","templated":true}]}}