{"id":6648,"date":"2024-01-04T17:52:24","date_gmt":"2024-01-04T14:52:24","guid":{"rendered":"https:\/\/site.zile.bel.tr\/?p=6648"},"modified":"2024-01-04T17:52:56","modified_gmt":"2024-01-04T14:52:56","slug":"kamuoyu-bilgilendirme-mesaji","status":"publish","type":"post","link":"http:\/\/site.zile.bel.tr\/index.php\/2024\/01\/04\/kamuoyu-bilgilendirme-mesaji\/","title":{"rendered":"Kamuoyu Bilgilendirme Mesaj\u0131"},"content":{"rendered":"<p>De\u011ferli Hem\u015ferilerim,<\/p>\n<p>G\u00f6reve geldi\u011fimiz g\u00fcnden itibaren \u015fehrimize hizmet ve kal\u0131c\u0131 eserler kazand\u0131rma konusunda bir\u00e7ok \u00e7al\u0131\u015fmam\u0131z hizmetimiz olmu\u015ftur. Bu hizmetlerimizin ger\u00e7ekle\u015ftirilmesi s\u0131ras\u0131nda bir\u00e7ok kez siyasi \u00e7eki\u015fmelerden kaynakl\u0131 olarak, muhalefet kanad\u0131ndan baz\u0131 isimlerin haks\u0131z s\u00f6ylemleri olmu\u015ftur. Bu s\u00f6ylemlerin hi\u00e7birisine itibar etmedik.<\/p>\n<p>Ancak 03.01.2024 tarihli Belediye Meclisimizde al\u0131nan imar karar\u0131 ile ilgili gerek \u015fahs\u0131ma, gerek aile bireylerime y\u00f6nelik \u00e7irkin, mesnetsiz ve yalanlarla dolu iftiralar kar\u015f\u0131s\u0131nda kamuoyunu bilgilendirme mecburiyeti do\u011fmu\u015ftur.<\/p>\n<p>Belediye Meclisi\u2019nde ald\u0131\u011f\u0131m\u0131z imar plan\u0131 karar\u0131yla ilgili ger\u00e7ekleri bizzat bizlerden \u00f6\u011frenmek yerine, konuyu sapt\u0131rarak, \u015fahs\u0131ma yap\u0131lmaya \u00e7al\u0131\u015f\u0131lan itibar suikast\u0131n\u0131 ve buna te\u015fne olan siyasi fig\u00fcrleri esefle k\u0131n\u0131yorum.<\/p>\n<p>De\u011ferli Hem\u015ferilerim,<\/p>\n<p>\u00d6ncelikle 03.01.2024 tarihli meclis toplant\u0131s\u0131nda kabul edilen uygulama imar plan\u0131 ile \u015fehrimizde y\u0131llard\u0131r kronik hale gelen ve vatanda\u015flar\u0131m\u0131z\u0131n da ma\u011fduriyetlerine sebep olan durumlar\u0131n giderilmesi ve \u015fehrimizin kentsel geli\u015fiminin \u00f6n\u00fcn\u00fcn a\u00e7\u0131lmas\u0131 ama\u00e7lanm\u0131\u015ft\u0131r.<\/p>\n<p>Bu anlay\u0131\u015ftan yola \u00e7\u0131karak \u015fehrimiz, Beylik \u00c7ay\u0131r\u0131 mevkii (216 d\u00f6n\u00fcm), Minare-Sa\u011f\u0131r Mahallesi (275 d\u00f6n\u00fcm), Kislik Mahallesi (40 d\u00f6n\u00fcm), A\u011fa Baba mevkii (100 d\u00f6n\u00fcm\u00fc ye\u015fil alan olarak ayr\u0131lm\u0131\u015f toplam 200 d\u00f6n\u00fcm),K\u00fcme Evler Mevkii-\u00c7ekerek Yolu (170 d\u00f6n\u00fcm), Turhal Yolu sanayi ve ticaret alan\u0131 (1900 d\u00f6n\u00fcm) olmak \u00fczere, fiili yap\u0131la\u015fmalar\u0131n da bulundu\u011fu toplam 2.701 d\u00f6n\u00fcm alan\u0131n imar plan\u0131na d\u00e2hil edilmesi sa\u011flanm\u0131\u015ft\u0131r. Buna ilaveten y\u0131llard\u0131r ye\u015fil alan olarak tescil edilmi\u015f, ancak kamula\u015ft\u0131r\u0131lmas\u0131 yap\u0131lamam\u0131\u015f, belediyemiz ile hukuki s\u00fcre\u00e7leri devam eden yerlerin imar plan\u0131 de\u011fi\u015fikli\u011fiyle hak kay\u0131plar\u0131n\u0131n da \u00f6n\u00fcne ge\u00e7ilmesi, ihtilaflar\u0131n \u00f6nlenmesine \u00e7al\u0131\u015f\u0131lm\u0131\u015ft\u0131r. Bu sayede belediyemizle hak kayb\u0131 ya\u015fayan vatanda\u015flar\u0131m\u0131z aras\u0131nda belediyemizi tazminat y\u00fck\u00fcml\u00fcl\u00fckleriyle u\u011fra\u015ft\u0131racak s\u00fcrecin de \u00f6n\u00fcne ge\u00e7ilmesi sa\u011flanm\u0131\u015ft\u0131r.<\/p>\n<p>Yerel se\u00e7imlerin yakla\u015fmas\u0131n\u0131 f\u0131rsat bilen ve bilgisayar ba\u015f\u0131nda s\u00fcrekli insanlara iftira atan, ger\u00e7e\u011fi \u00f6\u011frenme zahmetine girmeyen, sosyal medyada yalan yanl\u0131\u015f yazan cehl-i m\u00fcrekkep s\u00f6zde gazetecinin iftiralar\u0131n\u0131 kendilerine dayanak yapmaya \u00e7al\u0131\u015fanlar\u0131 bir kez daha d\u00fc\u015f\u00fcnmeye ve siyasi eti\u011fe davet ediyorum.<\/p>\n<p>De\u011ferli Hem\u015ferilerim,<\/p>\n<p>Yap\u0131lan uygulama imar plan\u0131 toplam 2701 d\u00f6n\u00fcm alan i\u00e7indir. Dedikodusu edilen 50 d\u00f6n\u00fcml\u00fck alan, bu 2701 d\u00f6n\u00fcml\u00fck alan\u0131n i\u00e7indedir. Bu 50 d\u00f6n\u00fcml\u00fck alan\u0131n sahibi ger\u00e7ek ki\u015filer olup, bu alan \u00fczerinde yap\u0131lmas\u0131 d\u00fc\u015f\u00fcn\u00fclen 2 katl\u0131 konutlar i\u00e7in s\u00f6z\u00fc edilen kooperatifle konut yap\u0131m\u0131 \u00fczerinde anla\u015f\u0131lm\u0131\u015ft\u0131r. S\u00f6z konusu kooperatif bu talepte bulunurken alan\u0131n ger\u00e7ek sahipleri ile yapm\u0131\u015f olduklar\u0131 \u201c\u201cArsa Pay\u0131 2 katl\u0131 konut Kar\u015f\u0131l\u0131\u011f\u0131 \u0130n\u015faat S\u00f6zle\u015fmesini\u201dde ibraz etmi\u015flerdir.<\/p>\n<p>Bu 50 d\u00f6n\u00fcml\u00fck alan\u0131n ger\u00e7ek sahibi s\u00f6z\u00fc edilen kooperatif de\u011fildir. Arsan\u0131n ger\u00e7ek sahipleri ad\u0131 ge\u00e7en kooperatifle d\u00fczenledikleri \u201cArsa Pay\u0131 2 katl\u0131 konut Kar\u015f\u0131l\u0131\u011f\u0131 \u0130n\u015faat S\u00f6zle\u015fmesi\u201d gere\u011fince de \u201c\u2026imar uygulamas\u0131n\u0131n ger\u00e7ekle\u015fmemesi durumunda kooperatif mal sahiplerinin arazilerini eski haline getirerek iade etmekle y\u00fck\u00fcml\u00fc olduklar\u0131n\u0131\u201d beyan etmi\u015flerdir.<\/p>\n<p>Kald\u0131 ki, ya\u015fad\u0131\u011f\u0131m\u0131z 6 \u015eubat 2023 tarihli iki b\u00fcy\u00fck deprem felaketiyle birlikte vatanda\u015flar\u0131m\u0131zdan gelen azami 2 katl\u0131 m\u00fcstakil ev ve site yap\u0131m alan\u0131 isteklerini gidermek amac\u0131yla da, Cumhurba\u015fkan\u0131m\u0131z\u0131n da ba\u015flatt\u0131\u011f\u0131 yatay mimari ve diren\u00e7li \u015fehirler projesi kapsam\u0131nda \u015fehrimiz Minare-i Sa\u011f\u0131r mahallesinde yama\u00e7l\u0131k alanda ve sert zemine sahip, 275 d\u00f6n\u00fcml\u00fck alan 2 katl\u0131 olmak \u015fart\u0131yla uygulama imar plan\u0131 i\u00e7erisine d\u00e2hil edilmi\u015ftir. S\u00f6z konusu alandaki m\u00fclk sahipleri ve 2 katl\u0131 konut yapmak isteyen t\u00fcm vatanda\u015flar\u0131m\u0131z bu haktan yararlanabilirler.<\/p>\n<p>Kald\u0131 ki ad\u0131 ge\u00e7en kooperatif kurucular\u0131 hukuka, yasalara ve vicdana ayk\u0131r\u0131 bir i\u015f yapma niyetinde olmak isteseler kendi isimlerini kullanmamay\u0131 ak\u0131l edebileceklerini, ancak hukuksuz, yasalara ve hakka ayk\u0131r\u0131 hi\u00e7bir i\u015flem yapma niyetinde olmad\u0131klar\u0131n\u0131, ama\u00e7lar\u0131n\u0131n kooperatifler kanununda yer alan depreme dayan\u0131kl\u0131, ucuz konutlar\u0131n in\u015fa etmek amac\u0131yla kurulduklar\u0131n\u0131 bildirmi\u015flerdir.<\/p>\n<p>De\u011ferli hem\u015ferilerim,<\/p>\n<p>\u0130steyen her vatanda\u015f\u0131m\u0131z dedikodulara itibar etmeden, diledi\u011finde Uygulama \u0130mar Plan\u0131 ile ilgili olarak belediyemiz ilgili birimlerinden her t\u00fcrl\u00fc bilgiyi alabilirler.\u00a0 Bug\u00fcne kadar t\u00fcm belediye faaliyetlerimizi a\u00e7\u0131kl\u0131k ve \u015feffafl\u0131k ilkesi ile ger\u00e7ekle\u015ftirdik. Kul hakk\u0131 yemedik. Bundan sonra da bu g\u00f6revimizi anlay\u0131\u015fla s\u00fcrd\u00fcrece\u011fiz.<\/p>\n<p>Bug\u00fcne kadar ki hi\u00e7bir \u00e7al\u0131\u015fmam\u0131zda ve siyasetimizde, ki\u015fisel \u00e7\u0131karlar\u0131m\u0131z\u0131 de\u011fil, memleketimizin ve vatanda\u015flar\u0131m\u0131z\u0131n menfaatlerini \u00f6n planda tuttuk, belediyemizin paras\u0131n\u0131 kimilerinin yapt\u0131\u011f\u0131 gibi har vurup harman savurmad\u0131k. \u00a0Bundan sonra da Cenab-\u0131 Allah \u00f6m\u00fcr vatanda\u015f\u0131m\u0131z da de yetki verdi\u011fi m\u00fcddet\u00e7e bu anlay\u0131\u015fla hizmet etmeye devam edece\u011fiz.<\/p>\n<p>De\u011ferli hem\u015ferilerim, bizler bu \u015fehirde ya\u015f\u0131yor ve y\u00fcz y\u00fcze bak\u0131yoruz. \u00dc\u00e7 g\u00fcnl\u00fck siyasi ve ticari menfaatler i\u00e7in haks\u0131z iftiralar ve bu iftiralardan hareketle siyaseten \u00f6n almaya \u00e7al\u0131\u015f\u0131lmas\u0131 ne insanl\u0131\u011fa ne de siyasi eti\u011fe s\u0131\u011fmaz.<\/p>\n<p>Sayg\u0131lar\u0131m\u0131zla,<\/p>\n<p>\u015e\u00fckr\u00fc SARGIN<\/p>\n<p>Zile Belediye Ba\u015fkan\u0131<\/p>\n","protected":false},"excerpt":{"rendered":"<p>De\u011ferli Hem\u015ferilerim, G\u00f6reve geldi\u011fimiz g\u00fcnden itibaren \u015fehrimize hizmet ve kal\u0131c\u0131 eserler kazand\u0131rma konusunda bir\u00e7ok \u00e7al\u0131\u015fmam\u0131z hizmetimiz olmu\u015ftur. Bu hizmetlerimizin ger\u00e7ekle\u015ftirilmesi s\u0131ras\u0131nda bir\u00e7ok kez siyasi \u00e7eki\u015fmelerden kaynakl\u0131 olarak, muhalefet kanad\u0131ndan baz\u0131 isimlerin haks\u0131z s\u00f6ylemleri olmu\u015ftur. Bu s\u00f6ylemlerin hi\u00e7birisine itibar etmedik. Ancak 03.01.2024 tarihli Belediye Meclisimizde al\u0131nan imar karar\u0131 ile ilgili gerek \u015fahs\u0131ma, gerek aile bireylerime y\u00f6nelik [&hellip;]<\/p>\n","protected":false},"author":1,"featured_media":6649,"comment_status":"open","ping_status":"open","sticky":false,"template":"","format":"standard","meta":{"footnotes":""},"categories":[11],"tags":[],"class_list":["post-6648","post","type-post","status-publish","format-standard","has-post-thumbnail","hentry","category-haberler"],"_links":{"self":[{"href":"http:\/\/site.zile.bel.tr\/index.php\/wp-json\/wp\/v2\/posts\/6648","targetHints":{"allow":["GET"]}}],"collection":[{"href":"http:\/\/site.zile.bel.tr\/index.php\/wp-json\/wp\/v2\/posts"}],"about":[{"href":"http:\/\/site.zile.bel.tr\/index.php\/wp-json\/wp\/v2\/types\/post"}],"author":[{"embeddable":true,"href":"http:\/\/site.zile.bel.tr\/index.php\/wp-json\/wp\/v2\/users\/1"}],"replies":[{"embeddable":true,"href":"http:\/\/site.zile.bel.tr\/index.php\/wp-json\/wp\/v2\/comments?post=6648"}],"version-history":[{"count":2,"href":"http:\/\/site.zile.bel.tr\/index.php\/wp-json\/wp\/v2\/posts\/6648\/revisions"}],"predecessor-version":[{"id":6651,"href":"http:\/\/site.zile.bel.tr\/index.php\/wp-json\/wp\/v2\/posts\/6648\/revisions\/6651"}],"wp:featuredmedia":[{"embeddable":true,"href":"http:\/\/site.zile.bel.tr\/index.php\/wp-json\/wp\/v2\/media\/6649"}],"wp:attachment":[{"href":"http:\/\/site.zile.bel.tr\/index.php\/wp-json\/wp\/v2\/media?parent=6648"}],"wp:term":[{"taxonomy":"category","embeddable":true,"href":"http:\/\/site.zile.bel.tr\/index.php\/wp-json\/wp\/v2\/categories?post=6648"},{"taxonomy":"post_tag","embeddable":true,"href":"http:\/\/site.zile.bel.tr\/index.php\/wp-json\/wp\/v2\/tags?post=6648"}],"curies":[{"name":"wp","href":"https:\/\/api.w.org\/{rel}","templated":true}]}}