{"id":6678,"date":"2023-11-25T16:06:08","date_gmt":"2023-11-25T13:06:08","guid":{"rendered":"https:\/\/site.zile.bel.tr\/?p=6678"},"modified":"2024-01-10T16:08:03","modified_gmt":"2024-01-10T13:08:03","slug":"baskan-sargin-kadina-yonelik-siddet-acizlik-ve-zayifliktir","status":"publish","type":"post","link":"http:\/\/site.zile.bel.tr\/index.php\/2023\/11\/25\/baskan-sargin-kadina-yonelik-siddet-acizlik-ve-zayifliktir\/","title":{"rendered":"Ba\u015fkan Sarg\u0131n, \u201cKad\u0131na Y\u00f6nelik \u015eiddet Acizlik ve Zay\u0131fl\u0131kt\u0131r\u201d"},"content":{"rendered":"<div class=\"xdj266r x11i5rnm xat24cr x1mh8g0r x1vvkbs x126k92a\">\n<div dir=\"auto\">Ba\u015fkan Sarg\u0131n, \u201cKad\u0131na Y\u00f6nelik \u015eiddet Acizlik ve Zay\u0131fl\u0131kt\u0131r\u201d<\/div>\n<div dir=\"auto\"><\/div>\n<\/div>\n<div class=\"x11i5rnm xat24cr x1mh8g0r x1vvkbs xtlvy1s x126k92a\">\n<div dir=\"auto\">Zile Belediye Ba\u015fkan\u0131 \u015e\u00fckr\u00fc Sarg\u0131n, \u201cDili, dini, rengi, \u0131rk\u0131 ne olursa olsun kad\u0131na y\u00f6nelik her t\u00fcrl\u00fc \u015fiddet acizliktir, zay\u0131fl\u0131kt\u0131r ve insanl\u0131k su\u00e7udur. Kad\u0131na \u015fiddet insanl\u0131\u011fa hakarettir\u201d diye konu\u015ftu.<\/div>\n<\/div>\n<div class=\"x11i5rnm xat24cr x1mh8g0r x1vvkbs xtlvy1s x126k92a\">\n<div dir=\"auto\">\u015eiddete u\u011frayan kad\u0131nlar\u0131n her zaman yanlar\u0131nda olduklar\u0131n\u0131 ifade eden Ba\u015fkan Sarg\u0131n, \u015fiddete kar\u015f\u0131 sessiz kalmak ve \u015fiddete g\u00f6z yumman\u0131n m\u00fcmk\u00fcn olmad\u0131\u011f\u0131n\u0131n da alt\u0131n\u0131 \u00e7izerek, &#8220;Unutmamal\u0131y\u0131z ki kad\u0131na y\u00f6nelik \u015fiddetle m\u00fccadele ayn\u0131 zamanda annemizin, e\u015fimizin, k\u0131z\u0131m\u0131z\u0131n hakk\u0131n\u0131, hukukunu, onurunu koruman\u0131n da m\u00fccadelesidir. Bir, insan haklar\u0131 ihlali olan kad\u0131na y\u00f6nelik \u015fiddet dil, din, \u0131rk, s\u0131n\u0131f, mezhep, cinsiyet ay\u0131rt etmeksizin t\u00fcm toplumlar\u0131n ortak sorunudur. Sadece 25 Kas\u0131m Kad\u0131na Y\u00f6nelik \u015eiddete Kar\u015f\u0131 Uluslararas\u0131 M\u00fccadele G\u00fcn\u00fcnde de\u011fil ya\u015fad\u0131\u011f\u0131m\u0131z her g\u00fcn \u015fiddete g\u00f6z yummadan ya\u015fanmas\u0131 gerekiyor&#8221; dedi.<\/div>\n<div dir=\"auto\"><img loading=\"lazy\" decoding=\"async\" class=\"alignnone wp-image-6679\" src=\"http:\/\/site.zile.bel.tr\/wp-content\/uploads\/2024\/01\/111111-300x300.jpg\" alt=\"\" width=\"800\" height=\"800\" srcset=\"http:\/\/site.zile.bel.tr\/wp-content\/uploads\/2024\/01\/111111-300x300.jpg 300w, http:\/\/site.zile.bel.tr\/wp-content\/uploads\/2024\/01\/111111-1024x1024.jpg 1024w, http:\/\/site.zile.bel.tr\/wp-content\/uploads\/2024\/01\/111111-150x150.jpg 150w, http:\/\/site.zile.bel.tr\/wp-content\/uploads\/2024\/01\/111111-768x768.jpg 768w, http:\/\/site.zile.bel.tr\/wp-content\/uploads\/2024\/01\/111111.jpg 1200w\" sizes=\"auto, (max-width: 800px) 100vw, 800px\" \/><\/div>\n<\/div>\n","protected":false},"excerpt":{"rendered":"<p>Ba\u015fkan Sarg\u0131n, \u201cKad\u0131na Y\u00f6nelik \u015eiddet Acizlik ve Zay\u0131fl\u0131kt\u0131r\u201d Zile Belediye Ba\u015fkan\u0131 \u015e\u00fckr\u00fc Sarg\u0131n, \u201cDili, dini, rengi, \u0131rk\u0131 ne olursa olsun kad\u0131na y\u00f6nelik her t\u00fcrl\u00fc \u015fiddet acizliktir, zay\u0131fl\u0131kt\u0131r ve insanl\u0131k su\u00e7udur. Kad\u0131na \u015fiddet insanl\u0131\u011fa hakarettir\u201d diye konu\u015ftu. \u015eiddete u\u011frayan kad\u0131nlar\u0131n her zaman yanlar\u0131nda olduklar\u0131n\u0131 ifade eden Ba\u015fkan Sarg\u0131n, \u015fiddete kar\u015f\u0131 sessiz kalmak ve \u015fiddete g\u00f6z yumman\u0131n [&hellip;]<\/p>\n","protected":false},"author":1,"featured_media":6679,"comment_status":"open","ping_status":"open","sticky":false,"template":"","format":"standard","meta":{"footnotes":""},"categories":[11],"tags":[],"class_list":["post-6678","post","type-post","status-publish","format-standard","has-post-thumbnail","hentry","category-haberler"],"_links":{"self":[{"href":"http:\/\/site.zile.bel.tr\/index.php\/wp-json\/wp\/v2\/posts\/6678","targetHints":{"allow":["GET"]}}],"collection":[{"href":"http:\/\/site.zile.bel.tr\/index.php\/wp-json\/wp\/v2\/posts"}],"about":[{"href":"http:\/\/site.zile.bel.tr\/index.php\/wp-json\/wp\/v2\/types\/post"}],"author":[{"embeddable":true,"href":"http:\/\/site.zile.bel.tr\/index.php\/wp-json\/wp\/v2\/users\/1"}],"replies":[{"embeddable":true,"href":"http:\/\/site.zile.bel.tr\/index.php\/wp-json\/wp\/v2\/comments?post=6678"}],"version-history":[{"count":1,"href":"http:\/\/site.zile.bel.tr\/index.php\/wp-json\/wp\/v2\/posts\/6678\/revisions"}],"predecessor-version":[{"id":6680,"href":"http:\/\/site.zile.bel.tr\/index.php\/wp-json\/wp\/v2\/posts\/6678\/revisions\/6680"}],"wp:featuredmedia":[{"embeddable":true,"href":"http:\/\/site.zile.bel.tr\/index.php\/wp-json\/wp\/v2\/media\/6679"}],"wp:attachment":[{"href":"http:\/\/site.zile.bel.tr\/index.php\/wp-json\/wp\/v2\/media?parent=6678"}],"wp:term":[{"taxonomy":"category","embeddable":true,"href":"http:\/\/site.zile.bel.tr\/index.php\/wp-json\/wp\/v2\/categories?post=6678"},{"taxonomy":"post_tag","embeddable":true,"href":"http:\/\/site.zile.bel.tr\/index.php\/wp-json\/wp\/v2\/tags?post=6678"}],"curies":[{"name":"wp","href":"https:\/\/api.w.org\/{rel}","templated":true}]}}