{"id":6713,"date":"2023-12-05T16:19:34","date_gmt":"2023-12-05T13:19:34","guid":{"rendered":"https:\/\/site.zile.bel.tr\/?p=6713"},"modified":"2024-01-10T16:22:03","modified_gmt":"2024-01-10T13:22:03","slug":"zileye-fakulte-kazandirilmasi-icin-ilk-adim-atildi","status":"publish","type":"post","link":"http:\/\/site.zile.bel.tr\/index.php\/2023\/12\/05\/zileye-fakulte-kazandirilmasi-icin-ilk-adim-atildi\/","title":{"rendered":"Zile\u2019ye fak\u00fclte kazand\u0131r\u0131lmas\u0131 i\u00e7in ilk ad\u0131m at\u0131ld\u0131"},"content":{"rendered":"<div class=\"xdj266r x11i5rnm xat24cr x1mh8g0r x1vvkbs x126k92a\">\n<div dir=\"auto\">Zile\u2019ye fak\u00fclte kazand\u0131r\u0131lmas\u0131 i\u00e7in ilk ad\u0131m at\u0131ld\u0131<\/div>\n<div dir=\"auto\"><\/div>\n<\/div>\n<div class=\"x11i5rnm xat24cr x1mh8g0r x1vvkbs xtlvy1s x126k92a\">\n<div dir=\"auto\">Zile Meslek Y\u00fcksek Okulu taraf\u0131ndan organize edilen \u2018Mesleki E\u011fitim \u00c7al\u0131\u015ftay\u0131\u2019 ile il\u00e7emize fak\u00fclte ve kamp\u00fcse yeni binalar kazand\u0131r\u0131lmas\u0131 i\u00e7in ilk ad\u0131m at\u0131ld\u0131. Zile\u2019ye fak\u00fclte kazand\u0131r\u0131lmas\u0131 i\u00e7in s\u00fcrekli giri\u015fmelerde bulundu\u011funu belirten Zile Belediye Ba\u015fkan\u0131 \u015e\u00fckr\u00fc Sarg\u0131n, yap\u0131lan \u00e7al\u0131\u015ftay\u0131 \u00f6nemsediklerini dile getirdi.<\/div>\n<\/div>\n<div class=\"x11i5rnm xat24cr x1mh8g0r x1vvkbs xtlvy1s x126k92a\">\n<div dir=\"auto\">Zile Meslek Y\u00fcksek Okulu M\u00fcd\u00fcr\u00fc Do\u00e7. Dr. Yavuz A\u00e7ungil mod\u00fclat\u00f6rl\u00fc\u011f\u00fcnde ger\u00e7ekle\u015fen \u00e7al\u0131\u015ftaya Zile \u0130l\u00e7e Kaymakam\u0131 Mehmet Ali Aky\u00fcz, Zile Belediye Ba\u015fkan\u0131 \u015e\u00fckr\u00fc Sarg\u0131n, Tokat Gaziosmanpa\u015fa \u00dcniversitesi Meslek Y\u00fcksek Okullar Koordinat\u00f6r\u00fc Resul Ger\u00e7ek\u00e7io\u011flu, il\u00e7e meslek y\u00fcksek okullar\u0131 m\u00fcd\u00fcrleri, STK ve firma temsilcileri kat\u0131ld\u0131.<\/div>\n<div dir=\"auto\">\n\n\t\t<style type=\"text\/css\">\n\t\t\t#gallery-1 {\n\t\t\t\tmargin: auto;\n\t\t\t}\n\t\t\t#gallery-1 .gallery-item {\n\t\t\t\tfloat: left;\n\t\t\t\tmargin-top: 10px;\n\t\t\t\ttext-align: center;\n\t\t\t\twidth: 33%;\n\t\t\t}\n\t\t\t#gallery-1 img {\n\t\t\t\tborder: 2px solid #cfcfcf;\n\t\t\t}\n\t\t\t#gallery-1 .gallery-caption {\n\t\t\t\tmargin-left: 0;\n\t\t\t}\n\t\t\t\/* see gallery_shortcode() in wp-includes\/media.php *\/\n\t\t<\/style>\n\t\t<div id='gallery-1' class='gallery galleryid-6713 gallery-columns-3 gallery-size-thumbnail'><dl class='gallery-item'>\n\t\t\t<dt class='gallery-icon landscape'>\n\t\t\t\t<a href='http:\/\/site.zile.bel.tr\/wp-content\/uploads\/2024\/01\/407065302_388402776900811_5392629330694228076_n.jpg'><img loading=\"lazy\" decoding=\"async\" width=\"150\" height=\"150\" src=\"http:\/\/site.zile.bel.tr\/wp-content\/uploads\/2024\/01\/407065302_388402776900811_5392629330694228076_n-150x150.jpg\" class=\"attachment-thumbnail size-thumbnail\" alt=\"\" \/><\/a>\n\t\t\t<\/dt><\/dl><dl class='gallery-item'>\n\t\t\t<dt class='gallery-icon landscape'>\n\t\t\t\t<a href='http:\/\/site.zile.bel.tr\/wp-content\/uploads\/2024\/01\/407142416_388402180234204_1058659995356287651_n.jpg'><img loading=\"lazy\" decoding=\"async\" width=\"150\" height=\"150\" src=\"http:\/\/site.zile.bel.tr\/wp-content\/uploads\/2024\/01\/407142416_388402180234204_1058659995356287651_n-150x150.jpg\" class=\"attachment-thumbnail size-thumbnail\" alt=\"\" \/><\/a>\n\t\t\t<\/dt><\/dl><dl class='gallery-item'>\n\t\t\t<dt class='gallery-icon landscape'>\n\t\t\t\t<a href='http:\/\/site.zile.bel.tr\/wp-content\/uploads\/2024\/01\/407196946_388402676900821_9083746154340491278_n.jpg'><img loading=\"lazy\" decoding=\"async\" width=\"150\" height=\"150\" src=\"http:\/\/site.zile.bel.tr\/wp-content\/uploads\/2024\/01\/407196946_388402676900821_9083746154340491278_n-150x150.jpg\" class=\"attachment-thumbnail size-thumbnail\" alt=\"\" \/><\/a>\n\t\t\t<\/dt><\/dl><br style=\"clear: both\" \/><dl class='gallery-item'>\n\t\t\t<dt class='gallery-icon landscape'>\n\t\t\t\t<a href='http:\/\/site.zile.bel.tr\/wp-content\/uploads\/2024\/01\/407946670_388402460234176_5835001480608036066_n.jpg'><img loading=\"lazy\" decoding=\"async\" width=\"150\" height=\"150\" src=\"http:\/\/site.zile.bel.tr\/wp-content\/uploads\/2024\/01\/407946670_388402460234176_5835001480608036066_n-150x150.jpg\" class=\"attachment-thumbnail size-thumbnail\" alt=\"\" \/><\/a>\n\t\t\t<\/dt><\/dl><dl class='gallery-item'>\n\t\t\t<dt class='gallery-icon landscape'>\n\t\t\t\t<a href='http:\/\/site.zile.bel.tr\/wp-content\/uploads\/2024\/01\/407990589_388402710234151_7916513582581339617_n.jpg'><img loading=\"lazy\" decoding=\"async\" width=\"150\" height=\"150\" src=\"http:\/\/site.zile.bel.tr\/wp-content\/uploads\/2024\/01\/407990589_388402710234151_7916513582581339617_n-150x150.jpg\" class=\"attachment-thumbnail size-thumbnail\" alt=\"\" \/><\/a>\n\t\t\t<\/dt><\/dl><dl class='gallery-item'>\n\t\t\t<dt class='gallery-icon landscape'>\n\t\t\t\t<a href='http:\/\/site.zile.bel.tr\/wp-content\/uploads\/2024\/01\/408010498_388402230234199_5500448067358748205_n.jpg'><img loading=\"lazy\" decoding=\"async\" width=\"150\" height=\"150\" src=\"http:\/\/site.zile.bel.tr\/wp-content\/uploads\/2024\/01\/408010498_388402230234199_5500448067358748205_n-150x150.jpg\" class=\"attachment-thumbnail size-thumbnail\" alt=\"\" \/><\/a>\n\t\t\t<\/dt><\/dl><br style=\"clear: both\" \/>\n\t\t<\/div>\n\n<\/div>\n<\/div>\n","protected":false},"excerpt":{"rendered":"<p>Zile\u2019ye fak\u00fclte kazand\u0131r\u0131lmas\u0131 i\u00e7in ilk ad\u0131m at\u0131ld\u0131 Zile Meslek Y\u00fcksek Okulu taraf\u0131ndan organize edilen \u2018Mesleki E\u011fitim \u00c7al\u0131\u015ftay\u0131\u2019 ile il\u00e7emize fak\u00fclte ve kamp\u00fcse yeni binalar kazand\u0131r\u0131lmas\u0131 i\u00e7in ilk ad\u0131m at\u0131ld\u0131. Zile\u2019ye fak\u00fclte kazand\u0131r\u0131lmas\u0131 i\u00e7in s\u00fcrekli giri\u015fmelerde bulundu\u011funu belirten Zile Belediye Ba\u015fkan\u0131 \u015e\u00fckr\u00fc Sarg\u0131n, yap\u0131lan \u00e7al\u0131\u015ftay\u0131 \u00f6nemsediklerini dile getirdi. Zile Meslek Y\u00fcksek Okulu M\u00fcd\u00fcr\u00fc Do\u00e7. Dr. Yavuz [&hellip;]<\/p>\n","protected":false},"author":1,"featured_media":6715,"comment_status":"open","ping_status":"open","sticky":false,"template":"","format":"standard","meta":{"footnotes":""},"categories":[11],"tags":[],"class_list":["post-6713","post","type-post","status-publish","format-standard","has-post-thumbnail","hentry","category-haberler"],"_links":{"self":[{"href":"http:\/\/site.zile.bel.tr\/index.php\/wp-json\/wp\/v2\/posts\/6713","targetHints":{"allow":["GET"]}}],"collection":[{"href":"http:\/\/site.zile.bel.tr\/index.php\/wp-json\/wp\/v2\/posts"}],"about":[{"href":"http:\/\/site.zile.bel.tr\/index.php\/wp-json\/wp\/v2\/types\/post"}],"author":[{"embeddable":true,"href":"http:\/\/site.zile.bel.tr\/index.php\/wp-json\/wp\/v2\/users\/1"}],"replies":[{"embeddable":true,"href":"http:\/\/site.zile.bel.tr\/index.php\/wp-json\/wp\/v2\/comments?post=6713"}],"version-history":[{"count":1,"href":"http:\/\/site.zile.bel.tr\/index.php\/wp-json\/wp\/v2\/posts\/6713\/revisions"}],"predecessor-version":[{"id":6720,"href":"http:\/\/site.zile.bel.tr\/index.php\/wp-json\/wp\/v2\/posts\/6713\/revisions\/6720"}],"wp:featuredmedia":[{"embeddable":true,"href":"http:\/\/site.zile.bel.tr\/index.php\/wp-json\/wp\/v2\/media\/6715"}],"wp:attachment":[{"href":"http:\/\/site.zile.bel.tr\/index.php\/wp-json\/wp\/v2\/media?parent=6713"}],"wp:term":[{"taxonomy":"category","embeddable":true,"href":"http:\/\/site.zile.bel.tr\/index.php\/wp-json\/wp\/v2\/categories?post=6713"},{"taxonomy":"post_tag","embeddable":true,"href":"http:\/\/site.zile.bel.tr\/index.php\/wp-json\/wp\/v2\/tags?post=6713"}],"curies":[{"name":"wp","href":"https:\/\/api.w.org\/{rel}","templated":true}]}}