{"id":6721,"date":"2023-12-06T16:22:08","date_gmt":"2023-12-06T13:22:08","guid":{"rendered":"https:\/\/site.zile.bel.tr\/?p=6721"},"modified":"2024-01-10T16:23:23","modified_gmt":"2024-01-10T13:23:23","slug":"bugday-uretimini-yayginlastirma-projesine-devam-ediyor","status":"publish","type":"post","link":"http:\/\/site.zile.bel.tr\/index.php\/2023\/12\/06\/bugday-uretimini-yayginlastirma-projesine-devam-ediyor\/","title":{"rendered":"bu\u011fday \u00fcretimini yayg\u0131nla\u015ft\u0131rma projesine devam ediyor"},"content":{"rendered":"<div class=\"xdj266r x11i5rnm xat24cr x1mh8g0r x1vvkbs x126k92a\">\n<div dir=\"auto\">Zile Belediyesi, bu\u011fday \u00fcretimini yayg\u0131nla\u015ft\u0131rma projesine devam ediyor. Zile Belediyesi Park ve Bah\u00e7eler M\u00fcd\u00fcrl\u00fc\u011f\u00fc, \u0130stasyon mahallesinde bulunan belediye arazisinde bu\u011fday tohumunu toprakla bulu\u015fturdu.<\/div>\n<\/div>\n<div class=\"x11i5rnm xat24cr x1mh8g0r x1vvkbs xtlvy1s x126k92a\">\n<div dir=\"auto\">Bu\u011fday\u0131n il\u00e7emizde yeti\u015ftirilmesi i\u00e7in \u00e7al\u0131\u015fmalara her y\u0131l devam ettiklerini belirten Zile Belediye Ba\u015fkan\u0131 \u015e\u00fckr\u00fc Sarg\u0131n, \u201cZile gibi geni\u015f tar\u0131m arazilerine sahip, iklim bak\u0131m\u0131ndan elveri\u015fli bu b\u00f6lgelerde \u00e7ok \u00f6nemli bir misyonumuz var. Zile olarak \u00fclkemizin sa\u011fl\u0131kl\u0131 g\u0131daya eri\u015fimi noktas\u0131nda bir misyona sahip olabiliriz. Her y\u0131l oldu\u011fu gibi hasat sonras\u0131 elde etti\u011fimiz bu\u011fday\u0131 \u00e7ift\u00e7ilerimize \u00fccretsiz da\u011f\u0131t\u0131m\u0131n\u0131 yapaca\u011f\u0131z. \u0130l\u00e7emizin geli\u015fmesi a\u00e7\u0131s\u0131ndan turizm ve tar\u0131m odakl\u0131 \u00e7al\u0131\u015fmalar\u0131m\u0131z devam ediyor\u201d \u015feklinde konu\u015ftu.<\/div>\n<div dir=\"auto\"><img loading=\"lazy\" decoding=\"async\" class=\"alignnone wp-image-6722\" src=\"http:\/\/site.zile.bel.tr\/wp-content\/uploads\/2024\/01\/408023687_388910350183387_3130037641270757432_n-300x225.jpg\" alt=\"\" width=\"800\" height=\"600\" srcset=\"http:\/\/site.zile.bel.tr\/wp-content\/uploads\/2024\/01\/408023687_388910350183387_3130037641270757432_n-300x225.jpg 300w, http:\/\/site.zile.bel.tr\/wp-content\/uploads\/2024\/01\/408023687_388910350183387_3130037641270757432_n-768x576.jpg 768w, http:\/\/site.zile.bel.tr\/wp-content\/uploads\/2024\/01\/408023687_388910350183387_3130037641270757432_n.jpg 1024w\" sizes=\"auto, (max-width: 800px) 100vw, 800px\" \/><\/div>\n<\/div>\n","protected":false},"excerpt":{"rendered":"<p>Zile Belediyesi, bu\u011fday \u00fcretimini yayg\u0131nla\u015ft\u0131rma projesine devam ediyor. Zile Belediyesi Park ve Bah\u00e7eler M\u00fcd\u00fcrl\u00fc\u011f\u00fc, \u0130stasyon mahallesinde bulunan belediye arazisinde bu\u011fday tohumunu toprakla bulu\u015fturdu. Bu\u011fday\u0131n il\u00e7emizde yeti\u015ftirilmesi i\u00e7in \u00e7al\u0131\u015fmalara her y\u0131l devam ettiklerini belirten Zile Belediye Ba\u015fkan\u0131 \u015e\u00fckr\u00fc Sarg\u0131n, \u201cZile gibi geni\u015f tar\u0131m arazilerine sahip, iklim bak\u0131m\u0131ndan elveri\u015fli bu b\u00f6lgelerde \u00e7ok \u00f6nemli bir misyonumuz var. Zile [&hellip;]<\/p>\n","protected":false},"author":1,"featured_media":6722,"comment_status":"open","ping_status":"open","sticky":false,"template":"","format":"standard","meta":{"footnotes":""},"categories":[11],"tags":[],"class_list":["post-6721","post","type-post","status-publish","format-standard","has-post-thumbnail","hentry","category-haberler"],"_links":{"self":[{"href":"http:\/\/site.zile.bel.tr\/index.php\/wp-json\/wp\/v2\/posts\/6721","targetHints":{"allow":["GET"]}}],"collection":[{"href":"http:\/\/site.zile.bel.tr\/index.php\/wp-json\/wp\/v2\/posts"}],"about":[{"href":"http:\/\/site.zile.bel.tr\/index.php\/wp-json\/wp\/v2\/types\/post"}],"author":[{"embeddable":true,"href":"http:\/\/site.zile.bel.tr\/index.php\/wp-json\/wp\/v2\/users\/1"}],"replies":[{"embeddable":true,"href":"http:\/\/site.zile.bel.tr\/index.php\/wp-json\/wp\/v2\/comments?post=6721"}],"version-history":[{"count":1,"href":"http:\/\/site.zile.bel.tr\/index.php\/wp-json\/wp\/v2\/posts\/6721\/revisions"}],"predecessor-version":[{"id":6723,"href":"http:\/\/site.zile.bel.tr\/index.php\/wp-json\/wp\/v2\/posts\/6721\/revisions\/6723"}],"wp:featuredmedia":[{"embeddable":true,"href":"http:\/\/site.zile.bel.tr\/index.php\/wp-json\/wp\/v2\/media\/6722"}],"wp:attachment":[{"href":"http:\/\/site.zile.bel.tr\/index.php\/wp-json\/wp\/v2\/media?parent=6721"}],"wp:term":[{"taxonomy":"category","embeddable":true,"href":"http:\/\/site.zile.bel.tr\/index.php\/wp-json\/wp\/v2\/categories?post=6721"},{"taxonomy":"post_tag","embeddable":true,"href":"http:\/\/site.zile.bel.tr\/index.php\/wp-json\/wp\/v2\/tags?post=6721"}],"curies":[{"name":"wp","href":"https:\/\/api.w.org\/{rel}","templated":true}]}}