{"id":6724,"date":"2023-12-11T16:23:27","date_gmt":"2023-12-11T13:23:27","guid":{"rendered":"https:\/\/site.zile.bel.tr\/?p=6724"},"modified":"2024-01-10T16:26:05","modified_gmt":"2024-01-10T13:26:05","slug":"6724","status":"publish","type":"post","link":"http:\/\/site.zile.bel.tr\/index.php\/2023\/12\/11\/6724\/","title":{"rendered":""},"content":{"rendered":"<div class=\"xdj266r x11i5rnm xat24cr x1mh8g0r x1vvkbs x126k92a\">\n<div dir=\"auto\">Ba\u015fkan Sarg\u0131n \u00c7evreci \u00d6\u011frencilere \u00d6d\u00fcl Verdi<\/div>\n<div dir=\"auto\"><img loading=\"lazy\" decoding=\"async\" class=\"alignnone wp-image-6725\" src=\"http:\/\/site.zile.bel.tr\/wp-content\/uploads\/2024\/01\/409187137_391862409888181_4942234355448458827_n-300x200.jpg\" alt=\"\" width=\"800\" height=\"533\" srcset=\"http:\/\/site.zile.bel.tr\/wp-content\/uploads\/2024\/01\/409187137_391862409888181_4942234355448458827_n-300x200.jpg 300w, http:\/\/site.zile.bel.tr\/wp-content\/uploads\/2024\/01\/409187137_391862409888181_4942234355448458827_n-768x512.jpg 768w, http:\/\/site.zile.bel.tr\/wp-content\/uploads\/2024\/01\/409187137_391862409888181_4942234355448458827_n.jpg 1024w\" sizes=\"auto, (max-width: 800px) 100vw, 800px\" \/><\/div>\n<div dir=\"auto\"><\/div>\n<\/div>\n<div class=\"x11i5rnm xat24cr x1mh8g0r x1vvkbs xtlvy1s x126k92a\">\n<div dir=\"auto\">Zile Belediyesi, ortaokul \u00f6\u011frencileri aras\u0131nda d\u00fczenledi\u011fi \u2018S\u0131f\u0131r At\u0131k\u2019 yar\u0131\u015fmas\u0131nda dereceye giren \u00f6\u011frencilere \u00f6d\u00fcl verdi. Zile Belediye Ba\u015fkan\u0131 \u015e\u00fckr\u00fc Sarg\u0131n dereceye giren \u00f6\u011frencilere \u00f6d\u00fcllerini takdim etti.<\/div>\n<\/div>\n<div class=\"x11i5rnm xat24cr x1mh8g0r x1vvkbs xtlvy1s x126k92a\">\n<div dir=\"auto\">D\u00fczenlenen yar\u0131\u015fmada 1\u2019nci ve 2\u2019nci olanlara bisiklet verilirken 3\u2019nc\u00fc, 4\u2019nc\u00fc ve 5\u2019nci olan \u00f6\u011frencilere kol saati ve di\u011fer kat\u0131l\u0131mc\u0131lara ise Gazi Mustafa Kemal Atat\u00fcrk biblosu hediye verildi.<\/div>\n<div dir=\"auto\"><img loading=\"lazy\" decoding=\"async\" class=\"alignnone wp-image-6726\" src=\"http:\/\/site.zile.bel.tr\/wp-content\/uploads\/2024\/01\/409204526_391862496554839_3359049963178431716_n-300x200.jpg\" alt=\"\" width=\"800\" height=\"533\" srcset=\"http:\/\/site.zile.bel.tr\/wp-content\/uploads\/2024\/01\/409204526_391862496554839_3359049963178431716_n-300x200.jpg 300w, http:\/\/site.zile.bel.tr\/wp-content\/uploads\/2024\/01\/409204526_391862496554839_3359049963178431716_n-768x512.jpg 768w, http:\/\/site.zile.bel.tr\/wp-content\/uploads\/2024\/01\/409204526_391862496554839_3359049963178431716_n.jpg 1024w\" sizes=\"auto, (max-width: 800px) 100vw, 800px\" \/><\/div>\n<div dir=\"auto\"><\/div>\n<div dir=\"auto\">D\u00fcnyan\u0131n en b\u00fcy\u00fck sorunlar\u0131ndan birisinin iklim de\u011fi\u015fikli\u011fi ve \u00e7evre oldu\u011funu ifade eden Ba\u015fkan Sarg\u0131n, \u201cArt\u0131k hissedilebilir bir \u015fekilde d\u00fcnya alarm vermeye ba\u015flad\u0131 ve \u00e7evre duyarl\u0131l\u0131\u011f\u0131n\u0131 art\u0131rmak i\u00e7in bu tarz aktivitelere \u00f6ncelik vermeyi s\u00fcrd\u00fcrece\u011fiz\u201d dedi.<\/div>\n<div dir=\"auto\">\n\n\t\t<style type=\"text\/css\">\n\t\t\t#gallery-1 {\n\t\t\t\tmargin: auto;\n\t\t\t}\n\t\t\t#gallery-1 .gallery-item {\n\t\t\t\tfloat: left;\n\t\t\t\tmargin-top: 10px;\n\t\t\t\ttext-align: center;\n\t\t\t\twidth: 33%;\n\t\t\t}\n\t\t\t#gallery-1 img {\n\t\t\t\tborder: 2px solid #cfcfcf;\n\t\t\t}\n\t\t\t#gallery-1 .gallery-caption {\n\t\t\t\tmargin-left: 0;\n\t\t\t}\n\t\t\t\/* see gallery_shortcode() in wp-includes\/media.php *\/\n\t\t<\/style>\n\t\t<div id='gallery-1' class='gallery galleryid-6724 gallery-columns-3 gallery-size-thumbnail'><dl class='gallery-item'>\n\t\t\t<dt class='gallery-icon landscape'>\n\t\t\t\t<a href='http:\/\/site.zile.bel.tr\/wp-content\/uploads\/2024\/01\/409147235_391862563221499_3738697413969966638_n.jpg'><img loading=\"lazy\" decoding=\"async\" width=\"150\" height=\"150\" src=\"http:\/\/site.zile.bel.tr\/wp-content\/uploads\/2024\/01\/409147235_391862563221499_3738697413969966638_n-150x150.jpg\" class=\"attachment-thumbnail size-thumbnail\" alt=\"\" \/><\/a>\n\t\t\t<\/dt><\/dl><dl class='gallery-item'>\n\t\t\t<dt class='gallery-icon landscape'>\n\t\t\t\t<a href='http:\/\/site.zile.bel.tr\/wp-content\/uploads\/2024\/01\/409175812_391862543221501_6471139504975961495_n.jpg'><img loading=\"lazy\" decoding=\"async\" width=\"150\" height=\"150\" src=\"http:\/\/site.zile.bel.tr\/wp-content\/uploads\/2024\/01\/409175812_391862543221501_6471139504975961495_n-150x150.jpg\" class=\"attachment-thumbnail size-thumbnail\" alt=\"\" \/><\/a>\n\t\t\t<\/dt><\/dl><dl class='gallery-item'>\n\t\t\t<dt class='gallery-icon landscape'>\n\t\t\t\t<a href='http:\/\/site.zile.bel.tr\/wp-content\/uploads\/2024\/01\/409179283_391862666554822_7692544364290864076_n.jpg'><img loading=\"lazy\" decoding=\"async\" width=\"150\" height=\"150\" src=\"http:\/\/site.zile.bel.tr\/wp-content\/uploads\/2024\/01\/409179283_391862666554822_7692544364290864076_n-150x150.jpg\" class=\"attachment-thumbnail size-thumbnail\" alt=\"\" \/><\/a>\n\t\t\t<\/dt><\/dl><br style=\"clear: both\" \/><dl class='gallery-item'>\n\t\t\t<dt class='gallery-icon landscape'>\n\t\t\t\t<a href='http:\/\/site.zile.bel.tr\/wp-content\/uploads\/2024\/01\/409187137_391862409888181_4942234355448458827_n-1.jpg'><img loading=\"lazy\" decoding=\"async\" width=\"150\" height=\"150\" src=\"http:\/\/site.zile.bel.tr\/wp-content\/uploads\/2024\/01\/409187137_391862409888181_4942234355448458827_n-1-150x150.jpg\" class=\"attachment-thumbnail size-thumbnail\" alt=\"\" \/><\/a>\n\t\t\t<\/dt><\/dl><dl class='gallery-item'>\n\t\t\t<dt class='gallery-icon landscape'>\n\t\t\t\t<a href='http:\/\/site.zile.bel.tr\/wp-content\/uploads\/2024\/01\/409187137_391862409888181_4942234355448458827_n-2.jpg'><img loading=\"lazy\" decoding=\"async\" width=\"150\" height=\"150\" src=\"http:\/\/site.zile.bel.tr\/wp-content\/uploads\/2024\/01\/409187137_391862409888181_4942234355448458827_n-2-150x150.jpg\" class=\"attachment-thumbnail size-thumbnail\" alt=\"\" \/><\/a>\n\t\t\t<\/dt><\/dl><dl class='gallery-item'>\n\t\t\t<dt class='gallery-icon landscape'>\n\t\t\t\t<a href='http:\/\/site.zile.bel.tr\/wp-content\/uploads\/2024\/01\/409204526_391862496554839_3359049963178431716_n-1.jpg'><img loading=\"lazy\" decoding=\"async\" width=\"150\" height=\"150\" src=\"http:\/\/site.zile.bel.tr\/wp-content\/uploads\/2024\/01\/409204526_391862496554839_3359049963178431716_n-1-150x150.jpg\" class=\"attachment-thumbnail size-thumbnail\" alt=\"\" \/><\/a>\n\t\t\t<\/dt><\/dl><br style=\"clear: both\" \/><dl class='gallery-item'>\n\t\t\t<dt class='gallery-icon landscape'>\n\t\t\t\t<a href='http:\/\/site.zile.bel.tr\/wp-content\/uploads\/2024\/01\/410384701_391862459888176_8562124360104877250_n-1.jpg'><img loading=\"lazy\" decoding=\"async\" width=\"150\" height=\"150\" src=\"http:\/\/site.zile.bel.tr\/wp-content\/uploads\/2024\/01\/410384701_391862459888176_8562124360104877250_n-1-150x150.jpg\" class=\"attachment-thumbnail size-thumbnail\" alt=\"\" \/><\/a>\n\t\t\t<\/dt><\/dl><dl class='gallery-item'>\n\t\t\t<dt class='gallery-icon landscape'>\n\t\t\t\t<a href='http:\/\/site.zile.bel.tr\/wp-content\/uploads\/2024\/01\/410384701_391862459888176_8562124360104877250_n.jpg'><img loading=\"lazy\" decoding=\"async\" width=\"150\" height=\"150\" src=\"http:\/\/site.zile.bel.tr\/wp-content\/uploads\/2024\/01\/410384701_391862459888176_8562124360104877250_n-150x150.jpg\" class=\"attachment-thumbnail size-thumbnail\" alt=\"\" \/><\/a>\n\t\t\t<\/dt><\/dl>\n\t\t\t<br style='clear: both' \/>\n\t\t<\/div>\n\n<\/div>\n<\/div>\n","protected":false},"excerpt":{"rendered":"<p>Ba\u015fkan Sarg\u0131n \u00c7evreci \u00d6\u011frencilere \u00d6d\u00fcl Verdi Zile Belediyesi, ortaokul \u00f6\u011frencileri aras\u0131nda d\u00fczenledi\u011fi \u2018S\u0131f\u0131r At\u0131k\u2019 yar\u0131\u015fmas\u0131nda dereceye giren \u00f6\u011frencilere \u00f6d\u00fcl verdi. Zile Belediye Ba\u015fkan\u0131 \u015e\u00fckr\u00fc Sarg\u0131n dereceye giren \u00f6\u011frencilere \u00f6d\u00fcllerini takdim etti. D\u00fczenlenen yar\u0131\u015fmada 1\u2019nci ve 2\u2019nci olanlara bisiklet verilirken 3\u2019nc\u00fc, 4\u2019nc\u00fc ve 5\u2019nci olan \u00f6\u011frencilere kol saati ve di\u011fer kat\u0131l\u0131mc\u0131lara ise Gazi Mustafa Kemal Atat\u00fcrk [&hellip;]<\/p>\n","protected":false},"author":1,"featured_media":6731,"comment_status":"open","ping_status":"open","sticky":false,"template":"","format":"standard","meta":{"footnotes":""},"categories":[11],"tags":[],"class_list":["post-6724","post","type-post","status-publish","format-standard","has-post-thumbnail","hentry","category-haberler"],"_links":{"self":[{"href":"http:\/\/site.zile.bel.tr\/index.php\/wp-json\/wp\/v2\/posts\/6724","targetHints":{"allow":["GET"]}}],"collection":[{"href":"http:\/\/site.zile.bel.tr\/index.php\/wp-json\/wp\/v2\/posts"}],"about":[{"href":"http:\/\/site.zile.bel.tr\/index.php\/wp-json\/wp\/v2\/types\/post"}],"author":[{"embeddable":true,"href":"http:\/\/site.zile.bel.tr\/index.php\/wp-json\/wp\/v2\/users\/1"}],"replies":[{"embeddable":true,"href":"http:\/\/site.zile.bel.tr\/index.php\/wp-json\/wp\/v2\/comments?post=6724"}],"version-history":[{"count":1,"href":"http:\/\/site.zile.bel.tr\/index.php\/wp-json\/wp\/v2\/posts\/6724\/revisions"}],"predecessor-version":[{"id":6735,"href":"http:\/\/site.zile.bel.tr\/index.php\/wp-json\/wp\/v2\/posts\/6724\/revisions\/6735"}],"wp:featuredmedia":[{"embeddable":true,"href":"http:\/\/site.zile.bel.tr\/index.php\/wp-json\/wp\/v2\/media\/6731"}],"wp:attachment":[{"href":"http:\/\/site.zile.bel.tr\/index.php\/wp-json\/wp\/v2\/media?parent=6724"}],"wp:term":[{"taxonomy":"category","embeddable":true,"href":"http:\/\/site.zile.bel.tr\/index.php\/wp-json\/wp\/v2\/categories?post=6724"},{"taxonomy":"post_tag","embeddable":true,"href":"http:\/\/site.zile.bel.tr\/index.php\/wp-json\/wp\/v2\/tags?post=6724"}],"curies":[{"name":"wp","href":"https:\/\/api.w.org\/{rel}","templated":true}]}}