{"id":6736,"date":"2023-12-16T16:26:09","date_gmt":"2023-12-16T13:26:09","guid":{"rendered":"https:\/\/site.zile.bel.tr\/?p=6736"},"modified":"2024-01-24T13:30:19","modified_gmt":"2024-01-24T10:30:19","slug":"zileye-250-arac-kapasiteli-ilcenin-en-buyuk-otoparki-yapildi","status":"publish","type":"post","link":"http:\/\/site.zile.bel.tr\/index.php\/2023\/12\/16\/zileye-250-arac-kapasiteli-ilcenin-en-buyuk-otoparki-yapildi\/","title":{"rendered":"Zile\u2019ye 250 ara\u00e7 kapasiteli il\u00e7enin en b\u00fcy\u00fck otopark\u0131 yap\u0131ld\u0131"},"content":{"rendered":"<div class=\"xdj266r x11i5rnm xat24cr x1mh8g0r x1vvkbs x126k92a\">\n<div dir=\"auto\">Zile\u2019ye 250 ara\u00e7 kapasiteli il\u00e7enin en b\u00fcy\u00fck otopark\u0131 yap\u0131ld\u0131<\/div>\n<div dir=\"auto\"><\/div>\n<\/div>\n<div class=\"x11i5rnm xat24cr x1mh8g0r x1vvkbs xtlvy1s x126k92a\">\n<div dir=\"auto\">Tarihi Zile Kalesi\u2019nin alt b\u00f6l\u00fcm\u00fcnde bulunan 4 bin metrekare alana 4 milyon maliyetle il\u00e7enin en b\u00fcy\u00fck otopark\u0131 yap\u0131m\u0131 tamamland\u0131. Kalenin tarihi dokusuna uygun olarak 5 bin metrek\u00fcp ta\u015f duvar kullan\u0131larak yap\u0131lan otopark vatanda\u015flara \u00fccretsiz olarak hizmet verecek. \u0130l\u00e7e turizmi a\u00e7\u0131s\u0131ndan \u00f6nemli olan bu \u00e7al\u0131\u015fman\u0131n ayr\u0131ca ara\u00e7 trafi\u011fini de rahatlataca\u011f\u0131n\u0131 belirten Zile Belediye Ba\u015fkan\u0131 \u015e\u00fckr\u00fc Sarg\u0131n, 250 ara\u00e7 kapasitesi ile il\u00e7enin en b\u00fcy\u00fck otopark\u0131n\u0131 yapt\u0131klar\u0131n\u0131 belirtti.<\/div>\n<\/div>\n<div class=\"x11i5rnm xat24cr x1mh8g0r x1vvkbs xtlvy1s x126k92a\">\n<div dir=\"auto\">\u00dccretsiz vatanda\u015f\u0131n kullan\u0131ma a\u00e7\u0131lan park\u0131n zemin oturmas\u0131 beklendi\u011fini belirten Fen \u0130\u015fleri M\u00fcd\u00fcrl\u00fc\u011f\u00fc, ilerleyen zamanlarda zemin parke \u00e7al\u0131\u015fmas\u0131 yap\u0131laca\u011f\u0131n\u0131 s\u00f6yledi.<\/div>\n<div dir=\"auto\"><img loading=\"lazy\" decoding=\"async\" class=\"alignnone wp-image-6737\" src=\"http:\/\/site.zile.bel.tr\/wp-content\/uploads\/2024\/01\/410567270_394964772911278_193066341396619390_n-300x300.jpg\" alt=\"\" width=\"800\" height=\"800\" srcset=\"http:\/\/site.zile.bel.tr\/wp-content\/uploads\/2024\/01\/410567270_394964772911278_193066341396619390_n-300x300.jpg 300w, http:\/\/site.zile.bel.tr\/wp-content\/uploads\/2024\/01\/410567270_394964772911278_193066341396619390_n-1024x1024.jpg 1024w, http:\/\/site.zile.bel.tr\/wp-content\/uploads\/2024\/01\/410567270_394964772911278_193066341396619390_n-150x150.jpg 150w, http:\/\/site.zile.bel.tr\/wp-content\/uploads\/2024\/01\/410567270_394964772911278_193066341396619390_n-768x768.jpg 768w, http:\/\/site.zile.bel.tr\/wp-content\/uploads\/2024\/01\/410567270_394964772911278_193066341396619390_n-1536x1536.jpg 1536w, http:\/\/site.zile.bel.tr\/wp-content\/uploads\/2024\/01\/410567270_394964772911278_193066341396619390_n.jpg 1600w\" sizes=\"auto, (max-width: 800px) 100vw, 800px\" \/><\/div>\n<\/div>\n","protected":false},"excerpt":{"rendered":"<p>Zile\u2019ye 250 ara\u00e7 kapasiteli il\u00e7enin en b\u00fcy\u00fck otopark\u0131 yap\u0131ld\u0131 Tarihi Zile Kalesi\u2019nin alt b\u00f6l\u00fcm\u00fcnde bulunan 4 bin metrekare alana 4 milyon maliyetle il\u00e7enin en b\u00fcy\u00fck otopark\u0131 yap\u0131m\u0131 tamamland\u0131. Kalenin tarihi dokusuna uygun olarak 5 bin metrek\u00fcp ta\u015f duvar kullan\u0131larak yap\u0131lan otopark vatanda\u015flara \u00fccretsiz olarak hizmet verecek. \u0130l\u00e7e turizmi a\u00e7\u0131s\u0131ndan \u00f6nemli olan bu \u00e7al\u0131\u015fman\u0131n ayr\u0131ca ara\u00e7 [&hellip;]<\/p>\n","protected":false},"author":1,"featured_media":6737,"comment_status":"open","ping_status":"open","sticky":false,"template":"","format":"standard","meta":{"footnotes":""},"categories":[11,8],"tags":[],"class_list":["post-6736","post","type-post","status-publish","format-standard","has-post-thumbnail","hentry","category-haberler","category-tamamlanan-projeler"],"_links":{"self":[{"href":"http:\/\/site.zile.bel.tr\/index.php\/wp-json\/wp\/v2\/posts\/6736","targetHints":{"allow":["GET"]}}],"collection":[{"href":"http:\/\/site.zile.bel.tr\/index.php\/wp-json\/wp\/v2\/posts"}],"about":[{"href":"http:\/\/site.zile.bel.tr\/index.php\/wp-json\/wp\/v2\/types\/post"}],"author":[{"embeddable":true,"href":"http:\/\/site.zile.bel.tr\/index.php\/wp-json\/wp\/v2\/users\/1"}],"replies":[{"embeddable":true,"href":"http:\/\/site.zile.bel.tr\/index.php\/wp-json\/wp\/v2\/comments?post=6736"}],"version-history":[{"count":1,"href":"http:\/\/site.zile.bel.tr\/index.php\/wp-json\/wp\/v2\/posts\/6736\/revisions"}],"predecessor-version":[{"id":6738,"href":"http:\/\/site.zile.bel.tr\/index.php\/wp-json\/wp\/v2\/posts\/6736\/revisions\/6738"}],"wp:featuredmedia":[{"embeddable":true,"href":"http:\/\/site.zile.bel.tr\/index.php\/wp-json\/wp\/v2\/media\/6737"}],"wp:attachment":[{"href":"http:\/\/site.zile.bel.tr\/index.php\/wp-json\/wp\/v2\/media?parent=6736"}],"wp:term":[{"taxonomy":"category","embeddable":true,"href":"http:\/\/site.zile.bel.tr\/index.php\/wp-json\/wp\/v2\/categories?post=6736"},{"taxonomy":"post_tag","embeddable":true,"href":"http:\/\/site.zile.bel.tr\/index.php\/wp-json\/wp\/v2\/tags?post=6736"}],"curies":[{"name":"wp","href":"https:\/\/api.w.org\/{rel}","templated":true}]}}