{"id":6820,"date":"2024-01-26T15:21:07","date_gmt":"2024-01-26T12:21:07","guid":{"rendered":"https:\/\/site.zile.bel.tr\/?p=6820"},"modified":"2024-02-07T15:23:29","modified_gmt":"2024-02-07T12:23:29","slug":"engelli-derneginden-yemek-ikrami","status":"publish","type":"post","link":"http:\/\/site.zile.bel.tr\/index.php\/2024\/01\/26\/engelli-derneginden-yemek-ikrami\/","title":{"rendered":"Engelli Derne\u011finden Yemek \u0130kram\u0131"},"content":{"rendered":"<div dir=\"auto\">Zile Engellilere Meslek Kazand\u0131rma ve Dayan\u0131\u015fma derne\u011fi taraf\u0131ndan il\u00e7e protokol\u00fcne kursiyer \u00f6\u011frencilerin yapm\u0131\u015f oldu\u011fu yemekler ikram edildi. D\u00fczenlenen etkinli\u011fe Zile Kaymakam\u0131 Mehmet Ali Aky\u00fcz, Zile Belediye Ba\u015fkan\u0131 \u015e\u00fckr\u00fc Sarg\u0131n ve il\u00e7e protokol\u00fc kat\u0131ld\u0131.<\/div>\n<div dir=\"auto\">\u00d6zel karde\u015flerin istek ve taleplerini dinleyen ba\u015fkan Sarg\u0131n, bug\u00fcne kadar oldu\u011fu gibi her zaman yanlar\u0131nda olduklar\u0131n\u0131 ve olmaya devam edeceklerini belirtti.<\/div>\n<div dir=\"auto\"><img loading=\"lazy\" decoding=\"async\" class=\"alignnone wp-image-6821\" src=\"http:\/\/site.zile.bel.tr\/wp-content\/uploads\/2024\/02\/421799386_419302593810829_8307439587445305847_n-300x200.jpg\" alt=\"\" width=\"800\" height=\"533\" srcset=\"http:\/\/site.zile.bel.tr\/wp-content\/uploads\/2024\/02\/421799386_419302593810829_8307439587445305847_n-300x200.jpg 300w, http:\/\/site.zile.bel.tr\/wp-content\/uploads\/2024\/02\/421799386_419302593810829_8307439587445305847_n-1024x682.jpg 1024w, http:\/\/site.zile.bel.tr\/wp-content\/uploads\/2024\/02\/421799386_419302593810829_8307439587445305847_n-768x512.jpg 768w, http:\/\/site.zile.bel.tr\/wp-content\/uploads\/2024\/02\/421799386_419302593810829_8307439587445305847_n-1536x1023.jpg 1536w, http:\/\/site.zile.bel.tr\/wp-content\/uploads\/2024\/02\/421799386_419302593810829_8307439587445305847_n.jpg 1600w\" sizes=\"auto, (max-width: 800px) 100vw, 800px\" \/><\/div>\n<div dir=\"auto\"><img loading=\"lazy\" decoding=\"async\" class=\"alignnone wp-image-6822\" src=\"http:\/\/site.zile.bel.tr\/wp-content\/uploads\/2024\/02\/422251314_419307117143710_1421280709582791500_n-300x183.jpg\" alt=\"\" width=\"800\" height=\"488\" srcset=\"http:\/\/site.zile.bel.tr\/wp-content\/uploads\/2024\/02\/422251314_419307117143710_1421280709582791500_n-300x183.jpg 300w, http:\/\/site.zile.bel.tr\/wp-content\/uploads\/2024\/02\/422251314_419307117143710_1421280709582791500_n-1024x624.jpg 1024w, http:\/\/site.zile.bel.tr\/wp-content\/uploads\/2024\/02\/422251314_419307117143710_1421280709582791500_n-768x468.jpg 768w, http:\/\/site.zile.bel.tr\/wp-content\/uploads\/2024\/02\/422251314_419307117143710_1421280709582791500_n-1536x937.jpg 1536w, http:\/\/site.zile.bel.tr\/wp-content\/uploads\/2024\/02\/422251314_419307117143710_1421280709582791500_n.jpg 1991w\" sizes=\"auto, (max-width: 800px) 100vw, 800px\" \/><\/div>\n<div dir=\"auto\"><img loading=\"lazy\" decoding=\"async\" class=\"alignnone wp-image-6823\" src=\"http:\/\/site.zile.bel.tr\/wp-content\/uploads\/2024\/02\/422264767_419302760477479_2864877736895010217_n-300x200.jpg\" alt=\"\" width=\"800\" height=\"533\" srcset=\"http:\/\/site.zile.bel.tr\/wp-content\/uploads\/2024\/02\/422264767_419302760477479_2864877736895010217_n-300x200.jpg 300w, http:\/\/site.zile.bel.tr\/wp-content\/uploads\/2024\/02\/422264767_419302760477479_2864877736895010217_n-1024x682.jpg 1024w, http:\/\/site.zile.bel.tr\/wp-content\/uploads\/2024\/02\/422264767_419302760477479_2864877736895010217_n-768x512.jpg 768w, http:\/\/site.zile.bel.tr\/wp-content\/uploads\/2024\/02\/422264767_419302760477479_2864877736895010217_n-1536x1023.jpg 1536w, http:\/\/site.zile.bel.tr\/wp-content\/uploads\/2024\/02\/422264767_419302760477479_2864877736895010217_n.jpg 1600w\" sizes=\"auto, (max-width: 800px) 100vw, 800px\" \/><\/div>\n","protected":false},"excerpt":{"rendered":"<p>Zile Engellilere Meslek Kazand\u0131rma ve Dayan\u0131\u015fma derne\u011fi taraf\u0131ndan il\u00e7e protokol\u00fcne kursiyer \u00f6\u011frencilerin yapm\u0131\u015f oldu\u011fu yemekler ikram edildi. D\u00fczenlenen etkinli\u011fe Zile Kaymakam\u0131 Mehmet Ali Aky\u00fcz, Zile Belediye Ba\u015fkan\u0131 \u015e\u00fckr\u00fc Sarg\u0131n ve il\u00e7e protokol\u00fc kat\u0131ld\u0131. \u00d6zel karde\u015flerin istek ve taleplerini dinleyen ba\u015fkan Sarg\u0131n, bug\u00fcne kadar oldu\u011fu gibi her zaman yanlar\u0131nda olduklar\u0131n\u0131 ve olmaya devam edeceklerini belirtti.<\/p>\n","protected":false},"author":1,"featured_media":6822,"comment_status":"open","ping_status":"open","sticky":false,"template":"","format":"standard","meta":{"footnotes":""},"categories":[11],"tags":[],"class_list":["post-6820","post","type-post","status-publish","format-standard","has-post-thumbnail","hentry","category-haberler"],"_links":{"self":[{"href":"http:\/\/site.zile.bel.tr\/index.php\/wp-json\/wp\/v2\/posts\/6820","targetHints":{"allow":["GET"]}}],"collection":[{"href":"http:\/\/site.zile.bel.tr\/index.php\/wp-json\/wp\/v2\/posts"}],"about":[{"href":"http:\/\/site.zile.bel.tr\/index.php\/wp-json\/wp\/v2\/types\/post"}],"author":[{"embeddable":true,"href":"http:\/\/site.zile.bel.tr\/index.php\/wp-json\/wp\/v2\/users\/1"}],"replies":[{"embeddable":true,"href":"http:\/\/site.zile.bel.tr\/index.php\/wp-json\/wp\/v2\/comments?post=6820"}],"version-history":[{"count":1,"href":"http:\/\/site.zile.bel.tr\/index.php\/wp-json\/wp\/v2\/posts\/6820\/revisions"}],"predecessor-version":[{"id":6824,"href":"http:\/\/site.zile.bel.tr\/index.php\/wp-json\/wp\/v2\/posts\/6820\/revisions\/6824"}],"wp:featuredmedia":[{"embeddable":true,"href":"http:\/\/site.zile.bel.tr\/index.php\/wp-json\/wp\/v2\/media\/6822"}],"wp:attachment":[{"href":"http:\/\/site.zile.bel.tr\/index.php\/wp-json\/wp\/v2\/media?parent=6820"}],"wp:term":[{"taxonomy":"category","embeddable":true,"href":"http:\/\/site.zile.bel.tr\/index.php\/wp-json\/wp\/v2\/categories?post=6820"},{"taxonomy":"post_tag","embeddable":true,"href":"http:\/\/site.zile.bel.tr\/index.php\/wp-json\/wp\/v2\/tags?post=6820"}],"curies":[{"name":"wp","href":"https:\/\/api.w.org\/{rel}","templated":true}]}}