{"id":6825,"date":"2024-01-30T15:23:32","date_gmt":"2024-01-30T12:23:32","guid":{"rendered":"https:\/\/site.zile.bel.tr\/?p=6825"},"modified":"2024-02-07T15:25:12","modified_gmt":"2024-02-07T12:25:12","slug":"zile-belediyesporda-3-yeni-transfer","status":"publish","type":"post","link":"http:\/\/site.zile.bel.tr\/index.php\/2024\/01\/30\/zile-belediyesporda-3-yeni-transfer\/","title":{"rendered":"Zile Belediyespor&#8217;da 3 yeni transfer"},"content":{"rendered":"<div class=\"xdj266r x11i5rnm xat24cr x1mh8g0r x1vvkbs x126k92a\">\n<div dir=\"auto\">Zile Belediyespor&#8217;da 3 yeni transfer<\/div>\n<div dir=\"auto\"><img loading=\"lazy\" decoding=\"async\" class=\"alignnone wp-image-6826\" src=\"http:\/\/site.zile.bel.tr\/wp-content\/uploads\/2024\/02\/423779767_421634593577629_1339310474647075454_n-300x200.jpg\" alt=\"\" width=\"800\" height=\"533\" srcset=\"http:\/\/site.zile.bel.tr\/wp-content\/uploads\/2024\/02\/423779767_421634593577629_1339310474647075454_n-300x200.jpg 300w, http:\/\/site.zile.bel.tr\/wp-content\/uploads\/2024\/02\/423779767_421634593577629_1339310474647075454_n-1024x682.jpg 1024w, http:\/\/site.zile.bel.tr\/wp-content\/uploads\/2024\/02\/423779767_421634593577629_1339310474647075454_n-768x512.jpg 768w, http:\/\/site.zile.bel.tr\/wp-content\/uploads\/2024\/02\/423779767_421634593577629_1339310474647075454_n-1536x1023.jpg 1536w, http:\/\/site.zile.bel.tr\/wp-content\/uploads\/2024\/02\/423779767_421634593577629_1339310474647075454_n.jpg 1600w\" sizes=\"auto, (max-width: 800px) 100vw, 800px\" \/><\/div>\n<\/div>\n<div class=\"x11i5rnm xat24cr x1mh8g0r x1vvkbs xtlvy1s x126k92a\">\n<div dir=\"auto\">Tokat 1. Amat\u00f6r Liginde m\u00fccadele eden Zile Belediye spor, Kadir Karakaya, Batuhan Karada\u011f ile Onur \u00c7etin&#8217;ni kadrosuna katt\u0131. Yeni transferler Zile Belediye Ba\u015fkan\u0131 \u015e\u00fckr\u00fc Sarg\u0131n\u2019\u0131 makam\u0131nda ziyaret ederek desteklerinden dolay\u0131 te\u015fekk\u00fcr etti.<\/div>\n<\/div>\n<div class=\"x11i5rnm xat24cr x1mh8g0r x1vvkbs xtlvy1s x126k92a\">\n<div dir=\"auto\">Ara transfer d\u00f6neminde kadrosunu g\u00fc\u00e7lendiren Zile Belediyespor \u015fampiyonluk parolas\u0131 ile \u00e7\u0131kt\u0131\u011f\u0131 bu sezon Erbaa 2023 Spor Kul\u00fcb\u00fc\u2019nden 3 sporcu ile s\u00f6zle\u015fme imzalad\u0131.<\/div>\n<div dir=\"auto\">Zile Belediye Ba\u015fkan\u0131 \u015e\u00fckr\u00fc Sarg\u0131n, \u201cB\u00f6lgesel Amat\u00f6r Ligi\u2019ne y\u00fckselmek i\u00e7in \u00e7aba g\u00f6steren Zile Belediye spor y\u00f6netimi ve teknik heyetine te\u015fekk\u00fcr ederim. Futbol camias\u0131nda \u00f6nemli bir yere sahip olan tak\u0131m\u0131m\u0131z\u0131n ciddi ad\u0131mlar atmaktad\u0131r. Transfer olan sporcular\u0131m\u0131za ho\u015f geldiniz diyorum\u201d dedi.<\/div>\n<div dir=\"auto\">Kul\u00fcp ba\u015fkan\u0131 Aykut Y\u0131ld\u0131r\u0131m ve teknik direkt\u00f6r G\u00f6khan Yi\u011fit, Ba\u015fkan Sarg\u0131n ve ba\u015fkan yard\u0131mc\u0131s\u0131 \u0130brahim Ceyhan\u2019a katk\u0131lar\u0131ndan dolay\u0131 te\u015fekk\u00fcr etti.<\/div>\n<\/div>\n","protected":false},"excerpt":{"rendered":"<p>Zile Belediyespor&#8217;da 3 yeni transfer Tokat 1. Amat\u00f6r Liginde m\u00fccadele eden Zile Belediye spor, Kadir Karakaya, Batuhan Karada\u011f ile Onur \u00c7etin&#8217;ni kadrosuna katt\u0131. Yeni transferler Zile Belediye Ba\u015fkan\u0131 \u015e\u00fckr\u00fc Sarg\u0131n\u2019\u0131 makam\u0131nda ziyaret ederek desteklerinden dolay\u0131 te\u015fekk\u00fcr etti. Ara transfer d\u00f6neminde kadrosunu g\u00fc\u00e7lendiren Zile Belediyespor \u015fampiyonluk parolas\u0131 ile \u00e7\u0131kt\u0131\u011f\u0131 bu sezon Erbaa 2023 Spor Kul\u00fcb\u00fc\u2019nden 3 [&hellip;]<\/p>\n","protected":false},"author":1,"featured_media":6826,"comment_status":"open","ping_status":"open","sticky":false,"template":"","format":"standard","meta":{"footnotes":""},"categories":[11],"tags":[],"class_list":["post-6825","post","type-post","status-publish","format-standard","has-post-thumbnail","hentry","category-haberler"],"_links":{"self":[{"href":"http:\/\/site.zile.bel.tr\/index.php\/wp-json\/wp\/v2\/posts\/6825","targetHints":{"allow":["GET"]}}],"collection":[{"href":"http:\/\/site.zile.bel.tr\/index.php\/wp-json\/wp\/v2\/posts"}],"about":[{"href":"http:\/\/site.zile.bel.tr\/index.php\/wp-json\/wp\/v2\/types\/post"}],"author":[{"embeddable":true,"href":"http:\/\/site.zile.bel.tr\/index.php\/wp-json\/wp\/v2\/users\/1"}],"replies":[{"embeddable":true,"href":"http:\/\/site.zile.bel.tr\/index.php\/wp-json\/wp\/v2\/comments?post=6825"}],"version-history":[{"count":1,"href":"http:\/\/site.zile.bel.tr\/index.php\/wp-json\/wp\/v2\/posts\/6825\/revisions"}],"predecessor-version":[{"id":6827,"href":"http:\/\/site.zile.bel.tr\/index.php\/wp-json\/wp\/v2\/posts\/6825\/revisions\/6827"}],"wp:featuredmedia":[{"embeddable":true,"href":"http:\/\/site.zile.bel.tr\/index.php\/wp-json\/wp\/v2\/media\/6826"}],"wp:attachment":[{"href":"http:\/\/site.zile.bel.tr\/index.php\/wp-json\/wp\/v2\/media?parent=6825"}],"wp:term":[{"taxonomy":"category","embeddable":true,"href":"http:\/\/site.zile.bel.tr\/index.php\/wp-json\/wp\/v2\/categories?post=6825"},{"taxonomy":"post_tag","embeddable":true,"href":"http:\/\/site.zile.bel.tr\/index.php\/wp-json\/wp\/v2\/tags?post=6825"}],"curies":[{"name":"wp","href":"https:\/\/api.w.org\/{rel}","templated":true}]}}