{"id":6859,"date":"2024-02-07T15:41:41","date_gmt":"2024-02-07T12:41:41","guid":{"rendered":"https:\/\/site.zile.bel.tr\/?p=6859"},"modified":"2024-02-07T15:41:41","modified_gmt":"2024-02-07T12:41:41","slug":"yuksek-zam-alan-iscilerden-baskan-sargina-tesekkur","status":"publish","type":"post","link":"http:\/\/site.zile.bel.tr\/index.php\/2024\/02\/07\/yuksek-zam-alan-iscilerden-baskan-sargina-tesekkur\/","title":{"rendered":"Y\u00dcKSEK ZAM ALAN \u0130\u015e\u00c7\u0130LERDEN BA\u015eKAN SARGIN\u2019A TE\u015eEKK\u00dcR"},"content":{"rendered":"<div class=\"xdj266r x11i5rnm xat24cr x1mh8g0r x1vvkbs x126k92a\">\n<div dir=\"auto\">Y\u00dcKSEK ZAM ALAN \u0130\u015e\u00c7\u0130LERDEN BA\u015eKAN SARGIN\u2019A TE\u015eEKK\u00dcR<\/div>\n<div dir=\"auto\"><img loading=\"lazy\" decoding=\"async\" class=\"alignnone wp-image-6860\" src=\"http:\/\/site.zile.bel.tr\/wp-content\/uploads\/2024\/02\/426073965_426311729776582_5648115889645394881_n-300x200.jpg\" alt=\"\" width=\"800\" height=\"533\" srcset=\"http:\/\/site.zile.bel.tr\/wp-content\/uploads\/2024\/02\/426073965_426311729776582_5648115889645394881_n-300x200.jpg 300w, http:\/\/site.zile.bel.tr\/wp-content\/uploads\/2024\/02\/426073965_426311729776582_5648115889645394881_n-1024x682.jpg 1024w, http:\/\/site.zile.bel.tr\/wp-content\/uploads\/2024\/02\/426073965_426311729776582_5648115889645394881_n-768x512.jpg 768w, http:\/\/site.zile.bel.tr\/wp-content\/uploads\/2024\/02\/426073965_426311729776582_5648115889645394881_n-1536x1023.jpg 1536w, http:\/\/site.zile.bel.tr\/wp-content\/uploads\/2024\/02\/426073965_426311729776582_5648115889645394881_n.jpg 1600w\" sizes=\"auto, (max-width: 800px) 100vw, 800px\" \/><\/div>\n<\/div>\n<div class=\"x11i5rnm xat24cr x1mh8g0r x1vvkbs xtlvy1s x126k92a\">\n<div dir=\"auto\">Zile Belediyesi Ba\u015fkan\u0131 \u015e\u00fckr\u00fc Sarg\u0131n personelini sevindiren bir s\u00f6zle\u015fmeye imza att\u0131. Zile Belediyesi ile Hizmet \u0130\u015f Sendikas\u0131 aras\u0131nda imzalanan toplu s\u00f6zle\u015fme gere\u011fi kadrolu i\u015f\u00e7i maa\u015f\u0131na y\u00fczde 106 zam yap\u0131ld\u0131. Yap\u0131lan bu zamdan dolay\u0131 memnun olduklar\u0131n\u0131 ifade eden Belediye \u00e7al\u0131\u015fanlar\u0131 Zile Belediye Ba\u015fkan\u0131 \u015e\u00fckr\u00fc Sarg\u0131n\u2019\u0131 makam\u0131nda ziyaret ederek te\u015fekk\u00fcr ettiler.<\/div>\n<div dir=\"auto\"><img loading=\"lazy\" decoding=\"async\" class=\"alignnone wp-image-6861\" src=\"http:\/\/site.zile.bel.tr\/wp-content\/uploads\/2024\/02\/426152249_426311696443252_2129960858076494407_n-300x200.jpg\" alt=\"\" width=\"800\" height=\"533\" srcset=\"http:\/\/site.zile.bel.tr\/wp-content\/uploads\/2024\/02\/426152249_426311696443252_2129960858076494407_n-300x200.jpg 300w, http:\/\/site.zile.bel.tr\/wp-content\/uploads\/2024\/02\/426152249_426311696443252_2129960858076494407_n-1024x682.jpg 1024w, http:\/\/site.zile.bel.tr\/wp-content\/uploads\/2024\/02\/426152249_426311696443252_2129960858076494407_n-768x512.jpg 768w, http:\/\/site.zile.bel.tr\/wp-content\/uploads\/2024\/02\/426152249_426311696443252_2129960858076494407_n-1536x1023.jpg 1536w, http:\/\/site.zile.bel.tr\/wp-content\/uploads\/2024\/02\/426152249_426311696443252_2129960858076494407_n.jpg 1600w\" sizes=\"auto, (max-width: 800px) 100vw, 800px\" \/><\/div>\n<div dir=\"auto\"><\/div>\n<\/div>\n<div class=\"x11i5rnm xat24cr x1mh8g0r x1vvkbs xtlvy1s x126k92a\">\n<div dir=\"auto\">\u0130mzalanan s\u00f6zle\u015fme gere\u011fi maa\u015f zamm\u0131n\u0131n hay\u0131rl\u0131 olmas\u0131n\u0131 belirten Zile Belediye Ba\u015fkan\u0131 \u015e\u00fckr\u00fc Sarg\u0131n, \u201cSizlerin hayat standard\u0131na takviye edecek en iyi rakam\u0131 vermeye \u00e7al\u0131\u015ft\u0131k. Sizlerin g\u00f6nl\u00fcnden ge\u00e7en ve istedi\u011finiz rakam\u0131 vermi\u015f olduk. \u0130n\u015fallah bu zamana kadar oldu\u011fu gibi bundan sonra da en iyi \u015fekilde bu \u015fehre hizmet etmeye devam edece\u011fiz\u201d dedi.<\/div>\n<\/div>\n","protected":false},"excerpt":{"rendered":"<p>Y\u00dcKSEK ZAM ALAN \u0130\u015e\u00c7\u0130LERDEN BA\u015eKAN SARGIN\u2019A TE\u015eEKK\u00dcR Zile Belediyesi Ba\u015fkan\u0131 \u015e\u00fckr\u00fc Sarg\u0131n personelini sevindiren bir s\u00f6zle\u015fmeye imza att\u0131. Zile Belediyesi ile Hizmet \u0130\u015f Sendikas\u0131 aras\u0131nda imzalanan toplu s\u00f6zle\u015fme gere\u011fi kadrolu i\u015f\u00e7i maa\u015f\u0131na y\u00fczde 106 zam yap\u0131ld\u0131. Yap\u0131lan bu zamdan dolay\u0131 memnun olduklar\u0131n\u0131 ifade eden Belediye \u00e7al\u0131\u015fanlar\u0131 Zile Belediye Ba\u015fkan\u0131 \u015e\u00fckr\u00fc Sarg\u0131n\u2019\u0131 makam\u0131nda ziyaret ederek te\u015fekk\u00fcr [&hellip;]<\/p>\n","protected":false},"author":1,"featured_media":6861,"comment_status":"open","ping_status":"open","sticky":false,"template":"","format":"standard","meta":{"footnotes":""},"categories":[11],"tags":[],"class_list":["post-6859","post","type-post","status-publish","format-standard","has-post-thumbnail","hentry","category-haberler"],"_links":{"self":[{"href":"http:\/\/site.zile.bel.tr\/index.php\/wp-json\/wp\/v2\/posts\/6859","targetHints":{"allow":["GET"]}}],"collection":[{"href":"http:\/\/site.zile.bel.tr\/index.php\/wp-json\/wp\/v2\/posts"}],"about":[{"href":"http:\/\/site.zile.bel.tr\/index.php\/wp-json\/wp\/v2\/types\/post"}],"author":[{"embeddable":true,"href":"http:\/\/site.zile.bel.tr\/index.php\/wp-json\/wp\/v2\/users\/1"}],"replies":[{"embeddable":true,"href":"http:\/\/site.zile.bel.tr\/index.php\/wp-json\/wp\/v2\/comments?post=6859"}],"version-history":[{"count":1,"href":"http:\/\/site.zile.bel.tr\/index.php\/wp-json\/wp\/v2\/posts\/6859\/revisions"}],"predecessor-version":[{"id":6862,"href":"http:\/\/site.zile.bel.tr\/index.php\/wp-json\/wp\/v2\/posts\/6859\/revisions\/6862"}],"wp:featuredmedia":[{"embeddable":true,"href":"http:\/\/site.zile.bel.tr\/index.php\/wp-json\/wp\/v2\/media\/6861"}],"wp:attachment":[{"href":"http:\/\/site.zile.bel.tr\/index.php\/wp-json\/wp\/v2\/media?parent=6859"}],"wp:term":[{"taxonomy":"category","embeddable":true,"href":"http:\/\/site.zile.bel.tr\/index.php\/wp-json\/wp\/v2\/categories?post=6859"},{"taxonomy":"post_tag","embeddable":true,"href":"http:\/\/site.zile.bel.tr\/index.php\/wp-json\/wp\/v2\/tags?post=6859"}],"curies":[{"name":"wp","href":"https:\/\/api.w.org\/{rel}","templated":true}]}}