{"id":6964,"date":"2024-02-23T16:09:31","date_gmt":"2024-02-23T13:09:31","guid":{"rendered":"https:\/\/site.zile.bel.tr\/?p=6964"},"modified":"2024-02-27T16:12:42","modified_gmt":"2024-02-27T13:12:42","slug":"ak-parti-zile-belediye-baskan-adayi-mustafa-tastan-ve-siyasi-parti-uyeleri-zile-belediye-baskani-sukru-sargini-makaminda-ziyaret-etti","status":"publish","type":"post","link":"http:\/\/site.zile.bel.tr\/index.php\/2024\/02\/23\/ak-parti-zile-belediye-baskan-adayi-mustafa-tastan-ve-siyasi-parti-uyeleri-zile-belediye-baskani-sukru-sargini-makaminda-ziyaret-etti\/","title":{"rendered":"AK Parti Zile Belediye Ba\u015fkan Aday\u0131 Mustafa Ta\u015ftan ve siyasi parti \u00fcyeleri, Zile Belediye Ba\u015fkan\u0131 \u015e\u00fckr\u00fc Sarg\u0131n&#8217;\u0131 Makam\u0131nda Ziyaret Etti"},"content":{"rendered":"<div class=\"xdj266r x11i5rnm xat24cr x1mh8g0r x1vvkbs x126k92a\">\n<div dir=\"auto\">AK Parti Zile Belediye Ba\u015fkan Aday\u0131 Mustafa Ta\u015ftan ve siyasi parti \u00fcyeleri, Zile Belediye Ba\u015fkan\u0131 \u015e\u00fckr\u00fc Sarg\u0131n&#8217;\u0131 makam\u0131nda ziyaret etti.<\/div>\n<\/div>\n<div class=\"x11i5rnm xat24cr x1mh8g0r x1vvkbs xtlvy1s x126k92a\">\n<div dir=\"auto\">Ba\u015fkan Sarg\u0131n, Ba\u015fkan Aday\u0131 Mustafa Ta\u015ftan&#8217;a nazik ziyaretleri i\u00e7in te\u015fekk\u00fcr etti. Yerel se\u00e7imlerin memleketimize ve milletimize hay\u0131rl\u0131 olmas\u0131n\u0131 temenni ettiklerini dile getirdi.<\/div>\n<div dir=\"auto\">\u00a0<img loading=\"lazy\" decoding=\"async\" class=\"alignnone wp-image-6966\" src=\"http:\/\/site.zile.bel.tr\/wp-content\/uploads\/2024\/02\/428638894_435749928832762_8017404509121069361_n-300x200.jpg\" alt=\"\" width=\"800\" height=\"533\" srcset=\"http:\/\/site.zile.bel.tr\/wp-content\/uploads\/2024\/02\/428638894_435749928832762_8017404509121069361_n-300x200.jpg 300w, http:\/\/site.zile.bel.tr\/wp-content\/uploads\/2024\/02\/428638894_435749928832762_8017404509121069361_n-1024x682.jpg 1024w, http:\/\/site.zile.bel.tr\/wp-content\/uploads\/2024\/02\/428638894_435749928832762_8017404509121069361_n-768x512.jpg 768w, http:\/\/site.zile.bel.tr\/wp-content\/uploads\/2024\/02\/428638894_435749928832762_8017404509121069361_n-1536x1023.jpg 1536w, http:\/\/site.zile.bel.tr\/wp-content\/uploads\/2024\/02\/428638894_435749928832762_8017404509121069361_n.jpg 1600w\" sizes=\"auto, (max-width: 800px) 100vw, 800px\" \/><\/div>\n<\/div>\n<div dir=\"auto\"><img loading=\"lazy\" decoding=\"async\" class=\"alignnone wp-image-6965\" src=\"http:\/\/site.zile.bel.tr\/wp-content\/uploads\/2024\/02\/428632213_435749948832760_3744124877904002381_n-300x200.jpg\" alt=\"\" width=\"800\" height=\"533\" srcset=\"http:\/\/site.zile.bel.tr\/wp-content\/uploads\/2024\/02\/428632213_435749948832760_3744124877904002381_n-300x200.jpg 300w, http:\/\/site.zile.bel.tr\/wp-content\/uploads\/2024\/02\/428632213_435749948832760_3744124877904002381_n-1024x682.jpg 1024w, http:\/\/site.zile.bel.tr\/wp-content\/uploads\/2024\/02\/428632213_435749948832760_3744124877904002381_n-768x512.jpg 768w, http:\/\/site.zile.bel.tr\/wp-content\/uploads\/2024\/02\/428632213_435749948832760_3744124877904002381_n-1536x1023.jpg 1536w, http:\/\/site.zile.bel.tr\/wp-content\/uploads\/2024\/02\/428632213_435749948832760_3744124877904002381_n.jpg 1600w\" sizes=\"auto, (max-width: 800px) 100vw, 800px\" \/><\/div>\n<div class=\"x11i5rnm xat24cr x1mh8g0r x1vvkbs xtlvy1s x126k92a\">\n<div dir=\"auto\"><\/div>\n<\/div>\n","protected":false},"excerpt":{"rendered":"<p>AK Parti Zile Belediye Ba\u015fkan Aday\u0131 Mustafa Ta\u015ftan ve siyasi parti \u00fcyeleri, Zile Belediye Ba\u015fkan\u0131 \u015e\u00fckr\u00fc Sarg\u0131n&#8217;\u0131 makam\u0131nda ziyaret etti. Ba\u015fkan Sarg\u0131n, Ba\u015fkan Aday\u0131 Mustafa Ta\u015ftan&#8217;a nazik ziyaretleri i\u00e7in te\u015fekk\u00fcr etti. Yerel se\u00e7imlerin memleketimize ve milletimize hay\u0131rl\u0131 olmas\u0131n\u0131 temenni ettiklerini dile getirdi. \u00a0<\/p>\n","protected":false},"author":1,"featured_media":6966,"comment_status":"open","ping_status":"open","sticky":false,"template":"","format":"standard","meta":{"footnotes":""},"categories":[11],"tags":[],"class_list":["post-6964","post","type-post","status-publish","format-standard","has-post-thumbnail","hentry","category-haberler"],"_links":{"self":[{"href":"http:\/\/site.zile.bel.tr\/index.php\/wp-json\/wp\/v2\/posts\/6964","targetHints":{"allow":["GET"]}}],"collection":[{"href":"http:\/\/site.zile.bel.tr\/index.php\/wp-json\/wp\/v2\/posts"}],"about":[{"href":"http:\/\/site.zile.bel.tr\/index.php\/wp-json\/wp\/v2\/types\/post"}],"author":[{"embeddable":true,"href":"http:\/\/site.zile.bel.tr\/index.php\/wp-json\/wp\/v2\/users\/1"}],"replies":[{"embeddable":true,"href":"http:\/\/site.zile.bel.tr\/index.php\/wp-json\/wp\/v2\/comments?post=6964"}],"version-history":[{"count":1,"href":"http:\/\/site.zile.bel.tr\/index.php\/wp-json\/wp\/v2\/posts\/6964\/revisions"}],"predecessor-version":[{"id":6967,"href":"http:\/\/site.zile.bel.tr\/index.php\/wp-json\/wp\/v2\/posts\/6964\/revisions\/6967"}],"wp:featuredmedia":[{"embeddable":true,"href":"http:\/\/site.zile.bel.tr\/index.php\/wp-json\/wp\/v2\/media\/6966"}],"wp:attachment":[{"href":"http:\/\/site.zile.bel.tr\/index.php\/wp-json\/wp\/v2\/media?parent=6964"}],"wp:term":[{"taxonomy":"category","embeddable":true,"href":"http:\/\/site.zile.bel.tr\/index.php\/wp-json\/wp\/v2\/categories?post=6964"},{"taxonomy":"post_tag","embeddable":true,"href":"http:\/\/site.zile.bel.tr\/index.php\/wp-json\/wp\/v2\/tags?post=6964"}],"curies":[{"name":"wp","href":"https:\/\/api.w.org\/{rel}","templated":true}]}}