{"id":6971,"date":"2024-02-26T13:15:44","date_gmt":"2024-02-26T10:15:44","guid":{"rendered":"https:\/\/site.zile.bel.tr\/?p=6971"},"modified":"2024-02-27T16:19:18","modified_gmt":"2024-02-27T13:19:18","slug":"zile-kaymakamligi-vergi-dairesi-muduru-firat-gurkan-ozkan-ve-personel-heyeti-zile-belediye-baskani-sukru-sargini-makaminda-ziyaret-etti","status":"publish","type":"post","link":"http:\/\/site.zile.bel.tr\/index.php\/2024\/02\/26\/zile-kaymakamligi-vergi-dairesi-muduru-firat-gurkan-ozkan-ve-personel-heyeti-zile-belediye-baskani-sukru-sargini-makaminda-ziyaret-etti\/","title":{"rendered":"Zile Kaymakaml\u0131\u011f\u0131 Vergi Dairesi M\u00fcd\u00fcr\u00fc F\u0131rat G\u00fcrkan \u00d6zkan ve Personel Heyeti, Zile Belediye Ba\u015fkan\u0131 \u015e\u00fckr\u00fc Sarg\u0131n\u2019\u0131 Makam\u0131nda Ziyaret Etti"},"content":{"rendered":"<p>Vergi haftas\u0131 nedeniyle Zile Kaymakaml\u0131\u011f\u0131 Vergi Dairesi M\u00fcd\u00fcr\u00fc F\u0131rat G\u00fcrkan \u00d6zkan ve personel heyeti Zile Belediye Ba\u015fkan\u0131 \u015e\u00fckr\u00fc Sarg\u0131n\u2019\u0131 makam\u0131nda ziyaret etti.<\/p>\n<p>Ba\u015fkan Sarg\u0131n, ziyaretlerinden dolay\u0131 say\u0131n m\u00fcd\u00fcr ve personellere te\u015fekk\u00fcr etti.<\/p>\n<p><img loading=\"lazy\" decoding=\"async\" class=\"alignnone wp-image-6972\" src=\"http:\/\/site.zile.bel.tr\/wp-content\/uploads\/2024\/02\/428698978_437473891993699_9010755131450217791_n-300x200.jpg\" alt=\"\" width=\"800\" height=\"533\" srcset=\"http:\/\/site.zile.bel.tr\/wp-content\/uploads\/2024\/02\/428698978_437473891993699_9010755131450217791_n-300x200.jpg 300w, http:\/\/site.zile.bel.tr\/wp-content\/uploads\/2024\/02\/428698978_437473891993699_9010755131450217791_n-1024x682.jpg 1024w, http:\/\/site.zile.bel.tr\/wp-content\/uploads\/2024\/02\/428698978_437473891993699_9010755131450217791_n-768x512.jpg 768w, http:\/\/site.zile.bel.tr\/wp-content\/uploads\/2024\/02\/428698978_437473891993699_9010755131450217791_n-1536x1023.jpg 1536w, http:\/\/site.zile.bel.tr\/wp-content\/uploads\/2024\/02\/428698978_437473891993699_9010755131450217791_n.jpg 1600w\" sizes=\"auto, (max-width: 800px) 100vw, 800px\" \/><\/p>\n<p><img loading=\"lazy\" decoding=\"async\" class=\"alignnone wp-image-6973\" src=\"http:\/\/site.zile.bel.tr\/wp-content\/uploads\/2024\/02\/430177822_437473918660363_3048661231269982176_n-300x200.jpg\" alt=\"\" width=\"800\" height=\"533\" srcset=\"http:\/\/site.zile.bel.tr\/wp-content\/uploads\/2024\/02\/430177822_437473918660363_3048661231269982176_n-300x200.jpg 300w, http:\/\/site.zile.bel.tr\/wp-content\/uploads\/2024\/02\/430177822_437473918660363_3048661231269982176_n-1024x682.jpg 1024w, http:\/\/site.zile.bel.tr\/wp-content\/uploads\/2024\/02\/430177822_437473918660363_3048661231269982176_n-768x512.jpg 768w, http:\/\/site.zile.bel.tr\/wp-content\/uploads\/2024\/02\/430177822_437473918660363_3048661231269982176_n-1536x1023.jpg 1536w, http:\/\/site.zile.bel.tr\/wp-content\/uploads\/2024\/02\/430177822_437473918660363_3048661231269982176_n.jpg 1600w\" sizes=\"auto, (max-width: 800px) 100vw, 800px\" \/><\/p>\n","protected":false},"excerpt":{"rendered":"<p>Vergi haftas\u0131 nedeniyle Zile Kaymakaml\u0131\u011f\u0131 Vergi Dairesi M\u00fcd\u00fcr\u00fc F\u0131rat G\u00fcrkan \u00d6zkan ve personel heyeti Zile Belediye Ba\u015fkan\u0131 \u015e\u00fckr\u00fc Sarg\u0131n\u2019\u0131 makam\u0131nda ziyaret etti. Ba\u015fkan Sarg\u0131n, ziyaretlerinden dolay\u0131 say\u0131n m\u00fcd\u00fcr ve personellere te\u015fekk\u00fcr etti.<\/p>\n","protected":false},"author":1,"featured_media":6972,"comment_status":"open","ping_status":"open","sticky":false,"template":"","format":"standard","meta":{"footnotes":""},"categories":[11],"tags":[],"class_list":["post-6971","post","type-post","status-publish","format-standard","has-post-thumbnail","hentry","category-haberler"],"_links":{"self":[{"href":"http:\/\/site.zile.bel.tr\/index.php\/wp-json\/wp\/v2\/posts\/6971","targetHints":{"allow":["GET"]}}],"collection":[{"href":"http:\/\/site.zile.bel.tr\/index.php\/wp-json\/wp\/v2\/posts"}],"about":[{"href":"http:\/\/site.zile.bel.tr\/index.php\/wp-json\/wp\/v2\/types\/post"}],"author":[{"embeddable":true,"href":"http:\/\/site.zile.bel.tr\/index.php\/wp-json\/wp\/v2\/users\/1"}],"replies":[{"embeddable":true,"href":"http:\/\/site.zile.bel.tr\/index.php\/wp-json\/wp\/v2\/comments?post=6971"}],"version-history":[{"count":2,"href":"http:\/\/site.zile.bel.tr\/index.php\/wp-json\/wp\/v2\/posts\/6971\/revisions"}],"predecessor-version":[{"id":6975,"href":"http:\/\/site.zile.bel.tr\/index.php\/wp-json\/wp\/v2\/posts\/6971\/revisions\/6975"}],"wp:featuredmedia":[{"embeddable":true,"href":"http:\/\/site.zile.bel.tr\/index.php\/wp-json\/wp\/v2\/media\/6972"}],"wp:attachment":[{"href":"http:\/\/site.zile.bel.tr\/index.php\/wp-json\/wp\/v2\/media?parent=6971"}],"wp:term":[{"taxonomy":"category","embeddable":true,"href":"http:\/\/site.zile.bel.tr\/index.php\/wp-json\/wp\/v2\/categories?post=6971"},{"taxonomy":"post_tag","embeddable":true,"href":"http:\/\/site.zile.bel.tr\/index.php\/wp-json\/wp\/v2\/tags?post=6971"}],"curies":[{"name":"wp","href":"https:\/\/api.w.org\/{rel}","templated":true}]}}